{"id":445620,"date":"2025-10-07T18:23:11","date_gmt":"2025-10-07T18:23:11","guid":{"rendered":"https:\/\/www.europesays.com\/fr\/445620\/"},"modified":"2025-10-07T18:23:11","modified_gmt":"2025-10-07T18:23:11","slug":"saint-etienne-la-terrasse-hackerspace-un-nouvel-espace-pour-lutter-contre-les-cyberviolences","status":"publish","type":"post","link":"https:\/\/www.europesays.com\/fr\/445620\/","title":{"rendered":"Saint-\u00c9tienne\/La Terrasse. Hackerspace, un nouvel espace pour lutter contre les cyberviolences"},"content":{"rendered":"<p>Porte-cl\u00e9s, radio-r\u00e9veil, chaussures, d\u00e9tecteur de fum\u00e9e\u2026 Les moyens d\u2019exercer des cyberviolences sont nombreux. \u00ab\u00a0Il y a un marketing autour des objets connect\u00e9s, tr\u00e8s faciles d\u2019acc\u00e8s. Mais ils peuvent devenir des objets de surveillance pour filmer, \u00e9couter, localiser\u2026\u00a0\u00bb, estime Thibaut Rousseau, m\u00e9diateur num\u00e9rique au sein de Zoomacom. L\u2019association en a rassembl\u00e9 une vingtaine dans une mallette, dans le cadre de son projet de hackerspace, un p\u00f4le d\u2019exp\u00e9rimentation&#8230;<\/p>\n","protected":false},"excerpt":{"rendered":"Porte-cl\u00e9s, radio-r\u00e9veil, chaussures, d\u00e9tecteur de fum\u00e9e\u2026 Les moyens d\u2019exercer des cyberviolences sont nombreux. \u00ab\u00a0Il y a un marketing&hellip;\n","protected":false},"author":2,"featured_media":445621,"comment_status":"","ping_status":"","sticky":false,"template":"","format":"standard","meta":{"footnotes":""},"categories":[9653],"tags":[1111,11,2430,7539,1777,674,1011,27,12,25,4001,7538,104,1631],"class_list":{"0":"post-445620","1":"post","2":"type-post","3":"status-publish","4":"format-standard","5":"has-post-thumbnail","7":"category-saint-etienne","8":"tag-actu","9":"tag-actualites","10":"tag-auvergne-rhone-alpes","11":"tag-edition-loire-sud","12":"tag-eu","13":"tag-europe","14":"tag-fr","15":"tag-france","16":"tag-news","17":"tag-republique-francaise","18":"tag-saint-etienne","19":"tag-saint-etienne-ville","20":"tag-societe","21":"tag-vie-associative"},"share_on_mastodon":{"url":"https:\/\/pubeurope.com\/@fr\/115334283451404905","error":""},"_links":{"self":[{"href":"https:\/\/www.europesays.com\/fr\/wp-json\/wp\/v2\/posts\/445620","targetHints":{"allow":["GET"]}}],"collection":[{"href":"https:\/\/www.europesays.com\/fr\/wp-json\/wp\/v2\/posts"}],"about":[{"href":"https:\/\/www.europesays.com\/fr\/wp-json\/wp\/v2\/types\/post"}],"author":[{"embeddable":true,"href":"https:\/\/www.europesays.com\/fr\/wp-json\/wp\/v2\/users\/2"}],"replies":[{"embeddable":true,"href":"https:\/\/www.europesays.com\/fr\/wp-json\/wp\/v2\/comments?post=445620"}],"version-history":[{"count":0,"href":"https:\/\/www.europesays.com\/fr\/wp-json\/wp\/v2\/posts\/445620\/revisions"}],"wp:featuredmedia":[{"embeddable":true,"href":"https:\/\/www.europesays.com\/fr\/wp-json\/wp\/v2\/media\/445621"}],"wp:attachment":[{"href":"https:\/\/www.europesays.com\/fr\/wp-json\/wp\/v2\/media?parent=445620"}],"wp:term":[{"taxonomy":"category","embeddable":true,"href":"https:\/\/www.europesays.com\/fr\/wp-json\/wp\/v2\/categories?post=445620"},{"taxonomy":"post_tag","embeddable":true,"href":"https:\/\/www.europesays.com\/fr\/wp-json\/wp\/v2\/tags?post=445620"}],"curies":[{"name":"wp","href":"https:\/\/api.w.org\/{rel}","templated":true}]}}