{"id":445622,"date":"2025-10-07T18:25:16","date_gmt":"2025-10-07T18:25:16","guid":{"rendered":"https:\/\/www.europesays.com\/fr\/445622\/"},"modified":"2025-10-07T18:25:16","modified_gmt":"2025-10-07T18:25:16","slug":"vosges-un-bucheron-heliporte-a-nancy-apres-avoir-ete-blesse-lors-de-labattage-dun-arbre-a-fontenoy-le-chateau","status":"publish","type":"post","link":"https:\/\/www.europesays.com\/fr\/445622\/","title":{"rendered":"Vosges. Un b\u00fbcheron h\u00e9liport\u00e9 \u00e0 Nancy apr\u00e8s avoir \u00e9t\u00e9 bless\u00e9 lors de l\u2019abattage d\u2019un arbre \u00e0 Fontenoy-le-Ch\u00e2teau"},"content":{"rendered":"<p>Si les jours de la victime ne sont pas en danger, ses blessures ont \u00e9t\u00e9 jug\u00e9es suffisamment graves pour qu\u2019elle soit intub\u00e9e par les sapeurs-pompiers et le personnel du Samu 88 avant d\u2019\u00eatre h\u00e9liport\u00e9e \u00e0 l\u2019h\u00f4pital central de Nancy.<\/p>\n<p>Ce mardi, vers 10 h, pendant une op\u00e9ration d\u2019abattage en for\u00eat de Fontenoy-le-Ch\u00e2teau, plus pr\u00e9cis\u00e9ment \u00e0 hauteur de l\u2019\u00e9tang des Breuillots, ce dernier a re\u00e7u une branche d\u2019arbre sur la t\u00eate et l\u2019\u00e9paule. <\/p>\n<p>Selon les premi\u00e8res constatations des gendarmes de la communaut\u00e9 de brigades de Xertigny, cette branche a touch\u00e9 le b\u00fbcheron de 47 ans lors de la chute d\u2019un premier arbre, qui en a percut\u00e9 un second. Une enqu\u00eate est ouverte pour ces faits. <\/p>\n<p>En attendant, la victime a \u00e9t\u00e9 hospitalis\u00e9e pour un traumatisme cr\u00e2nien, une blessure \u00e0 l\u2019\u00e9paule droite et une suspicion de blessure \u00e0 la colonne vert\u00e9brale. Le bless\u00e9, originaire de Damas-et-Bettegney, portait ses \u00e9quipements de s\u00e9curit\u00e9 au moment des faits.<\/p>\n","protected":false},"excerpt":{"rendered":"Si les jours de la victime ne sont pas en danger, ses blessures ont \u00e9t\u00e9 jug\u00e9es suffisamment graves&hellip;\n","protected":false},"author":2,"featured_media":445623,"comment_status":"","ping_status":"","sticky":false,"template":"","format":"standard","meta":{"footnotes":""},"categories":[9635],"tags":[119,1111,11,40783,1796,1777,674,274,107,57175,1011,27,775,1702,12,25,774],"class_list":{"0":"post-445622","1":"post","2":"type-post","3":"status-publish","4":"format-standard","5":"has-post-thumbnail","7":"category-nancy","8":"tag-accident","9":"tag-actu","10":"tag-actualites","11":"tag-ca-depinal-88a3","12":"tag-edition-epinal","13":"tag-eu","14":"tag-europe","15":"tag-faits-divers-justice","16":"tag-fil-info","17":"tag-fontenoy-le-chateau","18":"tag-fr","19":"tag-france","20":"tag-grand-est","21":"tag-nancy","22":"tag-news","23":"tag-republique-francaise","24":"tag-vosges"},"share_on_mastodon":{"url":"https:\/\/pubeurope.com\/@fr\/115334291389454398","error":""},"_links":{"self":[{"href":"https:\/\/www.europesays.com\/fr\/wp-json\/wp\/v2\/posts\/445622","targetHints":{"allow":["GET"]}}],"collection":[{"href":"https:\/\/www.europesays.com\/fr\/wp-json\/wp\/v2\/posts"}],"about":[{"href":"https:\/\/www.europesays.com\/fr\/wp-json\/wp\/v2\/types\/post"}],"author":[{"embeddable":true,"href":"https:\/\/www.europesays.com\/fr\/wp-json\/wp\/v2\/users\/2"}],"replies":[{"embeddable":true,"href":"https:\/\/www.europesays.com\/fr\/wp-json\/wp\/v2\/comments?post=445622"}],"version-history":[{"count":0,"href":"https:\/\/www.europesays.com\/fr\/wp-json\/wp\/v2\/posts\/445622\/revisions"}],"wp:featuredmedia":[{"embeddable":true,"href":"https:\/\/www.europesays.com\/fr\/wp-json\/wp\/v2\/media\/445623"}],"wp:attachment":[{"href":"https:\/\/www.europesays.com\/fr\/wp-json\/wp\/v2\/media?parent=445622"}],"wp:term":[{"taxonomy":"category","embeddable":true,"href":"https:\/\/www.europesays.com\/fr\/wp-json\/wp\/v2\/categories?post=445622"},{"taxonomy":"post_tag","embeddable":true,"href":"https:\/\/www.europesays.com\/fr\/wp-json\/wp\/v2\/tags?post=445622"}],"curies":[{"name":"wp","href":"https:\/\/api.w.org\/{rel}","templated":true}]}}