{"id":445624,"date":"2025-10-07T18:26:11","date_gmt":"2025-10-07T18:26:11","guid":{"rendered":"https:\/\/www.europesays.com\/fr\/445624\/"},"modified":"2025-10-07T18:26:11","modified_gmt":"2025-10-07T18:26:11","slug":"toulon-tendresses-et-rage-chansons-yiddish-mercredi-8-et-jeudi-9-octobre","status":"publish","type":"post","link":"https:\/\/www.europesays.com\/fr\/445624\/","title":{"rendered":"TOULON : \u00ab\u00a0Tendresses et rage, chansons Yiddish\u00a0\u00bb, mercredi 8 et jeudi 9 octobre"},"content":{"rendered":"<p style=\"text-align: left;\"><strong>Le violon d\u2019Ami Flammer, l\u2019accord\u00e9on de Laurent Derache et la voix et la guitare de Moshe Leiser s\u2019accordent pour nous faire partager un instant musical de pure magie en faisant revivre des chants populaires yiddish.<\/strong><\/p>\n<p style=\"text-align: left;\">Le violon d\u2019Ami Flammer, l\u2019accord\u00e9on de Laurent Derache et la voix et la guitare de Moshe Leiser s\u2019accordent pour nous faire partager un instant musical de pure magie en faisant revivre des chants populaires yiddish.<\/p>\n<p style=\"text-align: left;\">Le Libert\u00e9<\/p>\n<p style=\"text-align: left;\">Mer. 8 &amp; Jeu. 9 oct. \u00e0 19h30<\/p>\n<p style=\"text-align: left;\">Sam. 11 oct. \u00e0 18h30<\/p>\n<p style=\"text-align: left;\"><strong>SOURCE : En octobre \u00e0 Ch\u00e2teauvallon-Libert\u00e9.<\/strong><\/p>\n","protected":false},"excerpt":{"rendered":"Le violon d\u2019Ami Flammer, l\u2019accord\u00e9on de Laurent Derache et la voix et la guitare de Moshe Leiser s\u2019accordent&hellip;\n","protected":false},"author":2,"featured_media":445625,"comment_status":"","ping_status":"","sticky":false,"template":"","format":"standard","meta":{"footnotes":""},"categories":[9619],"tags":[1111,11,1777,674,1011,27,12,882,25,2310],"class_list":{"0":"post-445624","1":"post","2":"type-post","3":"status-publish","4":"format-standard","5":"has-post-thumbnail","7":"category-toulon","8":"tag-actu","9":"tag-actualites","10":"tag-eu","11":"tag-europe","12":"tag-fr","13":"tag-france","14":"tag-news","15":"tag-provence-alpes-cote-dazur","16":"tag-republique-francaise","17":"tag-toulon"},"share_on_mastodon":{"url":"https:\/\/pubeurope.com\/@fr\/115334295307480424","error":""},"_links":{"self":[{"href":"https:\/\/www.europesays.com\/fr\/wp-json\/wp\/v2\/posts\/445624","targetHints":{"allow":["GET"]}}],"collection":[{"href":"https:\/\/www.europesays.com\/fr\/wp-json\/wp\/v2\/posts"}],"about":[{"href":"https:\/\/www.europesays.com\/fr\/wp-json\/wp\/v2\/types\/post"}],"author":[{"embeddable":true,"href":"https:\/\/www.europesays.com\/fr\/wp-json\/wp\/v2\/users\/2"}],"replies":[{"embeddable":true,"href":"https:\/\/www.europesays.com\/fr\/wp-json\/wp\/v2\/comments?post=445624"}],"version-history":[{"count":0,"href":"https:\/\/www.europesays.com\/fr\/wp-json\/wp\/v2\/posts\/445624\/revisions"}],"wp:featuredmedia":[{"embeddable":true,"href":"https:\/\/www.europesays.com\/fr\/wp-json\/wp\/v2\/media\/445625"}],"wp:attachment":[{"href":"https:\/\/www.europesays.com\/fr\/wp-json\/wp\/v2\/media?parent=445624"}],"wp:term":[{"taxonomy":"category","embeddable":true,"href":"https:\/\/www.europesays.com\/fr\/wp-json\/wp\/v2\/categories?post=445624"},{"taxonomy":"post_tag","embeddable":true,"href":"https:\/\/www.europesays.com\/fr\/wp-json\/wp\/v2\/tags?post=445624"}],"curies":[{"name":"wp","href":"https:\/\/api.w.org\/{rel}","templated":true}]}}