{"id":445626,"date":"2025-10-07T18:27:11","date_gmt":"2025-10-07T18:27:11","guid":{"rendered":"https:\/\/www.europesays.com\/fr\/445626\/"},"modified":"2025-10-07T18:27:11","modified_gmt":"2025-10-07T18:27:11","slug":"toulon-pau-decouvrez-les-meilleurs-joueurs-de-la-rencontre","status":"publish","type":"post","link":"https:\/\/www.europesays.com\/fr\/445626\/","title":{"rendered":"Toulon \u2013 Pau : D\u00e9couvrez les meilleurs joueurs de la rencontre"},"content":{"rendered":"<p>Samedi apr\u00e8s-midi, le Rugby Club Toulonnais s\u2019est impos\u00e9 avec le bonus offensif contre Pau, \u00e0 l\u2019occasion de la 5\u00e8me journ\u00e9e du Top 14 (33-17).<\/p>\n<p>Midi Olympique d\u00e9voile les meilleurs joueurs de la rencontre.<\/p>\n<p>Deux Varois empochent trois \u00e9toiles : Baptiste Serin et David Ribbans.<\/p>\n<p>Trois Toulonnais et deux Palois remportent deux \u00e9toiles : Esteban Abadie, Antoine Frisch, Jean-Baptiste Gros, Facundo Isa et Gr\u00e9goire Arfeuil.<\/p>\n<p>Enfin, trois Varois et trois B\u00e9arnais gagnent une \u00e9toile : Marius Domon, Joe Quere-Karaba, Rayan Rebbadj, Axel Desp\u00e9r\u00e8s, Aymeric Luc et Lo\u00efc Credoz.<\/p>\n","protected":false},"excerpt":{"rendered":"Samedi apr\u00e8s-midi, le Rugby Club Toulonnais s\u2019est impos\u00e9 avec le bonus offensif contre Pau, \u00e0 l\u2019occasion de la&hellip;\n","protected":false},"author":2,"featured_media":438804,"comment_status":"","ping_status":"","sticky":false,"template":"","format":"standard","meta":{"footnotes":""},"categories":[9619],"tags":[1111,11,1777,674,1011,27,12,882,25,2310],"class_list":{"0":"post-445626","1":"post","2":"type-post","3":"status-publish","4":"format-standard","5":"has-post-thumbnail","7":"category-toulon","8":"tag-actu","9":"tag-actualites","10":"tag-eu","11":"tag-europe","12":"tag-fr","13":"tag-france","14":"tag-news","15":"tag-provence-alpes-cote-dazur","16":"tag-republique-francaise","17":"tag-toulon"},"share_on_mastodon":{"url":"https:\/\/pubeurope.com\/@fr\/115334299257175571","error":""},"_links":{"self":[{"href":"https:\/\/www.europesays.com\/fr\/wp-json\/wp\/v2\/posts\/445626","targetHints":{"allow":["GET"]}}],"collection":[{"href":"https:\/\/www.europesays.com\/fr\/wp-json\/wp\/v2\/posts"}],"about":[{"href":"https:\/\/www.europesays.com\/fr\/wp-json\/wp\/v2\/types\/post"}],"author":[{"embeddable":true,"href":"https:\/\/www.europesays.com\/fr\/wp-json\/wp\/v2\/users\/2"}],"replies":[{"embeddable":true,"href":"https:\/\/www.europesays.com\/fr\/wp-json\/wp\/v2\/comments?post=445626"}],"version-history":[{"count":0,"href":"https:\/\/www.europesays.com\/fr\/wp-json\/wp\/v2\/posts\/445626\/revisions"}],"wp:featuredmedia":[{"embeddable":true,"href":"https:\/\/www.europesays.com\/fr\/wp-json\/wp\/v2\/media\/438804"}],"wp:attachment":[{"href":"https:\/\/www.europesays.com\/fr\/wp-json\/wp\/v2\/media?parent=445626"}],"wp:term":[{"taxonomy":"category","embeddable":true,"href":"https:\/\/www.europesays.com\/fr\/wp-json\/wp\/v2\/categories?post=445626"},{"taxonomy":"post_tag","embeddable":true,"href":"https:\/\/www.europesays.com\/fr\/wp-json\/wp\/v2\/tags?post=445626"}],"curies":[{"name":"wp","href":"https:\/\/api.w.org\/{rel}","templated":true}]}}