{"id":445637,"date":"2025-10-07T18:33:13","date_gmt":"2025-10-07T18:33:13","guid":{"rendered":"https:\/\/www.europesays.com\/fr\/445637\/"},"modified":"2025-10-07T18:33:13","modified_gmt":"2025-10-07T18:33:13","slug":"aucun-tram-en-circulation-ce-jeudi-a-grenoble-lintersyndicale-appelle-a-la-greve","status":"publish","type":"post","link":"https:\/\/www.europesays.com\/fr\/445637\/","title":{"rendered":"Aucun tram en circulation ce jeudi \u00e0 Grenoble\u00a0: l&rsquo;intersyndicale appelle \u00e0 la gr\u00e8ve"},"content":{"rendered":"<p>Un nouvel appel \u00e0 la gr\u00e8ve va tr\u00e8s fortement perturber le r\u00e9seau MTag ce jeudi 9 octobre 2025. Aucune ligne de tram ne sera en circulation, les bus Chrono C3, 4 et 7 sont \u00e9galement \u00e0 l&rsquo;arr\u00eat. L&rsquo;intersyndicale, \u00e0 l&rsquo;initiative du mouvement d\u00e9nonce une surcharge de travail et le manque d&rsquo;effectifs. <\/p>\n<p><strong>Aucun tramway<\/strong> ne circulera \u00e0 Grenoble ce jeudi 9 octobre 2025. <strong>Les bus Chrono C3, C4, C7 et Proximo 16, 18, 19, 20 et 22 sont \u00e9galement \u00e0 l&rsquo;arr\u00eat.<\/strong> Les d\u00e9p\u00f4ts d&rsquo;Eybens et de Gi\u00e8res resteront ferm\u00e9s tout comme l&rsquo;agence mobilit\u00e9 d&rsquo;Alsace-Lorraine. Aucun bus Chrono ne circule avant 6 heures et apr\u00e8s 20 heures. Cet appel \u00e0 la gr\u00e8ve intervient le jour choisi par <strong>MTag pour c\u00e9l\u00e9brer ses 50 ans.<\/strong> Les repr\u00e9sentants syndicaux d\u00e9noncent la surcharge de travail et le manque d&rsquo;effectifs.<\/p>\n<p>\u00ab\u00a0On dit stop\u00a0!\u00a0\u00bb<\/p>\n<p>Les syndicats d\u00e9noncent une politique \u00ab\u00a0destructrice impos\u00e9e par la direction\u00a0\u00bb. Fernando Martins est le secr\u00e9taire et d\u00e9l\u00e9gu\u00e9 syndical Force Ouvri\u00e8re, majoritaire de MTag\u00a0: \u00ab\u00a0On dit stop\u00a0! Les effectifs de MTag, \u00e0 la conduite \u00e0 la technique et la fili\u00e8re administrative sont fatigu\u00e9s. Le taux d&rsquo;absent\u00e9isme est tr\u00e8s \u00e9lev\u00e9 dans toutes les fili\u00e8res. Il y a des lignes rouges \u00e0 ne pas franchir. Ils sont en train de les franchir et \u00e7a p\u00e8se sur le personnel\u00a0\u00bb.<\/p>\n<p>Le d\u00e9l\u00e9gu\u00e9 syndical rappelle que ce mouvement fait \u00e9cho \u00e0 la pr\u00e9c\u00e9dente mobilisation le 21 juin dernier pour la f\u00eate de la musique\u00a0:\u00a0\u00ab\u00a0Si l&rsquo;usager n&rsquo;est pas content parce que sont bus est en retard qu&rsquo;il rate sa correspondance ce n&rsquo;est pas d\u00fb aux gr\u00e8ves. C&rsquo;est d\u00fb \u00e0 l&rsquo;organisation mise en place par MTag qui fait que le r\u00e9seau n&rsquo;est pas performant aujourd&rsquo;hui\u00a0\u00bb. <strong>Une r\u00e9union entre les syndicats de MTag et la direction est d\u00e9j\u00e0 pr\u00e9vu, le mardi 14 octobre 2025.<\/strong><\/p>\n","protected":false},"excerpt":{"rendered":"Un nouvel appel \u00e0 la gr\u00e8ve va tr\u00e8s fortement perturber le r\u00e9seau MTag ce jeudi 9 octobre 2025.&hellip;\n","protected":false},"author":2,"featured_media":445638,"comment_status":"","ping_status":"","sticky":false,"template":"","format":"standard","meta":{"footnotes":""},"categories":[9566],"tags":[1111,11,2430,1777,674,1011,27,2731,12,25],"class_list":{"0":"post-445637","1":"post","2":"type-post","3":"status-publish","4":"format-standard","5":"has-post-thumbnail","7":"category-grenoble","8":"tag-actu","9":"tag-actualites","10":"tag-auvergne-rhone-alpes","11":"tag-eu","12":"tag-europe","13":"tag-fr","14":"tag-france","15":"tag-grenoble","16":"tag-news","17":"tag-republique-francaise"},"share_on_mastodon":{"url":"https:\/\/pubeurope.com\/@fr\/115334322863360287","error":""},"_links":{"self":[{"href":"https:\/\/www.europesays.com\/fr\/wp-json\/wp\/v2\/posts\/445637","targetHints":{"allow":["GET"]}}],"collection":[{"href":"https:\/\/www.europesays.com\/fr\/wp-json\/wp\/v2\/posts"}],"about":[{"href":"https:\/\/www.europesays.com\/fr\/wp-json\/wp\/v2\/types\/post"}],"author":[{"embeddable":true,"href":"https:\/\/www.europesays.com\/fr\/wp-json\/wp\/v2\/users\/2"}],"replies":[{"embeddable":true,"href":"https:\/\/www.europesays.com\/fr\/wp-json\/wp\/v2\/comments?post=445637"}],"version-history":[{"count":0,"href":"https:\/\/www.europesays.com\/fr\/wp-json\/wp\/v2\/posts\/445637\/revisions"}],"wp:featuredmedia":[{"embeddable":true,"href":"https:\/\/www.europesays.com\/fr\/wp-json\/wp\/v2\/media\/445638"}],"wp:attachment":[{"href":"https:\/\/www.europesays.com\/fr\/wp-json\/wp\/v2\/media?parent=445637"}],"wp:term":[{"taxonomy":"category","embeddable":true,"href":"https:\/\/www.europesays.com\/fr\/wp-json\/wp\/v2\/categories?post=445637"},{"taxonomy":"post_tag","embeddable":true,"href":"https:\/\/www.europesays.com\/fr\/wp-json\/wp\/v2\/tags?post=445637"}],"curies":[{"name":"wp","href":"https:\/\/api.w.org\/{rel}","templated":true}]}}