{"id":445645,"date":"2025-10-07T18:37:23","date_gmt":"2025-10-07T18:37:23","guid":{"rendered":"https:\/\/www.europesays.com\/fr\/445645\/"},"modified":"2025-10-07T18:37:23","modified_gmt":"2025-10-07T18:37:23","slug":"fermeture-des-cantines-scolaires-le-jeudi-9-octobre","status":"publish","type":"post","link":"https:\/\/www.europesays.com\/fr\/445645\/","title":{"rendered":"fermeture des cantines scolaires le jeudi 9\u00a0octobre"},"content":{"rendered":"<p>En raison d\u2019un pr\u00e9avis de gr\u00e8ve impactant l\u2019ensemble des personnels \u00e9ducatifs, le fonctionnement des \u00e9coles \u00e0 Strasbourg conna\u00eetra des perturbations le jeudi 9\u00a0octobre. Pour les temps p\u00e9riscolaires, les cantines des \u00e9coles de la Ville de Strasbourg seront ferm\u00e9es. Aucune d\u00e9marche n\u2019est \u00e0 effectuer par les familles pour l\u2019annulation des r\u00e9servations. Les repas ne seront pas factur\u00e9s.<\/p>\n<p>Aucun accueil n\u2019\u00e9tant possible entre 12\u00a0h et 14\u00a0h, les enfants devront imp\u00e9rativement \u00eatre recherch\u00e9s par un parent ou un repr\u00e9sentant d\u00e9sign\u00e9 sur le formulaire d\u2019inscription au plus tard \u00e0 midi.<\/p>\n<p>Les accueils p\u00e9riscolaires des \u00e9coles maternelles du matin et du soir seront assur\u00e9s dans la mesure du possible. Aucun service minimum d\u2019accueil (SMA) ne sera organis\u00e9 pour cette journ\u00e9e.<\/p>\n","protected":false},"excerpt":{"rendered":"En raison d\u2019un pr\u00e9avis de gr\u00e8ve impactant l\u2019ensemble des personnels \u00e9ducatifs, le fonctionnement des \u00e9coles \u00e0 Strasbourg conna\u00eetra&hellip;\n","protected":false},"author":2,"featured_media":445646,"comment_status":"","ping_status":"","sticky":false,"template":"","format":"standard","meta":{"footnotes":""},"categories":[2820],"tags":[1111,11,2880,1057,1777,674,1011,27,775,12,25,801,640],"class_list":{"0":"post-445645","1":"post","2":"type-post","3":"status-publish","4":"format-standard","5":"has-post-thumbnail","7":"category-strasbourg","8":"tag-actu","9":"tag-actualites","10":"tag-edition-strasbourg","11":"tag-education","12":"tag-eu","13":"tag-europe","14":"tag-fr","15":"tag-france","16":"tag-grand-est","17":"tag-news","18":"tag-republique-francaise","19":"tag-social","20":"tag-strasbourg"},"share_on_mastodon":{"url":"https:\/\/pubeurope.com\/@fr\/115334338600670966","error":""},"_links":{"self":[{"href":"https:\/\/www.europesays.com\/fr\/wp-json\/wp\/v2\/posts\/445645","targetHints":{"allow":["GET"]}}],"collection":[{"href":"https:\/\/www.europesays.com\/fr\/wp-json\/wp\/v2\/posts"}],"about":[{"href":"https:\/\/www.europesays.com\/fr\/wp-json\/wp\/v2\/types\/post"}],"author":[{"embeddable":true,"href":"https:\/\/www.europesays.com\/fr\/wp-json\/wp\/v2\/users\/2"}],"replies":[{"embeddable":true,"href":"https:\/\/www.europesays.com\/fr\/wp-json\/wp\/v2\/comments?post=445645"}],"version-history":[{"count":0,"href":"https:\/\/www.europesays.com\/fr\/wp-json\/wp\/v2\/posts\/445645\/revisions"}],"wp:featuredmedia":[{"embeddable":true,"href":"https:\/\/www.europesays.com\/fr\/wp-json\/wp\/v2\/media\/445646"}],"wp:attachment":[{"href":"https:\/\/www.europesays.com\/fr\/wp-json\/wp\/v2\/media?parent=445645"}],"wp:term":[{"taxonomy":"category","embeddable":true,"href":"https:\/\/www.europesays.com\/fr\/wp-json\/wp\/v2\/categories?post=445645"},{"taxonomy":"post_tag","embeddable":true,"href":"https:\/\/www.europesays.com\/fr\/wp-json\/wp\/v2\/tags?post=445645"}],"curies":[{"name":"wp","href":"https:\/\/api.w.org\/{rel}","templated":true}]}}