{"id":445675,"date":"2025-10-07T18:54:12","date_gmt":"2025-10-07T18:54:12","guid":{"rendered":"https:\/\/www.europesays.com\/fr\/445675\/"},"modified":"2025-10-07T18:54:12","modified_gmt":"2025-10-07T18:54:12","slug":"interview-exclusive-je-serai-la-prochaine-maire-de-paris-rien-ne-marretera-rachida-dati-contre-attaque","status":"publish","type":"post","link":"https:\/\/www.europesays.com\/fr\/445675\/","title":{"rendered":"INTERVIEW EXCLUSIVE. \u00ab\u00a0Je serai la prochaine maire de Paris. Rien ne m&rsquo;arr\u00eatera\u00a0\u00bb, Rachida Dati contre-attaque"},"content":{"rendered":"<p class=\"article__intro\">Pol\u00e9mique sur les frais de repr\u00e9sentation d&rsquo;Anne Hidalgo, bilan de la mandature socialiste, campagne pour la mairie&#8230; En marge d&rsquo;un conseil de Paris houleux o\u00f9 elle dit \u00eatre l&rsquo;objet d&rsquo;attaques personnelles, Rachida Dati accorde \u00e0 France 3 Paris \u00cele-de-France une interview exclusive.<\/p>\n<p>\n      L\u2019actu des r\u00e9gions\n    <\/p>\n<p>\n      Chaque jour, un tour d\u2019horizon des principales infos de toutes les r\u00e9gions.\n    <\/p>\n<p>    France T\u00e9l\u00e9visions utilise votre adresse e-mail afin de vous envoyer la newsletter \u00ab\u00a0L\u2019actu des r\u00e9gions\u00a0\u00bb. Vous pouvez vous d\u00e9sinscrire \u00e0 tout moment via le lien en bas de cette newsletter. <a target=\"_blank\" href=\"https:\/\/www.francetelevisions.fr\/groupe\/confidentialite\/politique-de-confidentialite\/politique-de-confidentialite-de-france-televisions-6503\" rel=\"nofollow noopener\">Notre politique de confidentialit\u00e9<\/a><\/p>\n<p>Rachida Dati, 59 ans, est candidate d\u00e9clar\u00e9e aux municipales \u00e0 Paris des 15 et 22 mars 2026. La maire du VIIe arrondissement a \u00e9t\u00e9 investie par les R\u00e9publicains fin ao\u00fbt. Alors que le conseil de Paris se tient jusqu&rsquo;\u00e0 jeudi, elle r\u00e9pond coup pour coup aux attaques dont elle fait l&rsquo;objet notamment sur ses d\u00e9boires avec la justice.<\/p>\n<p>Deux proc\u00e9dures<strong>\u00a0<\/strong>p\u00e8sent sur son avenir politique. La ministre de la Culture d\u00e9missionnaire doit \u00eatre jug\u00e9e \u00e0 Paris pour corruption et trafic d&rsquo;influence en septembre 2026, soup\u00e7onn\u00e9e d&rsquo;avoir ind\u00fbment per\u00e7u 900.000 euros entre 2010 et 2012 d&rsquo;une filiale de l&rsquo;alliance Renault-Nissan, quand Carlos Ghosn en \u00e9tait le PDG et quand elle \u00e9tait eurod\u00e9put\u00e9e. Elle conteste l&rsquo;ensemble des charges.<\/p>\n<p>L&rsquo;ex-garde des Sceaux de Nicolas Sarkozy fait par ailleurs l&rsquo;objet d&rsquo;une enqu\u00eate visant l&rsquo;\u00e9ventuelle non-d\u00e9claration de bijoux de luxe \u00e0 la Haute autorit\u00e9 pour la transparence de la vie publique. Elle conteste l\u00e0 encore toute irr\u00e9gularit\u00e9.<\/p>\n<p>La dette de Paris<\/p>\n<p>Rachida Dati : Aujourd&rsquo;hui, on a une explosion de la dette. On a une explosion des finances. Est-ce que vous vous rendez compte que nous allons terminer cette mandature avec 12 milliards d&rsquo;euros de dette ? Est-ce que vous trouvez que Paris est plus propre ? Non. Est-ce que vous trouvez que Paris est plus s\u00e9curis\u00e9 ? Non. Est-ce que vous trouvez qu&rsquo;on circule bien, qu&rsquo;on respire mieux, que les enfants sont mieux pris en charge ?<\/p>\n<p>Les d\u00e9penses de fonctionnement sont pl\u00e9thoriques, les d\u00e9penses somptuaires du cabinet de madame Hidalgo, mais aussi sur l&rsquo;investissement. Est-ce que l&rsquo;investissement est \u00e0 la hauteur de cette ville, de la capitale, de la plus belle capitale d&rsquo;Europe ?\u00a0<\/p>\n<p>Les le\u00e7ons de morale de Madame Hidalgo, elle devrait se les adresser. Anne Hidalgo et monsieur Gr\u00e9goire ont pour seul argument des attaques personnelles. Celles-ci deviennent un bilan, un programme pour eux. \u00c7a en dit long sur leur capacit\u00e9 \u00e0 g\u00e9rer cette ville \u00e0 l&rsquo;avenir et surtout sur le bilan qui en restera. Parce que quand vous \u00eates \u00e0 l&rsquo;aise avec votre bilan, au contraire, vous profitez d&rsquo;un conseil de Paris, vous profitez de la presse pour valoriser un bilan et des actions municipales qui ont satisfait les Parisiens.\u00a0<\/p>\n<p>Les notes de frais<\/p>\n<p>Rachida Dati : Il y a eu des perquisitions dans le bureau de la maire sur les notes de frais, sur des d\u00e9penses personnelles faites avec l&rsquo;argent des Parisiens, notamment quand elle est all\u00e9e voir sa fille \u00e0 Tahiti et qu&rsquo;elle n&rsquo;est pas all\u00e9e sur les sites li\u00e9s aux JO. C&rsquo;est la premi\u00e8re affaire.<\/p>\n<p>\u00a0Autre affaire : le Tour Triangle, plus de 300 millions d&rsquo;euros qui ont disparu, c&rsquo;est ce qu&rsquo;affirme le rapport de la Chambre r\u00e9gionale des comptes. O\u00f9 est cet argent ? On s&rsquo;interroge. Il y a une instruction qui est ouverte entre les mains d&rsquo;un juge qui a entendu des gens de la mairie de Paris.<\/p>\n<p>O\u00f9 en sommes-nous de ces proc\u00e9dures qui ont mis en cause madame Hidalgo, qui ont mis en cause Emmanuel Gr\u00e9goire, qui \u00e9tait en charge, \u00e9videmment, de ces am\u00e9nagements ? Il y a eu des perquisitions \u00e0 la mairie.\u00a0<\/p>\n<blockquote class=\"ftvi_content_quote\">\n<p class=\"ftvi_citation_quote\">\u00ab\u00a0Je n&rsquo;ai jamais \u00e9t\u00e9 mise en cause sur de l&rsquo;argent public, jamais. Je suis mise en cause dans le cadre d&rsquo;un contrat, c&rsquo;est de l&rsquo;argent priv\u00e9 sur une affaire priv\u00e9e.\u00a0\u00bb<\/p>\n<\/blockquote>\n<p>Je suis mise en cause dans le cadre d&rsquo;un contrat, c&rsquo;est de l&rsquo;argent priv\u00e9 sur une affaire priv\u00e9e. Je n&rsquo;utilise pas l&rsquo;argent des Parisiens, ni pour des affaires personnelles, ni dans le cadre de mes fonctions, parce que j&rsquo;estime que quand on gagne bien sa vie, ce n&rsquo;est pas aux Parisiens, ce n&rsquo;est pas \u00e0 la collectivit\u00e9 de payer pour vous. Et j&rsquo;ajoute, ce qui n&rsquo;est pas mon cas, les avocats de Mme Hidalgo, les avocats de M. Gr\u00e9goire sont pay\u00e9s par les Parisiens. Donc c&rsquo;est honteux. La transparence, elle est n\u00e9cessaire, parce que c&rsquo;est l&rsquo;argent des Parisiens.\u00a0<\/p>\n<p>La campagne pour la mairie<\/p>\n<p>Rachida Dati : Aujourd&rsquo;hui, je suis lanc\u00e9e dans une campagne pour la mairie de Paris. Je suis d\u00e9termin\u00e9e et je vous donne rendez-vous. Je serai la prochaine maire de Paris. Rien ne m&rsquo;arr\u00eatera, rien ne m&#8217;emp\u00eachera. J&rsquo;ai la force, l&rsquo;\u00e9nergie, les \u00e9quipes et un projet.<\/p>\n<p>J&rsquo;ai pu prouver, d&rsquo;ailleurs, aux Fran\u00e7ais que je sais tenir mes engagements, que je sais porter des r\u00e9formes difficiles et que je sais aussi changer et am\u00e9liorer la vie des Fran\u00e7ais. Je suis totalement d\u00e9termin\u00e9e.<\/p>\n<p>Tout le reste, c&rsquo;est de l&rsquo;\u00e9cume et un \u00e9cran de fum\u00e9e. madame Hidalgo et Emmanuel Gr\u00e9goire vont s&rsquo;\u00e9puiser avant moi parce qu&rsquo;\u00e0 un moment donn\u00e9, ils devront rendre des comptes aux Parisiens sur leurs bilans, mais aussi sur leurs projets.<\/p>\n<p>Je le dis aux Parisiens : si vous votez pour eux, vous avez vu l&rsquo;\u00e9tat de Paris, ce sera bien pire apr\u00e8s. Avec moi, \u00e7a changera et \u00e7a changera tout de suite. Ils peuvent compter sur moi.\u00a0<\/p>\n<p>Interview d&rsquo;Abdel Joudi.<\/p>\n<p>\u00a0<\/p>\n","protected":false},"excerpt":{"rendered":"Pol\u00e9mique sur les frais de repr\u00e9sentation d&rsquo;Anne Hidalgo, bilan de la mandature socialiste, campagne pour la mairie&#8230; En&hellip;\n","protected":false},"author":2,"featured_media":445676,"comment_status":"","ping_status":"","sticky":false,"template":"","format":"standard","meta":{"footnotes":""},"categories":[1592],"tags":[1111,11,1777,674,1011,27,662,12,626,25],"class_list":{"0":"post-445675","1":"post","2":"type-post","3":"status-publish","4":"format-standard","5":"has-post-thumbnail","7":"category-ile-de-france","8":"tag-actu","9":"tag-actualites","10":"tag-eu","11":"tag-europe","12":"tag-fr","13":"tag-france","14":"tag-ile-de-france","15":"tag-news","16":"tag-paris","17":"tag-republique-francaise"},"share_on_mastodon":{"url":"https:\/\/pubeurope.com\/@fr\/115334405482210562","error":""},"_links":{"self":[{"href":"https:\/\/www.europesays.com\/fr\/wp-json\/wp\/v2\/posts\/445675","targetHints":{"allow":["GET"]}}],"collection":[{"href":"https:\/\/www.europesays.com\/fr\/wp-json\/wp\/v2\/posts"}],"about":[{"href":"https:\/\/www.europesays.com\/fr\/wp-json\/wp\/v2\/types\/post"}],"author":[{"embeddable":true,"href":"https:\/\/www.europesays.com\/fr\/wp-json\/wp\/v2\/users\/2"}],"replies":[{"embeddable":true,"href":"https:\/\/www.europesays.com\/fr\/wp-json\/wp\/v2\/comments?post=445675"}],"version-history":[{"count":0,"href":"https:\/\/www.europesays.com\/fr\/wp-json\/wp\/v2\/posts\/445675\/revisions"}],"wp:featuredmedia":[{"embeddable":true,"href":"https:\/\/www.europesays.com\/fr\/wp-json\/wp\/v2\/media\/445676"}],"wp:attachment":[{"href":"https:\/\/www.europesays.com\/fr\/wp-json\/wp\/v2\/media?parent=445675"}],"wp:term":[{"taxonomy":"category","embeddable":true,"href":"https:\/\/www.europesays.com\/fr\/wp-json\/wp\/v2\/categories?post=445675"},{"taxonomy":"post_tag","embeddable":true,"href":"https:\/\/www.europesays.com\/fr\/wp-json\/wp\/v2\/tags?post=445675"}],"curies":[{"name":"wp","href":"https:\/\/api.w.org\/{rel}","templated":true}]}}