{"id":445687,"date":"2025-10-07T19:00:24","date_gmt":"2025-10-07T19:00:24","guid":{"rendered":"https:\/\/www.europesays.com\/fr\/445687\/"},"modified":"2025-10-07T19:00:24","modified_gmt":"2025-10-07T19:00:24","slug":"lukraine-redoute-le-chaos-politique-qui-regne-en-france","status":"publish","type":"post","link":"https:\/\/www.europesays.com\/fr\/445687\/","title":{"rendered":"L\u2019Ukraine redoute le \u201cchaos politique\u201d qui r\u00e8gne en France"},"content":{"rendered":"\n<p>C\u2019est un \u201cantirecord historique\u201d, <a class=\"ithalc\" data-ithal=\"lien_externe\" data-ithalc=\"[nav_article]\" target=\"_blank\" href=\"https:\/\/forbes.ua\/svit\/makron-vtrachae-vpliv-noviy-premer-frantsii-ne-vidpratsyuvav-y-misyatsya-na-posadi-yaki-naslidki-matime-politichna-ta-ekonomichna-kriza-u-parizhi-06102025-33143\" rel=\"noopener\">commente la version ukrainienne de <strong>Forbes<\/strong><\/a><strong>.<\/strong> \u201cLe Premier\u00a0ministre S\u00e9bastien\u00a0Lecornu a donn\u00e9 sa d\u00e9mission vingt-sept jours apr\u00e8s sa nomination et quatorze\u00a0heures et demie apr\u00e8s avoir form\u00e9 son gouvernement.\u201d \u201cDimanche [5\u00a0octobre] soir encore, les Fran\u00e7ais avaient pouss\u00e9 un soupir de soulagement parce que le nouveau gouvernement avait \u00e9t\u00e9 annonc\u00e9, \u00e9crit Alla\u00a0Lazareva, <a class=\"ithalc\" data-ithal=\"lien_externe\" data-ithalc=\"[nav_article]\" target=\"_blank\" href=\"https:\/\/tyzhden.ua\/frantsuzkyj-prem-ier-podav-u-vidstavku-shcho-dali\/\" rel=\"noopener\">la correspondante d\u2019<strong>Oukra\u00efnsky Tyjden<\/strong> \u00e0 Paris<\/a>. Mais, d\u00e8s lundi matin, le Premier\u00a0ministre S\u00e9bastien Lecornu a d\u00e9missionn\u00e9.\u201d<\/p>\n<p>Du point de vue d\u2019Oleh\u00a0Chamchour, ancien ambassadeur en France <a class=\"ithalc\" data-ithal=\"lien_externe\" data-ithalc=\"[nav_article]\" target=\"_blank\" href=\"https:\/\/zn.ua\/ukr\/WORLD\/makron-jak-kulhava-kachka-u-jakoji-zakinchujutsja-varianti-utrimati-vladu-the-times.html\" rel=\"noopener\">interrog\u00e9 par l\u2019hebdomadaire <strong>Dzerkalo\u00a0Tyjnia<\/strong><\/a><strong>,<\/strong> la France traverse \u201cune crise politique profonde\u201d qui serait li\u00e9e, selon lui, au fait que \u201cles institutions de la Ve\u00a0R\u00e9publique fonctionnent mal face \u00e0 la r\u00e9alit\u00e9 politique actuelle. Cela est \u00e9galement le reflet de la fragmentation de la soci\u00e9t\u00e9 fran\u00e7aise et de sa polarisation, avec pour cons\u00e9quence le renforcement des extr\u00eames.\u201d<\/p>\n<p>La France, <a class=\"ithalc\" data-ithal=\"lien_externe\" data-ithalc=\"[nav_article]\" target=\"_blank\" href=\"https:\/\/nv.ua\/ukr\/world\/countries\/protesti-u-franciji-chomu-kriza-zminyuyutsya-prem-yeri-trivayut-strayki-i-yak-vpline-na-makrona-50546359.html\" rel=\"noopener\">d\u00e9plore pour sa part le journal <strong>NV<\/strong><\/a><strong>,<\/strong> \u201cest au bord du chaos\u201d et pourrait bien devenir \u201cle maillon faible de l\u2019Europe\u201d. Du point de vue de Forbes.ua, les partis politiques fran\u00e7ais portent une lourde responsabilit\u00e9 dans la d\u00e9toriation de la situation\u00a0:<\/p>\n<blockquote><p>\u201c\u00c0 l\u2019Assembl\u00e9e nationale, les forces politiques nourrissent leurs propre<\/p><\/blockquote>\n","protected":false},"excerpt":{"rendered":"C\u2019est un \u201cantirecord historique\u201d, commente la version ukrainienne de Forbes. \u201cLe Premier\u00a0ministre S\u00e9bastien\u00a0Lecornu a donn\u00e9 sa d\u00e9mission vingt-sept&hellip;\n","protected":false},"author":2,"featured_media":445688,"comment_status":"","ping_status":"","sticky":false,"template":"","format":"standard","meta":{"footnotes":""},"categories":[1590],"tags":[11,1777,674,27,131,3821,12,316,36559,220],"class_list":{"0":"post-445687","1":"post","2":"type-post","3":"status-publish","4":"format-standard","5":"has-post-thumbnail","7":"category-ukraine","8":"tag-actualites","9":"tag-eu","10":"tag-europe","11":"tag-france","12":"tag-guerre-en-ukraine","13":"tag-la-france-vue-de-lu2019u00e9tranger","14":"tag-news","15":"tag-politique","16":"tag-su00e9bastien-lecornu","17":"tag-ukraine"},"share_on_mastodon":{"url":"https:\/\/pubeurope.com\/@fr\/115334429619805959","error":""},"_links":{"self":[{"href":"https:\/\/www.europesays.com\/fr\/wp-json\/wp\/v2\/posts\/445687","targetHints":{"allow":["GET"]}}],"collection":[{"href":"https:\/\/www.europesays.com\/fr\/wp-json\/wp\/v2\/posts"}],"about":[{"href":"https:\/\/www.europesays.com\/fr\/wp-json\/wp\/v2\/types\/post"}],"author":[{"embeddable":true,"href":"https:\/\/www.europesays.com\/fr\/wp-json\/wp\/v2\/users\/2"}],"replies":[{"embeddable":true,"href":"https:\/\/www.europesays.com\/fr\/wp-json\/wp\/v2\/comments?post=445687"}],"version-history":[{"count":0,"href":"https:\/\/www.europesays.com\/fr\/wp-json\/wp\/v2\/posts\/445687\/revisions"}],"wp:featuredmedia":[{"embeddable":true,"href":"https:\/\/www.europesays.com\/fr\/wp-json\/wp\/v2\/media\/445688"}],"wp:attachment":[{"href":"https:\/\/www.europesays.com\/fr\/wp-json\/wp\/v2\/media?parent=445687"}],"wp:term":[{"taxonomy":"category","embeddable":true,"href":"https:\/\/www.europesays.com\/fr\/wp-json\/wp\/v2\/categories?post=445687"},{"taxonomy":"post_tag","embeddable":true,"href":"https:\/\/www.europesays.com\/fr\/wp-json\/wp\/v2\/tags?post=445687"}],"curies":[{"name":"wp","href":"https:\/\/api.w.org\/{rel}","templated":true}]}}