{"id":445710,"date":"2025-10-07T19:15:13","date_gmt":"2025-10-07T19:15:13","guid":{"rendered":"https:\/\/www.europesays.com\/fr\/445710\/"},"modified":"2025-10-07T19:15:13","modified_gmt":"2025-10-07T19:15:13","slug":"je-quitte-les-courts-en-paix-le-francais-enzo-couacaud-met-un-terme-a-sa-carriere","status":"publish","type":"post","link":"https:\/\/www.europesays.com\/fr\/445710\/","title":{"rendered":"\u00abJe quitte les courts en paix\u00bb, le Fran\u00e7ais Enzo Couacaud met un terme \u00e0 sa carri\u00e8re"},"content":{"rendered":"<p>L\u2019ancien 151e joueur mondial Enzo Couacaud prend sa retraite \u00e0 l\u2019\u00e2ge de 30 ans.<\/p>\n<p class=\"fig-paragraph\">Quelques jours apr\u00e8s\u00a0<a href=\"http:\/\/www.lefigaro.fr\/sports\/tennis\/tennis-gael-monfils-annonce-sa-retraite-20251001\" target=\"_blank\" data-fig-type=\"NewsFlash\" rel=\"nofollow noopener\" data-gtm-custom-categorie=\"navigation\" data-gtm-custom-action=\"crossclick\" data-gtm-custom-label=\"Contextuel\" data-gtm-event=\"customEventSPE\" data-fig-domain=\"LEFIGARO\">Ga\u00ebl Monfils<\/a>, un nouveau tennisman fran\u00e7ais prend sa retraite sportive.\u00a0<a href=\"http:\/\/www.lefigaro.fr\/sports\/tennis\/wimbledon-enzo-couacaud-seul-francais-qualifie-20220623\" target=\"_blank\" data-fig-type=\"NewsFlash\" rel=\"nofollow noopener\" data-gtm-custom-categorie=\"navigation\" data-gtm-custom-action=\"crossclick\" data-gtm-custom-label=\"Contextuel\" data-gtm-event=\"customEventSPE\" data-fig-domain=\"LEFIGARO\">Enzo Couacaud<\/a>\u00a0(30 ans) a annonc\u00e9, ce mardi sur son compte Instagram, se retirer d\u00e9finitivement des terrains.\u00abJe quitte les courts en paix, avec la certitude d\u2019avoir toujours donn\u00e9 le meilleur de moi-m\u00eame, dans la victoire comme dans la d\u00e9faite. Une page se tourne, mais le livre est loin d\u2019\u00eatre termin\u00e9. Place \u00e0 de nouveaux projets, de nouvelles passions, et, qui sait, peut-\u00eatre d\u2019autres fa\u00e7ons de rendre au tennis tout ce qu\u2019il m\u2019a offert\u00bb, insiste le natif de l\u2019\u00eele Maurice qui avait chut\u00e9 jusqu\u2019\u00e0 aux abysses du classement ATP (551e).<\/p>\n<p class=\"fig-paragraph\">L\u2019ancien num\u00e9ro 151 mondial (2017) a particip\u00e9 aux quatre tournois du Grand Chelem et avait pris un set \u00e0 la star serbe\u00a0<a href=\"http:\/\/www.lefigaro.fr\/sports\/tennis\/tennis-l-inusable-novak-djokovic-signe-un-nouveau-record-a-shanghai-20251007\" target=\"_blank\" data-fig-type=\"NewsFlash\" rel=\"nofollow noopener\" data-gtm-custom-categorie=\"navigation\" data-gtm-custom-action=\"crossclick\" data-gtm-custom-label=\"Contextuel\" data-gtm-event=\"customEventSPE\" data-fig-domain=\"LEFIGARO\">Novak Djokovic<\/a>\u00a0au deuxi\u00e8me tour de l\u2019Open d\u2019Australie en 2023 (1-6, 7-6 (5), 6-2, 6-0). \u00abLe tennis m\u2019a tout donn\u00e9\u00a0: des joies immenses, des combats inoubliables, des voyages, des rencontres qui resteront \u00e0 jamais grav\u00e9es. Mais surtout, il m\u2019a forg\u00e9 en tant qu\u2019homme\u00bb.<\/p>\n","protected":false},"excerpt":{"rendered":"L\u2019ancien 151e joueur mondial Enzo Couacaud prend sa retraite \u00e0 l\u2019\u00e2ge de 30 ans. Quelques jours apr\u00e8s\u00a0Ga\u00ebl Monfils,&hellip;\n","protected":false},"author":2,"featured_media":445711,"comment_status":"","ping_status":"","sticky":false,"template":"","format":"standard","meta":{"footnotes":""},"categories":[1412],"tags":[4169,1451,1452,1453,1454,1455,1011,27,60,1467],"class_list":{"0":"post-445710","1":"post","2":"type-post","3":"status-publish","4":"format-standard","5":"has-post-thumbnail","7":"category-f1","8":"tag-atp","9":"tag-f1","10":"tag-formula-1","11":"tag-formula1","12":"tag-formule-1","13":"tag-formule1","14":"tag-fr","15":"tag-france","16":"tag-sports","17":"tag-tennis"},"share_on_mastodon":{"url":"https:\/\/pubeurope.com\/@fr\/115334487911085063","error":""},"_links":{"self":[{"href":"https:\/\/www.europesays.com\/fr\/wp-json\/wp\/v2\/posts\/445710","targetHints":{"allow":["GET"]}}],"collection":[{"href":"https:\/\/www.europesays.com\/fr\/wp-json\/wp\/v2\/posts"}],"about":[{"href":"https:\/\/www.europesays.com\/fr\/wp-json\/wp\/v2\/types\/post"}],"author":[{"embeddable":true,"href":"https:\/\/www.europesays.com\/fr\/wp-json\/wp\/v2\/users\/2"}],"replies":[{"embeddable":true,"href":"https:\/\/www.europesays.com\/fr\/wp-json\/wp\/v2\/comments?post=445710"}],"version-history":[{"count":0,"href":"https:\/\/www.europesays.com\/fr\/wp-json\/wp\/v2\/posts\/445710\/revisions"}],"wp:featuredmedia":[{"embeddable":true,"href":"https:\/\/www.europesays.com\/fr\/wp-json\/wp\/v2\/media\/445711"}],"wp:attachment":[{"href":"https:\/\/www.europesays.com\/fr\/wp-json\/wp\/v2\/media?parent=445710"}],"wp:term":[{"taxonomy":"category","embeddable":true,"href":"https:\/\/www.europesays.com\/fr\/wp-json\/wp\/v2\/categories?post=445710"},{"taxonomy":"post_tag","embeddable":true,"href":"https:\/\/www.europesays.com\/fr\/wp-json\/wp\/v2\/tags?post=445710"}],"curies":[{"name":"wp","href":"https:\/\/api.w.org\/{rel}","templated":true}]}}