{"id":445712,"date":"2025-10-07T19:17:10","date_gmt":"2025-10-07T19:17:10","guid":{"rendered":"https:\/\/www.europesays.com\/fr\/445712\/"},"modified":"2025-10-07T19:17:10","modified_gmt":"2025-10-07T19:17:10","slug":"les-confidences-de-jean-philippe-mateta-sur-sa-premiere-selection-surprise-avec-la-france","status":"publish","type":"post","link":"https:\/\/www.europesays.com\/fr\/445712\/","title":{"rendered":"Les confidences de Jean-Philippe Mateta sur sa premi\u00e8re s\u00e9lection surprise avec la France"},"content":{"rendered":"<p>Voil\u00e0 le genre d\u2019histoires qui donnent le sourire. Depuis plusieurs saisons, <a href=\"https:\/\/www.footmercato.net\/joueur\/jean-philippe-mateta\/\" rel=\"nofollow noopener\" target=\"_blank\">Jean-Philippe Mateta<\/a> s\u2019\u00e9clate avec Crystal Palace. Devenant une r\u00e9f\u00e9rence \u00e0 son poste en Premier League, l\u2019ancien attaquant de l\u2019OL revient de loin et peut se targuer d\u2019avoir franchi de nombreux caps dans sa carri\u00e8re lors des derni\u00e8res ann\u00e9es. Entrant dans le c\u0153ur des Fran\u00e7ais lors des Jeux Olympiques de Paris avec cinq buts en six rencontres, l\u2019attaquant de 28 ans est alors devenu un nom \u00e0 surveiller dans les listes de Didier Deschamps. <\/p>\n<p>            La suite apr\u00e8s cette publicit\u00e9<\/p>\n<p>Entrant dans le radar du s\u00e9lectionneur fran\u00e7ais apr\u00e8s la retraite internationale d\u2019Olivier Giroud, l\u2019attaquant puissant n\u2019avait pas \u00e9t\u00e9 convoqu\u00e9 lors des derniers rassemblements. Pour autant, face aux nombreuses indisponibilit\u00e9s pour cette fen\u00eatre internationale d\u2019octobre, le nom de Jean-Philippe Mateta est devenu une alternative plus que cr\u00e9dible pour l\u2019\u00c9quipe de <a href=\"https:\/\/www.footmercato.net\/selection\/france\/\" rel=\"nofollow noopener\" target=\"_blank\">France<\/a>. Presque \u00e9vidente, la premi\u00e8re convocation du natif de Sevran a donc \u00e9t\u00e9 act\u00e9e jeudi dernier. Une juste r\u00e9compense qui a forc\u00e9ment suscit\u00e9 de l\u2019\u00e9moi chez l\u2019int\u00e9ress\u00e9. <\/p>\n<p>            La suite apr\u00e8s cette publicit\u00e9<\/p>\n<p>        Jean-Philippe Mateta ne s\u2019attendait pas \u00e0 \u00eatre appel\u00e9 avec l\u2019\u00c9quipe de France<\/p>\n<p>En effet, interrog\u00e9 par RMC, Mateta a expliqu\u00e9 qu\u2019il ne s\u2019attendait pas forc\u00e9ment \u00e0 \u00eatre appel\u00e9 avec les Bleus : \u00ab c\u2019est magnifique\u2026 Je connaissais d\u00e9j\u00e0 Clairefontaine, mais venir pour les A, c\u2019est indescriptible, c\u2019est un r\u00eave. La premi\u00e8re s\u00e9lection, tu l\u2019attends toujours parce que souvent, tu es pr\u00e9s\u00e9lectionn\u00e9, donc tu as l\u2019espoir d\u2019\u00eatre appel\u00e9. Apr\u00e8s, si tu n\u2019es pas appel\u00e9\u2026 Je suis un mec qui reste toujours ambitieux. Donc, si ce n\u2019est pas aujourd\u2019hui, c\u2019est demain, et si ce n\u2019est pas demain, c\u2019est apr\u00e8s-demain. J\u2019esp\u00e9rais beaucoup et quand j\u2019ai re\u00e7u cette convocation, j\u2019\u00e9tais vraiment content. Si je m\u2019y attendais ? Non, je l\u2019ai vraiment appris devant la t\u00e9l\u00e9vision. Je ne m\u2019y attendais pas. J\u2019esp\u00e9rais toujours parce que j\u2019\u00e9tais pr\u00e9s\u00e9lectionn\u00e9, donc je me disais toujours que je serais s\u00e9lectionn\u00e9 un jour. Et l\u00e0, c\u2019est magnifique, m\u00eame \u00e0 28 ans, on est toujours content \u00bb.<\/p>\n<p>Relanc\u00e9 ensuite sur ses ambitions avec les Bleus. Pour commencer, Mateta souhaite r\u00e9aliser un beau rassemblement avec la France pour aller, pourquoi pas, chercher sa place sur le long terme avec les Bleus : \u00ab c\u2019est vrai que j\u2019ai un profil atypique, donc je vais tout donner pour \u00ab\u00a0avoir mon mot \u00e0 dire\u00a0\u00bb comme vous dites (sourires). Didier Deschamps ? Oui, j\u2019ai parl\u00e9 avec lui et il m\u2019a fait comprendre que ce choix \u00e9tait m\u00e9rit\u00e9. Il m\u2019a dit \u00ab\u00a0Lib\u00e8re-toi, soit \u00e0 l\u2019aise, joins-toi au groupe, ne te prends pas trop la t\u00eate\u00a0\u00bb. (\u2026) Moi, je prends ce qu\u2019on me donne. Que ce soit l\u2019Azerba\u00efdjan ou un autre adversaire, s\u2019il me met sur le terrain, je vais me donner \u00e0 100%. Oui, je pense que je peux marquer, mais pas que contre l\u2019Azerba\u00efdjan (sourires)\u2026 \u00bb Vous l\u2019aurez compris, l\u2019\u00c9quipe de France va pouvoir compter sur un Jean-Philippe Mateta motiv\u00e9 pour les prochaines rencontres.<\/p>\n<p>\n    Pub. le 07\/10\/2025 20:30<br \/>\n            &#8211; MAJ le 07\/10\/2025 21:12\n    <\/p>\n","protected":false},"excerpt":{"rendered":"Voil\u00e0 le genre d\u2019histoires qui donnent le sourire. Depuis plusieurs saisons, Jean-Philippe Mateta s\u2019\u00e9clate avec Crystal Palace. Devenant&hellip;\n","protected":false},"author":2,"featured_media":445713,"comment_status":"","ping_status":"","sticky":false,"template":"","format":"standard","meta":{"footnotes":""},"categories":[1410],"tags":[63,1011,27,60],"class_list":{"0":"post-445712","1":"post","2":"type-post","3":"status-publish","4":"format-standard","5":"has-post-thumbnail","7":"category-football","8":"tag-football","9":"tag-fr","10":"tag-france","11":"tag-sports"},"share_on_mastodon":{"url":"https:\/\/pubeurope.com\/@fr\/115334495902682800","error":""},"_links":{"self":[{"href":"https:\/\/www.europesays.com\/fr\/wp-json\/wp\/v2\/posts\/445712","targetHints":{"allow":["GET"]}}],"collection":[{"href":"https:\/\/www.europesays.com\/fr\/wp-json\/wp\/v2\/posts"}],"about":[{"href":"https:\/\/www.europesays.com\/fr\/wp-json\/wp\/v2\/types\/post"}],"author":[{"embeddable":true,"href":"https:\/\/www.europesays.com\/fr\/wp-json\/wp\/v2\/users\/2"}],"replies":[{"embeddable":true,"href":"https:\/\/www.europesays.com\/fr\/wp-json\/wp\/v2\/comments?post=445712"}],"version-history":[{"count":0,"href":"https:\/\/www.europesays.com\/fr\/wp-json\/wp\/v2\/posts\/445712\/revisions"}],"wp:featuredmedia":[{"embeddable":true,"href":"https:\/\/www.europesays.com\/fr\/wp-json\/wp\/v2\/media\/445713"}],"wp:attachment":[{"href":"https:\/\/www.europesays.com\/fr\/wp-json\/wp\/v2\/media?parent=445712"}],"wp:term":[{"taxonomy":"category","embeddable":true,"href":"https:\/\/www.europesays.com\/fr\/wp-json\/wp\/v2\/categories?post=445712"},{"taxonomy":"post_tag","embeddable":true,"href":"https:\/\/www.europesays.com\/fr\/wp-json\/wp\/v2\/tags?post=445712"}],"curies":[{"name":"wp","href":"https:\/\/api.w.org\/{rel}","templated":true}]}}