{"id":445714,"date":"2025-10-07T19:18:20","date_gmt":"2025-10-07T19:18:20","guid":{"rendered":"https:\/\/www.europesays.com\/fr\/445714\/"},"modified":"2025-10-07T19:18:20","modified_gmt":"2025-10-07T19:18:20","slug":"sonia-rolland-lidentite-de-son-mari-revelee-journaldesfemmes-fr","status":"publish","type":"post","link":"https:\/\/www.europesays.com\/fr\/445714\/","title":{"rendered":"Sonia Rolland : l&#039;identit\u00e9 de son mari r\u00e9v\u00e9l\u00e9e &#8211; journaldesfemmes.fr"},"content":{"rendered":"<ol>\n<li><a href=\"https:\/\/news.google.com\/rss\/articles\/CBMi3wFBVV95cUxNMTFXMUxqSG90OHFWQl9hYlZFQUUwUWlyaERSVGxWWTFMWDM4aXJjZHh0TldRSmhmQ2V2ZVJsV0lQX3QxZkVpelFzZ0RWUjQ1T0lZWnRoVG02YVVkbkFkdEJJU2c5ZHQ4Yjh3TEhKSVI5QmZHRDM4bC15bEo5X3pKaFlvN2tYOVhLZWZVLU92T3dYUGRITUpnMmlrOG00R21vcFVsRmJnb2otb1hTUTlteXJYTmhvV0pwNW1PRzdteFFZZUVFUnVkdXlsNlUyaXhxVUZiSVNYT2U4NEg1WWdn?oc=5\" target=\"_blank\" rel=\"noopener\">Sonia Rolland : l&rsquo;identit\u00e9 de son mari r\u00e9v\u00e9l\u00e9e<\/a>&nbsp;&nbsp;journaldesfemmes.fr<\/li>\n<li><a href=\"https:\/\/news.google.com\/rss\/articles\/CBMiuAFBVV95cUxPYThURkFXcHZiU0V0ZXJMNW9ydXdJS3J4R2pYTTVEU1hxbmh5eDlBVDd5emJXeW5TT3lwTjFiUGt1dWI3MV9ncmxsc2I4MzFZTy1LdFNfcFZPbVMxdW1rVk1HNGJTTjBqNnBzS2FJRmdFR1UwOHpPbUFXN0xUNTlqRUNOakFLWWNUZW4zQmhobHBtMDBseC1mdVVZRkRHRTJJT0ZaTGxIanNhVXA0LXRCamMyMXFOcmpS0gG-AUFVX3lxTE5BbzE4ZWQtWEU5UUkxa09sYkYwSzBURDVCcTA2Z0NyVmRMWWNpdk91SUxMeXVWcUlyeU9sald6NlJCSmRLcFBjR1ltb2QwYXY3NFdtR28xdGlyWG1XV2xNVWZ3UkJoeTVxRGJ6MHdON29CREZHOWl1ejRBU1ZWbzlKMjFNQW9kQmpKQ2ktV1poTnhyN09LUm55LVdiNWg2Nk9kbG1CQ0t3V2I1ajhzdGJ5Qkk5VDZjV24zQVI2d0E?oc=5\" target=\"_blank\" rel=\"noopener\">Sonia Rolland se marie dans l\u2019Eure, et d\u00e9voile enfin l&rsquo;identit\u00e9 de son compagnon<\/a>&nbsp;&nbsp;CNews<\/li>\n<li><a href=\"https:\/\/news.google.com\/rss\/articles\/CBMizwFBVV95cUxNLWQzMDBwU1BGd2xjYjBYWWlQN0pZSG41WWlXTWo4QUhBbVpqSWVSVjBrZzZpczVZSG1icko1QUtFZWx3VndQb2Jhckg0Z1lta0pxdXBvSUl3em9UOGtlMV8xN1lhMVpyOEUyZUpwZ0hfYkh2N3F2S25FOGxMazFkT29pamZJaTdTTmZCUUF0ZFY2c2M4RzF2ODYtSG40TWt6ZlNLQTVxSjJmTllCWnpJcG5rclRZM29SeU0yUEszZHNDSEpneFY2LUthWkxnSnc?oc=5\" target=\"_blank\" rel=\"noopener\">Sonia Rolland : \u00ab Guillaume n&rsquo;est pas jaloux, ni possessif et c&rsquo;est compl\u00e8tement nouveau dans ma vie \u00bb<\/a>&nbsp;&nbsp;parismatch.com<\/li>\n<li><a href=\"https:\/\/news.google.com\/rss\/articles\/CBMiqwJBVV95cUxOV3RfYmdDS3N2NXcyMm5IT3ZqUE41TnRVQkE1eHZzQ2xQZzNBY0EtWlc3UkFFSmhwZHpZcGlMODVsek12cWRxVnRWSXgydlVMSy03RTRESWhlaHloZEgtRk1NN0FOYTlHb281U1RmR1ZuMmk1T18wMHowczluaWE0MUcwQjhlaENIZ010RF83UUJPN1hMT1YwSmRxZ2JlRldpdUNrb3doeXNyc0ZVelBVdnZKOF9RWUpBbkh6NTRaSEtZLUhfSXlqMjdpUWF6TTRUS21DM3ByTmpGdzUyYkx2QVM2UlY5Ri1UTDA1WGV6bkJfUUgtYUtYcXFjWFJGdEtpcmo3R0JTMXhLWXJlaFpTZ3hLWjBHd0lPYmZ3NmhqWW5HODQtenB1aGxZTQ?oc=5\" target=\"_blank\" rel=\"noopener\">\u00ab\u00a0Personne n\u2019\u00e9tait au courant !\u00a0\u00bb : Sonia Rolland demand\u00e9e en mariage par Guillaume Gabriel sur le tournage de Tropiques Criminels, et ses filles ont eu un r\u00f4le cl\u00e9 !<\/a>&nbsp;&nbsp;programme-tv.net<\/li>\n<li><a href=\"https:\/\/news.google.com\/rss\/articles\/CBMitgFBVV95cUxPY0VGUFV3WVp2QXU0dTBqM0V2ZE9UVHdETTV2UHJxUk14OGo5Tks2VTNmTjZ4M3IzUFBGaWJoM0ZSZDJGUW1mZnpqLVkyTksza2hjUlRLSU93ZnRqbGI1cVJNZGFqUEpRdDExZS1XRWw4NWJ4aVprNHlmeFpmVmEzU3N4SE5tV3FBTkNVSWJ0LXc2Y3RKQkg4NHE3cFpDNGlSYmJ0S1BPYjdlaEh3cHFrNEF5QlJKdw?oc=5\" target=\"_blank\" rel=\"noopener\">Sonia Rolland mari\u00e9e, Pierre Cosso d\u00e9sillusionn\u00e9, Eric Dane face \u00e0 la maladie<\/a>&nbsp;&nbsp;Cosmopolitan.fr<\/li>\n<\/ol>\n","protected":false},"excerpt":{"rendered":"Sonia Rolland : l&rsquo;identit\u00e9 de son mari r\u00e9v\u00e9l\u00e9e&nbsp;&nbsp;journaldesfemmes.fr Sonia Rolland se marie dans l\u2019Eure, et d\u00e9voile enfin l&rsquo;identit\u00e9&hellip;\n","protected":false},"author":2,"featured_media":445715,"comment_status":"","ping_status":"","sticky":false,"template":"","format":"standard","meta":{"footnotes":""},"categories":[1359],"tags":[57181,51761,58,59,52292,1011,27,51766,1031,973],"class_list":{"0":"post-445714","1":"post","2":"type-post","3":"status-publish","4":"format-standard","5":"has-post-thumbnail","7":"category-people","8":"tag-cms-journaldesfemmes-3243150","9":"tag-controller-content","10":"tag-divertissement","11":"tag-entertainment","12":"tag-format-reportage","13":"tag-fr","14":"tag-france","15":"tag-les-histoires-du-jdf","16":"tag-magazine","17":"tag-people"},"share_on_mastodon":{"url":"https:\/\/pubeurope.com\/@fr\/115334499711671144","error":""},"_links":{"self":[{"href":"https:\/\/www.europesays.com\/fr\/wp-json\/wp\/v2\/posts\/445714","targetHints":{"allow":["GET"]}}],"collection":[{"href":"https:\/\/www.europesays.com\/fr\/wp-json\/wp\/v2\/posts"}],"about":[{"href":"https:\/\/www.europesays.com\/fr\/wp-json\/wp\/v2\/types\/post"}],"author":[{"embeddable":true,"href":"https:\/\/www.europesays.com\/fr\/wp-json\/wp\/v2\/users\/2"}],"replies":[{"embeddable":true,"href":"https:\/\/www.europesays.com\/fr\/wp-json\/wp\/v2\/comments?post=445714"}],"version-history":[{"count":0,"href":"https:\/\/www.europesays.com\/fr\/wp-json\/wp\/v2\/posts\/445714\/revisions"}],"wp:featuredmedia":[{"embeddable":true,"href":"https:\/\/www.europesays.com\/fr\/wp-json\/wp\/v2\/media\/445715"}],"wp:attachment":[{"href":"https:\/\/www.europesays.com\/fr\/wp-json\/wp\/v2\/media?parent=445714"}],"wp:term":[{"taxonomy":"category","embeddable":true,"href":"https:\/\/www.europesays.com\/fr\/wp-json\/wp\/v2\/categories?post=445714"},{"taxonomy":"post_tag","embeddable":true,"href":"https:\/\/www.europesays.com\/fr\/wp-json\/wp\/v2\/tags?post=445714"}],"curies":[{"name":"wp","href":"https:\/\/api.w.org\/{rel}","templated":true}]}}