{"id":445716,"date":"2025-10-07T19:20:21","date_gmt":"2025-10-07T19:20:21","guid":{"rendered":"https:\/\/www.europesays.com\/fr\/445716\/"},"modified":"2025-10-07T19:20:21","modified_gmt":"2025-10-07T19:20:21","slug":"petites-histoires-grandes-emotions-la-presse-de-tunisie","status":"publish","type":"post","link":"https:\/\/www.europesays.com\/fr\/445716\/","title":{"rendered":"Petites histoires, grandes \u00e9motions \u2013 La Presse de Tunisie"},"content":{"rendered":"<p>\t\t\t\t\t\t\t\t\t\t<img width=\"850\" height=\"491\" src=\"https:\/\/www.europesays.com\/fr\/wp-content\/uploads\/2025\/10\/vient-de-paraitre-850x491.jpg\" class=\"attachment-bdaia-large size-bdaia-large wp-post-image\" alt=\"Vient de paraitre\" decoding=\"async\" fetchpriority=\"high\"  \/>\t\t\t\t\t\t\t\t\t\t\t\t\t\t\t\t\t\t\t<\/p>\n<p class=\"p1\"><strong>A travers ce livre, Moez Naija imagine, invente tout en se d\u00e9ployant dans des soucis concrets. Le style d\u2019\u00e9criture est simple, fluide, profond\u00e9ment humain et fortement \u00e9vocateur.<\/strong><\/p>\n<p class=\"p1\"><b>La Presse <\/b>\u2014 Ing\u00e9nieur de formation et \u00e9crivain, Moez Naija vient de publier un nouveau recueil de nouvelles en langue arabe \u00ab\u00a0De beaux d\u00e9tails\u00a0\u00bb\u00a0(Tafassil jamila) paru aux \u00e9ditions Hekayat. Il compte d\u00e9j\u00e0 \u00e0 son actif d\u2019autres \u00e9crits dont un roman \u00ab\u00a0Histoire d\u2019une passion au temps perdu\u00a0\u00bb et un recueil de nouvelles \u00ab\u00a0La voleuse de roses\u00a0\u00bb.\u00a0<\/p>\n<p class=\"p1\">\u00ab\u00a0De beaux d\u00e9tails\u00a0\u00bb comprend douze nouvelles courtes avec, souvent, une chute surprenante. Loin des grandes fresques, ce sont des drames personnels o\u00f9 l\u2019intime se m\u00eale au social. Le livre se veut alors un portrait \u00e9clat\u00e9 de notre \u00e9poque qui touche par sa sinc\u00e9rit\u00e9 et sa capacit\u00e9 \u00e0 r\u00e9v\u00e9ler, en quelques pages, la complexit\u00e9 de la nature humaine. Les r\u00e9cits sont structur\u00e9s autour de personnages issus de milieux vari\u00e9s, dont un peintre, un fonctionnaire d\u00e9sesp\u00e9r\u00e9, une veuve afflig\u00e9e, un m\u00e9decin..Le personnage de l\u2019\u00e9crivain appara\u00eet \u00e0 deux reprises, avec un profil distinct \u00e0 chaque fois.<\/p>\n<p class=\"p1\">La plupart des histoires sont r\u00e9alistes et ancr\u00e9es dans un cadre spatial reconnaissable et tangible, comme Djerba par exemple ou Kerkenah. D\u2019autres sont teint\u00e9es de fantastique, dont notamment la deuxi\u00e8me nouvelle qui \u00e9voque la retraite spirituelle et une autre intitul\u00e9e \u00ab\u00a0L\u2019homme qui cherche son temps perdu\u00a0\u00bb.\u00a0<\/p>\n<p class=\"p1\">A travers ce livre, Moez Naija imagine, invente tout en se d\u00e9ployant dans des soucis concrets. Le style d\u2019\u00e9criture est simple, fluide, profond\u00e9ment humain et fortement \u00e9vocateur. Avec une alternance de narration \u00e0 la premi\u00e8re et \u00e0 la troisi\u00e8me personne, ou m\u00eame un m\u00e9lange pour la nouvelle polyphonique \u00ab\u00a0Le portrait du bonheur\u00a0\u00bb, chaque r\u00e9cit met en sc\u00e8ne un nombre restreint de protagonistes pour aborder des th\u00e8mes divers.\u00a0<\/p>\n<p class=\"p1\">Afin de raconter des vies marqu\u00e9es par la trag\u00e9die, mais aussi par la force humaine, Moez Naija a peint des \u00eatres souvent seuls, confront\u00e9s \u00e0 des choix difficiles, aux blessures du pass\u00e9, aux d\u00e9ceptions amoureuses, \u00e0 une qu\u00eate de renouveau quand tout semble s\u2019assombrir\u2026 Il interroge ainsi les liens familiaux, la solitude, le mal-\u00eatre, la spiritualit\u00e9\u2026<\/p>\n<p class=\"p1\">La tonalit\u00e9 de l\u2019\u0153uvre est donc douce-am\u00e8re, parfois m\u00e9lancolique, avec une majorit\u00e9 de d\u00e9nouements heureux. Les passages \u00e9crits \u00e0 la premi\u00e8re personne permettent une plong\u00e9e introspective dans la psych\u00e9 des protagonistes pour expliquer des \u00e9motions humaines plus profondes. Une r\u00e9flexion sur des enjeux contemporains engag\u00e9s traverse \u00e9galement les r\u00e9cits, tels que la valorisation du tourisme \u00e0 Djerba r\u00e9cemment inscrite au patrimoine de l\u2019Unesco ou encore le militantisme \u00e9cologique.<\/p>\n<p class=\"p1\">En cr\u00e9ant des situations inspir\u00e9es par la vie quotidienne, Moez Naija fait preuve d\u2019originalit\u00e9 par une mani\u00e8re de raconter qui\u00a0 captive par les d\u00e9tails. \u00ab\u00a0Le d\u00e9tail donne \u00e0 l\u2019\u0153uvre sa v\u00e9rit\u00e9 \u00bb, dixit Emile Zola. En plus de l\u2019\u00e9clairage qu\u2019ils nous apportent sur des exp\u00e9riences personnelles et des ressentis, des indices et des nuances accentuent le suspense et l\u2019impact \u00e9motionnel de chaque r\u00e9plique, de chaque geste.<\/p>\n<p class=\"p1\">Le recueil joue ainsi avec les attentes du lecteur et certaines nouvelles s\u2019ach\u00e8vent sur un renversement inattendu par un \u00e9v\u00e9nement mineur ou m\u00eame une r\u00e9plique. Ces \u00ab plot twists \u00bb subtils font de chaque fin un moment \u00e0 fort retentissement. Dans sa narration, Moez Naija est \u00e9galement en qu\u00eate continue de beaut\u00e9, comme il l\u2019a annonc\u00e9 dans sa pr\u00e9face.<\/p>\n<p class=\"p1\">\u00ab\u00a0De beaux d\u00e9tails qui \u00e9l\u00e8vent et embellissent notre perception de la vie\u00a0\u00bb, \u00e9crit-il. Loin d\u2019\u00eatre une beaut\u00e9 \u00e9vidente, elle est \u00e0 d\u00e9nicher dans les replis du quotidien, dans les blessures et les fulgurances de l\u2019existence. Dans cette qu\u00eate, l\u2019\u00e9crivain entra\u00eene le lecteur \u00e0 scruter le sens insoup\u00e7onn\u00e9 derri\u00e8re l\u2019apparente banalit\u00e9, afin de d\u00e9couvrir ce qui, dans le chaos de chaque histoire racont\u00e9e, peut susciter son \u00e9merveillement.<\/p>\n<p class=\"p1\">Avec le recueil de nouvelles \u00ab\u00a0De beaux d\u00e9tails\u00a0\u00bb, l\u2019\u00e9crivain aspire ainsi \u00e0 d\u00e9passer le simple divertissement de la lecture. Il y voit une forme de r\u00e9conciliation avec soi-m\u00eame, comme il l\u2019a soulign\u00e9, mais aussi un apaisement face aux blessures du pass\u00e9, celles qui p\u00e8sent sur l\u2019\u00e2me, tourmentent les souvenirs et entravent la qu\u00eate de paix int\u00e9rieure.<\/p>\n","protected":false},"excerpt":{"rendered":"A travers ce livre, Moez Naija imagine, invente tout en se d\u00e9ployant dans des soucis concrets. Le style&hellip;\n","protected":false},"author":2,"featured_media":445717,"comment_status":"","ping_status":"","sticky":false,"template":"","format":"standard","meta":{"footnotes":""},"categories":[1357],"tags":[1379,58,59,1011,27,1380],"class_list":{"0":"post-445716","1":"post","2":"type-post","3":"status-publish","4":"format-standard","5":"has-post-thumbnail","7":"category-livres","8":"tag-books","9":"tag-divertissement","10":"tag-entertainment","11":"tag-fr","12":"tag-france","13":"tag-livres"},"share_on_mastodon":{"url":"https:\/\/pubeurope.com\/@fr\/115334508045703155","error":""},"_links":{"self":[{"href":"https:\/\/www.europesays.com\/fr\/wp-json\/wp\/v2\/posts\/445716","targetHints":{"allow":["GET"]}}],"collection":[{"href":"https:\/\/www.europesays.com\/fr\/wp-json\/wp\/v2\/posts"}],"about":[{"href":"https:\/\/www.europesays.com\/fr\/wp-json\/wp\/v2\/types\/post"}],"author":[{"embeddable":true,"href":"https:\/\/www.europesays.com\/fr\/wp-json\/wp\/v2\/users\/2"}],"replies":[{"embeddable":true,"href":"https:\/\/www.europesays.com\/fr\/wp-json\/wp\/v2\/comments?post=445716"}],"version-history":[{"count":0,"href":"https:\/\/www.europesays.com\/fr\/wp-json\/wp\/v2\/posts\/445716\/revisions"}],"wp:featuredmedia":[{"embeddable":true,"href":"https:\/\/www.europesays.com\/fr\/wp-json\/wp\/v2\/media\/445717"}],"wp:attachment":[{"href":"https:\/\/www.europesays.com\/fr\/wp-json\/wp\/v2\/media?parent=445716"}],"wp:term":[{"taxonomy":"category","embeddable":true,"href":"https:\/\/www.europesays.com\/fr\/wp-json\/wp\/v2\/categories?post=445716"},{"taxonomy":"post_tag","embeddable":true,"href":"https:\/\/www.europesays.com\/fr\/wp-json\/wp\/v2\/tags?post=445716"}],"curies":[{"name":"wp","href":"https:\/\/api.w.org\/{rel}","templated":true}]}}