{"id":445718,"date":"2025-10-07T19:24:12","date_gmt":"2025-10-07T19:24:12","guid":{"rendered":"https:\/\/www.europesays.com\/fr\/445718\/"},"modified":"2025-10-07T19:24:12","modified_gmt":"2025-10-07T19:24:12","slug":"voici-les-departements-les-plus-touches-par-lepidemie","status":"publish","type":"post","link":"https:\/\/www.europesays.com\/fr\/445718\/","title":{"rendered":"voici les d\u00e9partements les plus touch\u00e9s par l&rsquo;\u00e9pid\u00e9mie"},"content":{"rendered":"<p>            Par<br \/>\n        <strong><br \/>\n            <a href=\"https:\/\/actu.fr\/auteur\/briac-trebert\" title=\"Consulter tous les articles de Briac Tr\u00e9bert\" target=\"_blank\" rel=\"noopener\">Briac Tr\u00e9bert<\/a><br \/>\n        <\/strong><\/p>\n<p>        Publi\u00e9 le<\/p>\n<p>            7 oct. 2025 \u00e0 18h19        <\/p>\n<p>\u00c0 l\u2019<a href=\"https:\/\/actu.fr\/tag\/hopital\" target=\"_blank\" rel=\"noopener\">h\u00f4pital<\/a> et dans les cabinets m\u00e9dicaux, le retour du <a href=\"https:\/\/actu.fr\/societe\/coronavirus\" target=\"_blank\" rel=\"noopener\">Covid-19<\/a> se confirme en France, <a href=\"https:\/\/actu.fr\/societe\/coronavirus\/covid-19-le-variant-xfg-frankenstein-progresse-en-france-faut-il-s-en-inquieter_63224030.html\" target=\"_blank\" rel=\"noopener\">comme nous l\u2019expliquons dans cet article<\/a>. Avec la reprise \u00e9pid\u00e9mique, les pharmacies sont aussi de plus en plus sollicit\u00e9es pour des autotests. De nombreuses personnes sont tomb\u00e9es malades ces derni\u00e8res semaines.<\/p>\n<p class=\" wall-content\">Actuellement, c\u2019est un variant appel\u00e9 XFG, nouvel avatar de la grande famille Omicron, qui domine dans la circulation du virus Sars-CoV-2.<\/p>\n<p class=\" wall-content\">Cette recombinaison de deux variants ant\u00e9rieurs (LF.7 et LP.8.1.2) est d\u2019ailleurs \u00ab sous surveillance \u00bb de l\u2019Organisation mondiale de la Sant\u00e9 (OMS) depuis fin juin, notamment pour sa contagiosit\u00e9 jug\u00e9e plus \u00e9lev\u00e9e. Mais, \u00e0 ce stade, il n\u2019a pas d\u00e9montr\u00e9 de s\u00e9v\u00e9rit\u00e9 accrue par rapport aux pr\u00e9c\u00e9dentes versions d\u2019Omicron, selon les sp\u00e9cialistes, et rien qui justifierait son surnom de \u00ab Frankenstein \u00bb, relay\u00e9 principalement sur les r\u00e9seaux sociaux en r\u00e9f\u00e9rence au monstre imagin\u00e9 par la romanci\u00e8re Mary Shelley.<\/p>\n<p>Ces d\u00e9partements plus touch\u00e9s\u00a0<\/p>\n<p class=\" wall-content\">Alors que la campagne de vaccination n\u2019a pas encore d\u00e9but\u00e9, des d\u00e9partements semblent n\u00e9anmoins plus touch\u00e9s que d\u2019autres avec des passages aux urgences et des actes de SOS M\u00e9decins parfois en forte hausse, selon Odiss\u00e9, le portail open data de Sant\u00e9 publique France.<\/p>\n<p class=\" wall-content\">\n<p class=\" wall-content\">Si la carte ne s\u2019affiche pas, <a href=\"https:\/\/public.flourish.studio\/visualisation\/25508938\/\" target=\"_blank\" rel=\"noopener\">cliquez ici<\/a>.<\/p>\n<p class=\" wall-content\">Des pourcentages impressionnants qui doivent cependant \u00eatre relativis\u00e9s car les niveaux de d\u00e9part \u00e9taient faibles. Mais ils montrent n\u00e9anmoins une dynamique de reprise nette.<\/p>\n<p class=\" wall-content\">Cette ann\u00e9e, la campagne de vaccination hivernale doit commencer le mardi 14 octobre 2025, avec pour public cible principal les plus de 65 ans ainsi que les personnes jug\u00e9es \u00e0 risques. Les autorit\u00e9s sanitaires misent \u00e9galement sur un respect des gestes barri\u00e8res pour limiter la propagation du Covid-19 : port du masque dans les lieux bond\u00e9s ou mal ventil\u00e9s, lavage r\u00e9gulier des mains et a\u00e9ration des espaces clos.<\/p>\n<p>Votre r\u00e9gion, votre actu !<\/p>\n<p>Recevez chaque jour les infos qui comptent pour vous.<\/p>\n<p>\t<a href=\"https:\/\/actu.fr\/newsletter\" class=\"ac-btn ac-btn--corner ac-btn--medium ac-btn--blue800\" target=\"_blank\" rel=\"noopener\">S&rsquo;incrire<\/a><br \/>\nUne campagne de vaccination conjointe contre la grippe et le Covid-19\u00a0<\/p>\n<p class=\" wall-content\">C\u2019est une nouvelle fois une campagne conjointe de vaccination contre la <a href=\"https:\/\/actu.fr\/tag\/grippe\" target=\"_blank\" rel=\"noopener\">grippe<\/a> et le Covid-19 qui sera men\u00e9e \u00e0 partir de la semaine prochaine. Une vaccination essentielle pour prot\u00e9ger les personnes \u00e0 risques d\u2019une forme grave, les professionnels de <a href=\"https:\/\/actu.fr\/tag\/sante\" target=\"_blank\" rel=\"noopener\">sant\u00e9<\/a> et les populations en contact avec des personnes vuln\u00e9rables, insiste Sant\u00e9 publique France.<\/p>\n<p>La vaccination contre le Covid-19 ? Pour qui ? <\/p>\n<p>La vaccination est fortement recommand\u00e9e pour les personnes \u00e2g\u00e9es de 65 ans et plus, les personnes, \u00e2g\u00e9es de 6 mois ou plus, atteintes de comorbidit\u00e9s ayant un risque plus \u00e9lev\u00e9 de forme grave de la maladie (maladies chroniques cardiaques, vasculaires, h\u00e9patiques, r\u00e9nales, pulmonaires, diab\u00e8te, ob\u00e9sit\u00e9, cancers, personnes ayant subi une greffe d\u2019organe solide ou de cellules souches h\u00e9matopo\u00ef\u00e9tiques), les personnes immunod\u00e9prim\u00e9es, les femmes enceintes, les r\u00e9sidents en \u00e9tablissements d\u2019h\u00e9bergement pour personnes \u00e2g\u00e9es d\u00e9pendantes (Ehpad) et unit\u00e9s de soins de longue dur\u00e9e (USLD) et les r\u00e9sidents en \u00e9tablissements pour personnes en situation de handicap. <br \/>Mais aussi l\u2019entourage des nourrissons de moins de 6 mois \u00e0 risques, l\u2019entourage des personnes immunod\u00e9prim\u00e9es, les professionnels (secteurs sanitaires et m\u00e9dico-sociaux) en contact r\u00e9gulier et prolong\u00e9 avec des personnes \u00e0 risques, le personnel navigant des bateaux de croisi\u00e8re et des avions et le personnel de l\u2019industrie des voyages accompagnant les groupes de voyageurs (guides), auxquelles s\u2019ajoutent les personnes atteintes de trisomie 21, de troubles psychiatriques ou de d\u00e9mence.<br \/>Ces populations sont \u00e9ligibles \u00e0 partir de six mois apr\u00e8s leur derni\u00e8re infection ou injection de vaccin contre le Covid-19. Ce d\u00e9lai est r\u00e9duit \u00e0 trois mois pour les personnes immunod\u00e9prim\u00e9es et les personnes \u00e2g\u00e9es de 80 ans ou plus, en raison de leur d\u00e9ficit immunitaire, responsable d\u2018un taux plus faible et d\u2019un d\u00e9clin plus rapide des anticorps neutralisants.<br \/>Mais toute personne souhaitant se faire vacciner, m\u00eame si elle ne fait pas partie de la cible, peut recevoir une injection contre le Covid-19, insiste Sant\u00e9 publique France.<\/p>\n<p>\u00a0<\/p>\n<p class=\" wall-content\">\u200bEntre deux et six millions de personnes sont touch\u00e9es chaque ann\u00e9e par l\u2019\u00e9pid\u00e9mie de grippe en France hexagonale. Plus de 90% des d\u00e9c\u00e8s li\u00e9s \u00e0 la grippe (9 000 en moyenne en France) surviennent chez des personnes de 65 ans et plus. Et chaque ann\u00e9e, en moyenne, 2 000 personnes de 65 ans et plus sont sauv\u00e9es gr\u00e2ce \u00e0 la vaccination, mettent en avant les autorit\u00e9s sanitaires.\u00a0\u00a0<\/p>\n<p>Vaccin enti\u00e8rement gratuit<\/p>\n<p class=\" wall-content\">Les personnes cibl\u00e9es par la vaccination contre le Covid-19 sont les m\u00eames que celles cibl\u00e9es par les recommandations de vaccination contre la grippe. \u00c0 noter cependant que sont \u00e9galement cibl\u00e9es pour la vaccination contre le Covid-19 uniquement, les personnes atteintes de troubles psychiatriques, de d\u00e9mence ou de trisomie 21.<\/p>\n<p class=\" wall-content\">Le vaccin contre le Covid-19 (c\u2019est le vaccin Comirnaty\u00ae JN.1, le seul vaccin \u00e0 ARNm, qui sera distribu\u00e9 durant la campagne hivernale) est enti\u00e8rement gratuit. Le vaccin antigrippal lui est enti\u00e8rement rembours\u00e9 par l\u2019<a href=\"https:\/\/actu.fr\/tag\/securite-sociale\" target=\"_blank\" rel=\"noopener\">Assurance maladie<\/a> pour les personnes \u00e0 risques, et \u00e0 hauteur de 65% pour les enfants de 2 \u00e0 17 ans.\u00a0<\/p>\n<p class=\" wall-content\">Personnalisez votre actualit\u00e9 en ajoutant vos villes et m\u00e9dias en favori avec <a href=\"https:\/\/moncompte.actu.fr\" title=\"D\u00e9couvez Mon Actu\" rel=\"nofollow noopener\" data-trk=\"{&quot;cta&quot;:{&quot;action&quot;:&quot;https:\\\/\\\/moncompte.actu.fr&quot;,&quot;category&quot;:&quot;mon compte&quot;,&quot;from&quot;:&quot;article footer&quot;,&quot;name&quot;:&quot;Mon actu&quot;,&quot;type&quot;:&quot;cta&quot;}}\" target=\"_blank\">Mon Actu<\/a>.<\/p>\n","protected":false},"excerpt":{"rendered":"Par Briac Tr\u00e9bert Publi\u00e9 le 7 oct. 2025 \u00e0 18h19 \u00c0 l\u2019h\u00f4pital et dans les cabinets m\u00e9dicaux, le&hellip;\n","protected":false},"author":2,"featured_media":445719,"comment_status":"","ping_status":"","sticky":false,"template":"","format":"standard","meta":{"footnotes":""},"categories":[10],"tags":[4356,4379,1011,27,29786,72,71,104],"class_list":{"0":"post-445718","1":"post","2":"type-post","3":"status-publish","4":"format-standard","5":"has-post-thumbnail","7":"category-sante","8":"tag-coronavirus","9":"tag-coronavirus-covid","10":"tag-fr","11":"tag-france","12":"tag-grippe","13":"tag-health","14":"tag-sante","15":"tag-societe"},"share_on_mastodon":{"url":"https:\/\/pubeurope.com\/@fr\/115334523413482387","error":""},"_links":{"self":[{"href":"https:\/\/www.europesays.com\/fr\/wp-json\/wp\/v2\/posts\/445718","targetHints":{"allow":["GET"]}}],"collection":[{"href":"https:\/\/www.europesays.com\/fr\/wp-json\/wp\/v2\/posts"}],"about":[{"href":"https:\/\/www.europesays.com\/fr\/wp-json\/wp\/v2\/types\/post"}],"author":[{"embeddable":true,"href":"https:\/\/www.europesays.com\/fr\/wp-json\/wp\/v2\/users\/2"}],"replies":[{"embeddable":true,"href":"https:\/\/www.europesays.com\/fr\/wp-json\/wp\/v2\/comments?post=445718"}],"version-history":[{"count":0,"href":"https:\/\/www.europesays.com\/fr\/wp-json\/wp\/v2\/posts\/445718\/revisions"}],"wp:featuredmedia":[{"embeddable":true,"href":"https:\/\/www.europesays.com\/fr\/wp-json\/wp\/v2\/media\/445719"}],"wp:attachment":[{"href":"https:\/\/www.europesays.com\/fr\/wp-json\/wp\/v2\/media?parent=445718"}],"wp:term":[{"taxonomy":"category","embeddable":true,"href":"https:\/\/www.europesays.com\/fr\/wp-json\/wp\/v2\/categories?post=445718"},{"taxonomy":"post_tag","embeddable":true,"href":"https:\/\/www.europesays.com\/fr\/wp-json\/wp\/v2\/tags?post=445718"}],"curies":[{"name":"wp","href":"https:\/\/api.w.org\/{rel}","templated":true}]}}