{"id":445727,"date":"2025-10-07T19:29:11","date_gmt":"2025-10-07T19:29:11","guid":{"rendered":"https:\/\/www.europesays.com\/fr\/445727\/"},"modified":"2025-10-07T19:29:11","modified_gmt":"2025-10-07T19:29:11","slug":"210-drones-ukrainiens-interceptes-par-la-russie-mais-zelensky-vante-son-industrie-de-defense","status":"publish","type":"post","link":"https:\/\/www.europesays.com\/fr\/445727\/","title":{"rendered":"210 drones ukrainiens intercept\u00e9s par la Russie mais Zelensky vante son industrie de D\u00e9fense"},"content":{"rendered":"<p>Vous avez rat\u00e9 les derniers \u00e9v\u00e9nements sur la <a href=\"https:\/\/www.20minutes.fr\/monde\/ukraine\/\" class=\"c-link c-link--is-underlined\" target=\"_blank\" rel=\"noopener\">guerre en Ukraine<\/a>\u00a0? 20 Minutes fait le point pour vous tous les soirs. Voici l\u2019essentiel de ce mardi 7\u00a0octobre, 1.322e jour du conflit.<\/p>\n<p>Le fait du jour<\/p>\n<p>La Russie a annonc\u00e9 mardi avoir intercept\u00e9 210 drones ukrainiens dans la nuit et la matin\u00e9e, l\u2019une des attaques de Kiev les plus massives depuis le d\u00e9but de l\u2019offensive \u00e0 grande \u00e9chelle de Moscou en Ukraine en f\u00e9vrier\u00a02022. Entre 6\u00a0heures et 7\u00a0heures mardi, 25 drones ont \u00e9t\u00e9 neutralis\u00e9s, dont 16 au-dessus de la mer Noire, a indiqu\u00e9 le minist\u00e8re russe de la D\u00e9fense.<\/p>\n<p>Outre des attaques dans les r\u00e9gions russes de Koursk (62 drones neutralis\u00e9s) et <a href=\"https:\/\/www.20minutes.fr\/monde\/ukraine\/4177530-20251006-guerre-ukraine-zelensky-denonce-presence-composants-etrangers-missiles-drones-russes\" class=\"c-link c-link--is-underlined\" target=\"_blank\" rel=\"noopener\">de Belgorod<\/a> (31), frontali\u00e8res de l\u2019Ukraine, 30 appareils sans pilote ont \u00e9galement \u00e9t\u00e9 intercept\u00e9s dans la r\u00e9gion de Nijni Novgorod, \u00e0 l\u2019est de Moscou, selon la m\u00eame source. Dans cette r\u00e9gion, l\u2019attaque a notamment cibl\u00e9 la zone industrielle de Dzerjinsk qui abrite plusieurs entreprises chimiques, a pr\u00e9cis\u00e9 sur Telegram le gouverneur, Gleb Nikitine.<\/p>\n<p>Par ailleurs, une attaque de drones avait vis\u00e9 lundi soir un site industriel \u00e0 Tioumen, en Sib\u00e9rie, une premi\u00e8re dans cette ville situ\u00e9e \u00e0 plus de 1.800 kilom\u00e8tres de l\u2019Ukraine.<\/p>\n<p><\/p>\n<p>La d\u00e9claration du jour<\/p>\n<blockquote class=\"mx-m@xs mx-xxl@md color-ultramarine c-citation\">\n<p class=\"font-weight-regular@xs text-italic font-source-serif-pro text-l@xs c-citation__content\">\u00ab\u00a0Les capacit\u00e9s de l\u2019industrie ukrainienne de la d\u00e9fense ont \u00e9t\u00e9 multipli\u00e9es par dix. Plus de 40 % des armes utilis\u00e9es au front sont soit fabriqu\u00e9es en Ukraine, soit produites avec l\u2019Ukraine.\u00a0\u00bb<\/p>\n<\/blockquote>\n<p>Si le pr\u00e9sident ukrainien a d\u00e9nonc\u00e9 lundi la pr\u00e9sence de milliers de composants fournis par des entreprises \u00e9trang\u00e8res, notamment am\u00e9ricaines, allemandes ou encore japonaises, dans les syst\u00e8mes de missiles et drones utilis\u00e9s par la <a href=\"https:\/\/www.20minutes.fr\/monde\/russie\/\" class=\"c-link c-link--is-underlined\" target=\"_blank\" rel=\"noopener\">Russie<\/a>, il a par ailleurs indiqu\u00e9 lors d\u2019un forum international des industries de la d\u00e9fense \u00e0 Kiev que depuis\u00a02022, \u00ab\u00a0les capacit\u00e9s de l\u2019industrie ukrainienne de la d\u00e9fense ont \u00e9t\u00e9 multipli\u00e9es par dix\u00a0\u00bb. \u00ab\u00a0Plus de 40\u00a0% des armes utilis\u00e9es au front sont soit fabriqu\u00e9es en Ukraine, soit produites avec l\u2019Ukraine\u00a0\u00bb, a-t-il assur\u00e9.<\/p>\n<p>Le chiffre du jour<\/p>\n<p>5. La journ\u00e9e de mardi a \u00e9t\u00e9 particuli\u00e8rement mortelle. Une frappe de drone a tu\u00e9 quatre personnes dans la partie de la r\u00e9gion ukrainienne de <a href=\"https:\/\/www.20minutes.fr\/monde\/kherson\/\" class=\"c-link c-link--is-underlined\" target=\"_blank\" rel=\"noopener\">Kherson<\/a> (sud) sous occupation russe, a affirm\u00e9 mardi le responsable local nomm\u00e9 par Moscou dans ce territoire, qui a accus\u00e9 Kiev d\u2019avoir vis\u00e9 d\u00e9lib\u00e9r\u00e9ment des civils. Sur Telegram, ce responsable, Vladimir Saldo, a affirm\u00e9 que ces quatre personnes avaient \u00e9t\u00e9 tu\u00e9es sur une route entre les localit\u00e9s de Zavodivka et Gornosta\u00efvka lors d\u2019une attaque ukrainienne de drones \u00ab\u00a0ciblant des v\u00e9hicules civils\u00a0\u00bb.<\/p>\n<p>A Kherson, la capitale r\u00e9gionale toujours sous contr\u00f4le ukrainien, un homme de 65 ans a pour sa part \u00e9t\u00e9 tu\u00e9 mardi matin par une attaque de drone imput\u00e9e \u00e0 Moscou, a annonc\u00e9 le chef de l\u2019administration militaire r\u00e9gionale, Oleksandr Prokoudine.<\/p>\n","protected":false},"excerpt":{"rendered":"Vous avez rat\u00e9 les derniers \u00e9v\u00e9nements sur la guerre en Ukraine\u00a0? 20 Minutes fait le point pour vous&hellip;\n","protected":false},"author":2,"featured_media":445728,"comment_status":"","ping_status":"","sticky":false,"template":"","format":"standard","meta":{"footnotes":""},"categories":[5],"tags":[47,11,1813,4755,564,1011,27,131,14,28370,3343,74,1916,12,132,27323,2049,134,28],"class_list":{"0":"post-445727","1":"post","2":"type-post","3":"status-publish","4":"format-standard","5":"has-post-thumbnail","7":"category-international","8":"tag-actualite","9":"tag-actualites","10":"tag-armee","11":"tag-bombardement","12":"tag-drone","13":"tag-fr","14":"tag-france","15":"tag-guerre-en-ukraine","16":"tag-international","17":"tag-kherson","18":"tag-missile","19":"tag-monde","20":"tag-moscou","21":"tag-news","22":"tag-russie","23":"tag-siberie","24":"tag-soldat","25":"tag-volodymyr-zelensky","26":"tag-world"},"share_on_mastodon":{"url":"https:\/\/pubeurope.com\/@fr\/115334543107404600","error":""},"_links":{"self":[{"href":"https:\/\/www.europesays.com\/fr\/wp-json\/wp\/v2\/posts\/445727","targetHints":{"allow":["GET"]}}],"collection":[{"href":"https:\/\/www.europesays.com\/fr\/wp-json\/wp\/v2\/posts"}],"about":[{"href":"https:\/\/www.europesays.com\/fr\/wp-json\/wp\/v2\/types\/post"}],"author":[{"embeddable":true,"href":"https:\/\/www.europesays.com\/fr\/wp-json\/wp\/v2\/users\/2"}],"replies":[{"embeddable":true,"href":"https:\/\/www.europesays.com\/fr\/wp-json\/wp\/v2\/comments?post=445727"}],"version-history":[{"count":0,"href":"https:\/\/www.europesays.com\/fr\/wp-json\/wp\/v2\/posts\/445727\/revisions"}],"wp:featuredmedia":[{"embeddable":true,"href":"https:\/\/www.europesays.com\/fr\/wp-json\/wp\/v2\/media\/445728"}],"wp:attachment":[{"href":"https:\/\/www.europesays.com\/fr\/wp-json\/wp\/v2\/media?parent=445727"}],"wp:term":[{"taxonomy":"category","embeddable":true,"href":"https:\/\/www.europesays.com\/fr\/wp-json\/wp\/v2\/categories?post=445727"},{"taxonomy":"post_tag","embeddable":true,"href":"https:\/\/www.europesays.com\/fr\/wp-json\/wp\/v2\/tags?post=445727"}],"curies":[{"name":"wp","href":"https:\/\/api.w.org\/{rel}","templated":true}]}}