{"id":445729,"date":"2025-10-07T19:30:10","date_gmt":"2025-10-07T19:30:10","guid":{"rendered":"https:\/\/www.europesays.com\/fr\/445729\/"},"modified":"2025-10-07T19:30:10","modified_gmt":"2025-10-07T19:30:10","slug":"la-bourde-monumentale-dun-gendarme-eclabousse-le-proces-jubillar","status":"publish","type":"post","link":"https:\/\/www.europesays.com\/fr\/445729\/","title":{"rendered":"La bourde monumentale d\u2019un gendarme \u00e9clabousse le proc\u00e8s Jubillar"},"content":{"rendered":"<p><strong>COMPTE RENDU D\u2019AUDIENCE &#8211;<\/strong> L\u2019analyse capitale de la t\u00e9l\u00e9phonie de l\u2019amant de Delphine est fragilis\u00e9e par le \u00abcopi\u00e9-coll\u00e9\u00bb hasardeux du major L. Mais la situation de l\u2019accus\u00e9 devient de plus en plus d\u00e9licate.<\/p>\n<p class=\"fig-paragraph\">\u00abJ\u2019ai fait une erreur de copi\u00e9-coll\u00e9\u00bb, confesse \u00e0 la barre le major L. Le militaire a sorti son uniforme des grandes occasions avec d\u00e9corations et badges martiaux, pour venir \u00e0 Canossa devant les assises du Tarn. Sa d\u00e9position ternit le travail de la gendarmerie\u00a0<a href=\"http:\/\/www.lefigaro.fr\/dossier\/disparition-delphine-jubillar-le-point-sur-l-enquete\" data-fig-type=\"Topic\" data-gtm-custom-categorie=\"navigation\" data-gtm-custom-action=\"crossclick\" data-gtm-custom-label=\"Contextuel\" data-gtm-event=\"customEventSPE\" data-fig-domain=\"LEFIGARO\" target=\"_blank\" rel=\"noopener\">dans le dossier Jubillar<\/a>, l\u2019un des plus m\u00e9diatis\u00e9s de ces dix derni\u00e8res ann\u00e9es, opprobre dont l\u2019accusation se serait bien pass\u00e9e.<\/p>\n<p class=\"fig-paragraph\">Lundi, les avocats de la d\u00e9fense, Mes Emmanuelle Franck et Alexandre Martin avaient r\u00e9alis\u00e9 un\u00a0<a href=\"http:\/\/www.lefigaro.fr\/actualite-france\/au-proces-de-cedric-jubillar-les-donnees-telephoniques-de-l-amant-sement-le-doute-20251006\" data-fig-type=\"Article\" data-gtm-custom-categorie=\"navigation\" data-gtm-custom-action=\"crossclick\" data-gtm-custom-label=\"Contextuel\" data-gtm-event=\"customEventSPE\" data-fig-domain=\"LEFIGARO\" target=\"_blank\" rel=\"noopener\">coup d\u2019audience<\/a>, en affirmant que le portable de l\u2019amant de Delphine Jubillar, disparue dans la nuit du 15 au 16 d\u00e9cembre 2020, avait activ\u00e9 la cellule couvrant le domicile de celle-ci pendant les heures sombres. Stup\u00e9faction\u00a0: car \u00e0 en croire les copieuses analyses de la t\u00e9l\u00e9phonie qui faisaient foi jusqu\u2019alors, Donat-Jean Macquet n\u2019a pas quitt\u00e9 la r\u00e9gion de Montauban.<\/p>\n<p class=\"fig-body-link\">\n            \u00c0 lire aussi<br \/>\n        <a class=\"fig-body-link__link fig-premium-mark\" href=\"http:\/\/www.lefigaro.fr\/actualite-france\/proces-de-cedric-jubillar-deux-folles-semaines-a-la-recherche-de-la-verite-20251004\" data-fig-type=\"Article\" data-gtm-custom-categorie=\"navigation\" data-gtm-custom-action=\"crossclick\" data-gtm-custom-label=\"Contextuel\" data-gtm-event=\"customEventSPE\" data-fig-domain=\"LEFIGARO\" target=\"_blank\" rel=\"noopener\">Proc\u00e8s de C\u00e9dric Jubillar\u00a0: deux folles semaines \u00e0 la recherche de la v\u00e9rit\u00e9<br \/>\n    <\/a>\n<\/p>\n<p class=\"fig-paragraph\">Contrainte de trancher le dilemme, la pr\u00e9sidente H\u00e9l\u00e8ne Ratinaud a convoqu\u00e9 le major L. en vertu de son pouvoir discr\u00e9tionnaire. Il est 16h50\u2026<\/p>\n<p class=\"fig-premium-paywall__infos\">\n        Cet article est r\u00e9serv\u00e9 aux abonn\u00e9s.        Il vous reste 81% \u00e0 d\u00e9couvrir.\n    <\/p>\n<p>                <img  data- alt=\"Le Figaro\" class=\"fig-img--complete fig-img\"\/><\/p>\n<p class=\"fig-premium-paywall__title\">J-100, Le Figaro f\u00eate ses 200 ans<\/p>\n<p class=\"fig-premium-paywall__subtitle\">Offre anniversaire : 2\u20ac\/mois pendant 200 semaines<\/p>\n<p class=\"fig-premium-paywall__connect\">\n                D\u00e9j\u00e0 abonn\u00e9\u00a0?                <a class=\"fig-premium-paywall__connect-link\" href=\"https:\/\/connect.lefigaro.fr\/login?client=horizon_web&amp;type=main&amp;redirect_uri=https%3A%2F%2Fwww.lefigaro.fr%2Factualite-france%2Fla-bourde-monumentale-d-un-gendarme-eclabousse-le-proces-jubillar-20251007\" data-js-gtm=\"{&quot;customCategorie&quot;: &quot;conversion&quot;, &quot;customAction&quot;: &quot;before_Landing_Connexion_paywall_auto&quot;, &quot;customLabel&quot;: &quot;bGVmaWdhcm8uZnJfXzFmMGEzOTU3LTMyZmEtNjE1NC1hZDE5LWY5MDNmNjc5ZmRhZF9fQXJ0aWNsZQ==_La bourde monumentale d\u2019un gendarme \u00e9clabousse le proc\u00e8s Jubillar_136&quot;, &quot;customIDSPE&quot;: &quot;bGVmaWdhcm8uZnJfXzFmMGEzOTU3LTMyZmEtNjE1NC1hZDE5LWY5MDNmNjc5ZmRhZF9fQXJ0aWNsZQ==&quot;, &quot;event&quot;: &quot;customEventSPE&quot;}\" target=\"_blank\" rel=\"noopener\"><br \/>\n                    Connectez-vous<br \/>\n                <\/a>\n            <\/p>\n","protected":false},"excerpt":{"rendered":"COMPTE RENDU D\u2019AUDIENCE &#8211; L\u2019analyse capitale de la t\u00e9l\u00e9phonie de l\u2019amant de Delphine est fragilis\u00e9e par le \u00abcopi\u00e9-coll\u00e9\u00bb&hellip;\n","protected":false},"author":2,"featured_media":445730,"comment_status":"","ping_status":"","sticky":false,"template":"","format":"standard","meta":{"footnotes":""},"categories":[4],"tags":[11,7296,33030,33031,1011,27,12,2694,25],"class_list":{"0":"post-445729","1":"post","2":"type-post","3":"status-publish","4":"format-standard","5":"has-post-thumbnail","7":"category-france","8":"tag-actualites","9":"tag-albi","10":"tag-cedric-jubillar","11":"tag-delphine-jubillar","12":"tag-fr","13":"tag-france","14":"tag-news","15":"tag-proces","16":"tag-republique-francaise"},"share_on_mastodon":{"url":"https:\/\/pubeurope.com\/@fr\/115334547028669517","error":""},"_links":{"self":[{"href":"https:\/\/www.europesays.com\/fr\/wp-json\/wp\/v2\/posts\/445729","targetHints":{"allow":["GET"]}}],"collection":[{"href":"https:\/\/www.europesays.com\/fr\/wp-json\/wp\/v2\/posts"}],"about":[{"href":"https:\/\/www.europesays.com\/fr\/wp-json\/wp\/v2\/types\/post"}],"author":[{"embeddable":true,"href":"https:\/\/www.europesays.com\/fr\/wp-json\/wp\/v2\/users\/2"}],"replies":[{"embeddable":true,"href":"https:\/\/www.europesays.com\/fr\/wp-json\/wp\/v2\/comments?post=445729"}],"version-history":[{"count":0,"href":"https:\/\/www.europesays.com\/fr\/wp-json\/wp\/v2\/posts\/445729\/revisions"}],"wp:featuredmedia":[{"embeddable":true,"href":"https:\/\/www.europesays.com\/fr\/wp-json\/wp\/v2\/media\/445730"}],"wp:attachment":[{"href":"https:\/\/www.europesays.com\/fr\/wp-json\/wp\/v2\/media?parent=445729"}],"wp:term":[{"taxonomy":"category","embeddable":true,"href":"https:\/\/www.europesays.com\/fr\/wp-json\/wp\/v2\/categories?post=445729"},{"taxonomy":"post_tag","embeddable":true,"href":"https:\/\/www.europesays.com\/fr\/wp-json\/wp\/v2\/tags?post=445729"}],"curies":[{"name":"wp","href":"https:\/\/api.w.org\/{rel}","templated":true}]}}