{"id":445732,"date":"2025-10-07T19:32:13","date_gmt":"2025-10-07T19:32:13","guid":{"rendered":"https:\/\/www.europesays.com\/fr\/445732\/"},"modified":"2025-10-07T19:32:13","modified_gmt":"2025-10-07T19:32:13","slug":"loire-un-motard-gravement-blesse-apres-une-collision-a-villars","status":"publish","type":"post","link":"https:\/\/www.europesays.com\/fr\/445732\/","title":{"rendered":"Loire. Un motard gravement bless\u00e9 apr\u00e8s une collision \u00e0 Villars"},"content":{"rendered":"<p>Ce mardi, peu apr\u00e8s 18 heures, les sapeurs-pompiers ont \u00e9t\u00e9 appel\u00e9s \u00e0 intervenir sur la rocade Ouest, \u00e0 Villars, au niveau de l\u2019\u00e9changeur de la sortie Auchan.<\/p>\n<p>Sur place, ils ont d\u00fb prodiguer des soins \u00e0 un motard de 60 ans qui circulait dans le sens La Ricamarie-Villars avant d\u2019entrer en collision avec un autre v\u00e9hicule. L\u2019homme, gravement bless\u00e9, a d\u00fb \u00eatre transport\u00e9 par les secours vers le Centre Hospitalier Universitaire de Saint-\u00c9tienne, \u00e0 Saint-Priest-en-Jarez.<\/p>\n<p>  Des bouchons pendant la dur\u00e9e de l\u2019intervention<\/p>\n<p>Pendant la dur\u00e9e de l\u2019intervention par une dizaine de sapeurs-pompiers, la circulation a \u00e9t\u00e9 fortement perturb\u00e9e au niveau de l\u2019\u00e9changeur de la sortie Auchan. Sur les r\u00e9seaux sociaux, des automobilistes \u00e0 l\u2019arr\u00eat signalaient des bouchons \u00e0 partir de Saint-Genest-Lerpt.<\/p>\n","protected":false},"excerpt":{"rendered":"Ce mardi, peu apr\u00e8s 18 heures, les sapeurs-pompiers ont \u00e9t\u00e9 appel\u00e9s \u00e0 intervenir sur la rocade Ouest, \u00e0&hellip;\n","protected":false},"author":2,"featured_media":445733,"comment_status":"","ping_status":"","sticky":false,"template":"","format":"standard","meta":{"footnotes":""},"categories":[9653],"tags":[119,1111,11,2430,7539,1777,674,274,107,1011,27,3367,12,25,4001,9664,10246],"class_list":{"0":"post-445732","1":"post","2":"type-post","3":"status-publish","4":"format-standard","5":"has-post-thumbnail","7":"category-saint-etienne","8":"tag-accident","9":"tag-actu","10":"tag-actualites","11":"tag-auvergne-rhone-alpes","12":"tag-edition-loire-sud","13":"tag-eu","14":"tag-europe","15":"tag-faits-divers-justice","16":"tag-fil-info","17":"tag-fr","18":"tag-france","19":"tag-loire","20":"tag-news","21":"tag-republique-francaise","22":"tag-saint-etienne","23":"tag-saint-etienne-bassin","24":"tag-villars"},"share_on_mastodon":{"url":"https:\/\/pubeurope.com\/@fr\/115334554880828419","error":""},"_links":{"self":[{"href":"https:\/\/www.europesays.com\/fr\/wp-json\/wp\/v2\/posts\/445732","targetHints":{"allow":["GET"]}}],"collection":[{"href":"https:\/\/www.europesays.com\/fr\/wp-json\/wp\/v2\/posts"}],"about":[{"href":"https:\/\/www.europesays.com\/fr\/wp-json\/wp\/v2\/types\/post"}],"author":[{"embeddable":true,"href":"https:\/\/www.europesays.com\/fr\/wp-json\/wp\/v2\/users\/2"}],"replies":[{"embeddable":true,"href":"https:\/\/www.europesays.com\/fr\/wp-json\/wp\/v2\/comments?post=445732"}],"version-history":[{"count":0,"href":"https:\/\/www.europesays.com\/fr\/wp-json\/wp\/v2\/posts\/445732\/revisions"}],"wp:featuredmedia":[{"embeddable":true,"href":"https:\/\/www.europesays.com\/fr\/wp-json\/wp\/v2\/media\/445733"}],"wp:attachment":[{"href":"https:\/\/www.europesays.com\/fr\/wp-json\/wp\/v2\/media?parent=445732"}],"wp:term":[{"taxonomy":"category","embeddable":true,"href":"https:\/\/www.europesays.com\/fr\/wp-json\/wp\/v2\/categories?post=445732"},{"taxonomy":"post_tag","embeddable":true,"href":"https:\/\/www.europesays.com\/fr\/wp-json\/wp\/v2\/tags?post=445732"}],"curies":[{"name":"wp","href":"https:\/\/api.w.org\/{rel}","templated":true}]}}