{"id":445734,"date":"2025-10-07T19:33:19","date_gmt":"2025-10-07T19:33:19","guid":{"rendered":"https:\/\/www.europesays.com\/fr\/445734\/"},"modified":"2025-10-07T19:33:19","modified_gmt":"2025-10-07T19:33:19","slug":"mhsc-asse-le-dessin-du-jour-qui-fait-la-part-belle-a-saint-etienne","status":"publish","type":"post","link":"https:\/\/www.europesays.com\/fr\/445734\/","title":{"rendered":"[MHSC-ASSE] Le dessin du jour qui fait la part belle \u00e0 Saint-\u00c9tienne"},"content":{"rendered":"<p>On se retrouve pour le traditionnel dessin du jour, et aujourd\u2019hui, Dadou nous d\u00e9voile son illustration apr\u00e8s la d\u00e9faite \u00e0 la Mosson contre les St\u00e9phanois.<\/p>\n<p><img loading=\"lazy\" title=\"554286768_1553418622741474_2440005322905031741_n | AllezPaillade.com\" decoding=\"async\" width=\"1024\" height=\"1011\" src=\"https:\/\/www.europesays.com\/fr\/wp-content\/uploads\/2025\/10\/554286768_1553418622741474_2440005322905031741_n-1024x1011.jpg\" alt=\"\" class=\"wp-image-189105\"  \/>Dadou<\/p>\n<p>Un St\u00e9phanois dans un ascenseur direction la Ligue 1, nos joueurs, en rose pour Octobre rose, qui restent en Ligue 2 et sont agac\u00e9s de cette occasion manqu\u00e9e. Le message est clair mais on attend vos r\u00e9actions en commentaire !<\/p>\n","protected":false},"excerpt":{"rendered":"On se retrouve pour le traditionnel dessin du jour, et aujourd\u2019hui, Dadou nous d\u00e9voile son illustration apr\u00e8s la&hellip;\n","protected":false},"author":2,"featured_media":445735,"comment_status":"","ping_status":"","sticky":false,"template":"","format":"standard","meta":{"footnotes":""},"categories":[9653],"tags":[328,1111,11,2430,1777,674,1011,27,56398,12,25,4001],"class_list":{"0":"post-445734","1":"post","2":"type-post","3":"status-publish","4":"format-standard","5":"has-post-thumbnail","7":"category-saint-etienne","8":"tag-a-la-une","9":"tag-actu","10":"tag-actualites","11":"tag-auvergne-rhone-alpes","12":"tag-eu","13":"tag-europe","14":"tag-fr","15":"tag-france","16":"tag-mhsc-asse","17":"tag-news","18":"tag-republique-francaise","19":"tag-saint-etienne"},"share_on_mastodon":{"url":"https:\/\/pubeurope.com\/@fr\/115334559090988242","error":""},"_links":{"self":[{"href":"https:\/\/www.europesays.com\/fr\/wp-json\/wp\/v2\/posts\/445734","targetHints":{"allow":["GET"]}}],"collection":[{"href":"https:\/\/www.europesays.com\/fr\/wp-json\/wp\/v2\/posts"}],"about":[{"href":"https:\/\/www.europesays.com\/fr\/wp-json\/wp\/v2\/types\/post"}],"author":[{"embeddable":true,"href":"https:\/\/www.europesays.com\/fr\/wp-json\/wp\/v2\/users\/2"}],"replies":[{"embeddable":true,"href":"https:\/\/www.europesays.com\/fr\/wp-json\/wp\/v2\/comments?post=445734"}],"version-history":[{"count":0,"href":"https:\/\/www.europesays.com\/fr\/wp-json\/wp\/v2\/posts\/445734\/revisions"}],"wp:featuredmedia":[{"embeddable":true,"href":"https:\/\/www.europesays.com\/fr\/wp-json\/wp\/v2\/media\/445735"}],"wp:attachment":[{"href":"https:\/\/www.europesays.com\/fr\/wp-json\/wp\/v2\/media?parent=445734"}],"wp:term":[{"taxonomy":"category","embeddable":true,"href":"https:\/\/www.europesays.com\/fr\/wp-json\/wp\/v2\/categories?post=445734"},{"taxonomy":"post_tag","embeddable":true,"href":"https:\/\/www.europesays.com\/fr\/wp-json\/wp\/v2\/tags?post=445734"}],"curies":[{"name":"wp","href":"https:\/\/api.w.org\/{rel}","templated":true}]}}