{"id":445736,"date":"2025-10-07T19:37:09","date_gmt":"2025-10-07T19:37:09","guid":{"rendered":"https:\/\/www.europesays.com\/fr\/445736\/"},"modified":"2025-10-07T19:37:09","modified_gmt":"2025-10-07T19:37:09","slug":"ca-les-apaise-quand-des-chants-lyriques-accompagnent-les-premiers-emois-des-bebes-prematures-a-lhopital-de-nancy","status":"publish","type":"post","link":"https:\/\/www.europesays.com\/fr\/445736\/","title":{"rendered":"\u00ab \u00c7a les apaise \u00bb : quand des chants lyriques accompagnent les premiers \u00e9mois des b\u00e9b\u00e9s pr\u00e9matur\u00e9s, \u00e0 l\u2019h\u00f4pital de Nancy"},"content":{"rendered":"<p>\u00ab\u00a0Mon b\u00e9b\u00e9, si joli\u2026\u00a0\u00bb\u00a0: dans une chambre d\u2019h\u00f4pital de Nancy, la voix d\u2019une chanteuse lyrique apporte une parenth\u00e8se apaisante aux nouveau-n\u00e9s pr\u00e9matur\u00e9s, une rencontre entre soin et art lyrique n\u00e9e d\u2019un partenariat entre le CHRU et l\u2019op\u00e9ra.<\/p>\n<p>Aline Martin, mezzo-soprano dans les ch\u0153urs de l\u2019Op\u00e9ra national de Lorraine, s\u2019installe face \u00e0 une maman portant, sur son corps, son b\u00e9b\u00e9 n\u00e9 pr\u00e9matur\u00e9ment. Apr\u00e8s avoir discut\u00e9 avec elle quelques minutes, elle se met \u00e0 chanter. Entre airs classiques de Walt Disney, comptines, un \u00ab\u00a0Ave Maria\u00a0\u00bb ou le cantique \u00ab\u00a0Amazing Grace\u00a0\u00bb, l\u2019intervenante dispose d\u2019un large r\u00e9pertoire pour satisfaire les envies des parents et d\u00e9velopper la curiosit\u00e9 des tout-petits, qui souvent ouvrent un oeil ou sourient.<\/p>\n<p>\u00ab\u00a0Les vibrations de la voix, notamment la voix lyrique, ont quelque chose d\u2019enveloppant pour les b\u00e9b\u00e9s\u00a0\u00bb, constate l\u2019artiste, qui n\u2019utilise pas tout le potentiel de ses cordes vocales, et doit d\u2019ailleurs veiller \u00e0 chanter tout bas, pour ne pas \u00ab\u00a0effrayer\u00a0\u00bb enfants\u2026 ou parents. Selon elle, la voix berce les b\u00e9b\u00e9s, qui tombent \u00ab\u00a0quatre fois sur cinq\u00a0\u00bb dans un sommeil profond.<\/p>\n<p>P\u00e9diatre et coresponsable du service, Mathilde Queudet loue les bienfaits du chant pour les b\u00e9b\u00e9s pr\u00e9matur\u00e9s, \u00ab\u00a0d\u00e9montr\u00e9s dans la litt\u00e9rature depuis plusieurs ann\u00e9es\u00a0\u00bb. \u00ab\u00a0\u00c7a les apaise, \u00e7a ralentit leur fr\u00e9quence cardiaque, \u00e7a am\u00e9liore le sommeil et le passage en sommeil profond\u00a0\u00bb, \u00e9num\u00e8re la m\u00e9decin.<\/p>\n<p>\u00c9veil de l\u2019enfant<\/p>\n<p>\u00ab\u00a0L\u2019apaisement\u00a0\u00bb est aussi souvent le premier b\u00e9n\u00e9fice mis en avant par les m\u00e8res qui b\u00e9n\u00e9ficient de ce mini-concert, \u00e0 l\u2019h\u00f4pital. \u00ab\u00a0\u00c7a apporte de la l\u00e9g\u00e8ret\u00e9, du bonheur\u00a0\u00bb, estime Tiphaine Robert, 29 ans, maman de Nora, n\u00e9e le 6 septembre. La premi\u00e8re fois qu\u2019Aline Martin a chant\u00e9 pour Nora, \u00ab\u00a0on a d\u00fb continuer \u00e0 chanter tout l\u2019apr\u00e8s-midi avec mon conjoint\u00a0\u00bb, sinon le nourrisson \u00ab\u00a0r\u00e2lait d\u00e8s qu\u2019on s\u2019arr\u00eatait\u00a0\u00bb, sourit sa maman, qui dit son \u00ab\u00a0plaisir\u00a0\u00bb de revivre l\u2019intervention. \u00ab\u00a0On sent aussi que \u00e7a participe \u00e0 son \u00e9veil, elle ouvre un peu les yeux, gigote un peu\u00a0\u00bb, observe-t-elle.<\/p>\n<p>Dans une chambre o\u00f9 \u00ab\u00a0le bruit des machines\u00a0\u00bb ne s\u2019arr\u00eate jamais, \u00ab\u00a0c\u2019est important pour le bien-\u00eatre des b\u00e9b\u00e9s\u00a0\u00bb, loue \u00e9galement Emma, maman d\u2019Iris, n\u00e9e le 7 septembre, avec deux mois et demi d\u2019avance. En dehors des \u00ab\u00a0bips\u00a0\u00bb incessants des appareils, \u00ab\u00a0les journ\u00e9es sont longues et silencieuses\u00a0\u00bb \u00e0 l\u2019h\u00f4pital, \u00ab\u00a0on est toujours dans l\u2019expectative\u00a0\u00bb, constate Patricia Didier, maman de Tom, n\u00e9 \u00e0 32 semaines. D\u00e8s lors, le concert \u00ab\u00a0apporte un petit peu de joie\u00a0\u00bb, constate la m\u00e8re, dont le tout-petit a \u00ab\u00a0ouvert les yeux\u00a0\u00bb d\u00e8s les premi\u00e8res notes et \u00ab\u00a0a souri tout le long\u00a0\u00bb.<\/p>\n<p>\u00ab\u00a0Petite soupape\u00a0\u00bb<\/p>\n<p>Pour le docteur Queudet, le chant renforce le lien parents\/enfant\u00a0: m\u00eame si les parents ne chantent pas eux-m\u00eames, cela \u00ab\u00a0fait germer une graine\u00a0\u00bb et l\u2019id\u00e9e qu\u2019ils pourront fredonner \u00e0 leur tour. Une id\u00e9e d\u2019autant plus bienvenue que les parents d\u2019aujourd\u2019hui, \u00ab\u00a0connect\u00e9s \u00e0 leur smartphone\u00a0\u00bb, \u00ab\u00a0ne chantent plus comme avant pour leur b\u00e9b\u00e9\u00a0\u00bb et se contentent parfois de chercher pour lui des musiques sur YouTube, d\u00e9plore Aline Martin.<\/p>\n<p>En r\u00e9animation ou en soins intensifs, le \u00ab\u00a0public\u00a0\u00bb de la chanteuse lyrique est hospitalis\u00e9 pour des dur\u00e9es tr\u00e8s variables, de quelques jours \u00e0 plusieurs mois.<\/p>\n<p>En r\u00e9animation, un \u00ab\u00a0milieu tr\u00e8s particulier\u00a0\u00bb, \u00ab\u00a0le lien, l\u2019attachement sont mis \u00e0 rude \u00e9preuve\u00a0\u00bb, souligne la p\u00e9diatre. Le moment suspendu avec l\u2019artiste est alors \u00ab\u00a0une petite bulle, une petite soupape qu\u2019on leur offre, une opportunit\u00e9 en plus de vivre quelque chose d\u2019unique avec leur enfant\u00a0\u00bb.<\/p>\n<p>Un an apr\u00e8s la signature d\u2019une convention entre le CHRU (centre hospitalier r\u00e9gional universitaire) et l\u2019Op\u00e9ra de Lorraine pour \u00ab\u00a0inscrire la voix dans le parcours de soins\u00a0\u00bb, l\u2019enjeu est aujourd\u2019hui \u00ab\u00a0d\u2019\u00e9largir ces actions\u00a0\u00bb, explique Fedoua Bayoudh, responsable du service de l\u2019\u00e9ducation artistique et culturelle de l\u2019op\u00e9ra, qui g\u00e8re ce projet.<\/p>\n<p>Selon l\u2019Inserm, 6,9\u00a0% des b\u00e9b\u00e9s naissent pr\u00e9matur\u00e9ment, en France.<\/p>\n","protected":false},"excerpt":{"rendered":"\u00ab\u00a0Mon b\u00e9b\u00e9, si joli\u2026\u00a0\u00bb\u00a0: dans une chambre d\u2019h\u00f4pital de Nancy, la voix d\u2019une chanteuse lyrique apporte une parenth\u00e8se&hellip;\n","protected":false},"author":2,"featured_media":445737,"comment_status":"","ping_status":"","sticky":false,"template":"","format":"standard","meta":{"footnotes":""},"categories":[9635],"tags":[1111,11,1777,674,1011,27,775,40927,1702,12,25,71],"class_list":{"0":"post-445736","1":"post","2":"type-post","3":"status-publish","4":"format-standard","5":"has-post-thumbnail","7":"category-nancy","8":"tag-actu","9":"tag-actualites","10":"tag-eu","11":"tag-europe","12":"tag-fr","13":"tag-france","14":"tag-grand-est","15":"tag-naissances","16":"tag-nancy","17":"tag-news","18":"tag-republique-francaise","19":"tag-sante"},"share_on_mastodon":{"url":"https:\/\/pubeurope.com\/@fr\/115334574498907515","error":""},"_links":{"self":[{"href":"https:\/\/www.europesays.com\/fr\/wp-json\/wp\/v2\/posts\/445736","targetHints":{"allow":["GET"]}}],"collection":[{"href":"https:\/\/www.europesays.com\/fr\/wp-json\/wp\/v2\/posts"}],"about":[{"href":"https:\/\/www.europesays.com\/fr\/wp-json\/wp\/v2\/types\/post"}],"author":[{"embeddable":true,"href":"https:\/\/www.europesays.com\/fr\/wp-json\/wp\/v2\/users\/2"}],"replies":[{"embeddable":true,"href":"https:\/\/www.europesays.com\/fr\/wp-json\/wp\/v2\/comments?post=445736"}],"version-history":[{"count":0,"href":"https:\/\/www.europesays.com\/fr\/wp-json\/wp\/v2\/posts\/445736\/revisions"}],"wp:featuredmedia":[{"embeddable":true,"href":"https:\/\/www.europesays.com\/fr\/wp-json\/wp\/v2\/media\/445737"}],"wp:attachment":[{"href":"https:\/\/www.europesays.com\/fr\/wp-json\/wp\/v2\/media?parent=445736"}],"wp:term":[{"taxonomy":"category","embeddable":true,"href":"https:\/\/www.europesays.com\/fr\/wp-json\/wp\/v2\/categories?post=445736"},{"taxonomy":"post_tag","embeddable":true,"href":"https:\/\/www.europesays.com\/fr\/wp-json\/wp\/v2\/tags?post=445736"}],"curies":[{"name":"wp","href":"https:\/\/api.w.org\/{rel}","templated":true}]}}