{"id":445738,"date":"2025-10-07T19:38:11","date_gmt":"2025-10-07T19:38:11","guid":{"rendered":"https:\/\/www.europesays.com\/fr\/445738\/"},"modified":"2025-10-07T19:38:11","modified_gmt":"2025-10-07T19:38:11","slug":"il-y-a-du-mouvement-derriere-les-grilles-daquasud-a-la-seyne-que-se-passe-t-il","status":"publish","type":"post","link":"https:\/\/www.europesays.com\/fr\/445738\/","title":{"rendered":"Il y a du mouvement derri\u00e8re les grilles d\u2019Aquasud \u00e0 La Seyne\u00a0: que se passe-t-il\u00a0?"},"content":{"rendered":"<p class=\"fs-5 \">Depuis quelques jours, il y a du mouvement derri\u00e8re les grilles d\u2019Aquasud. Ferm\u00e9 depuis novembre 2022 \u00e0 cause de la v\u00e9tust\u00e9 de ses \u00e9quipements, le complexe aquatique de La Seyne attend toujours le r\u00e9sultat d\u2019un appel d\u2019offres devant conduire \u00e0 une nouvelle d\u00e9l\u00e9gation de service public (DSP).<\/p>\n<p class=\"fs-5 \">La petite agitation actuelle n\u2019est donc pas encore le signe d\u2019un retour \u00e0 la vocation premi\u00e8re du site. Mais la cons\u00e9quence d\u2019une convention d\u2019occupation temporaire pass\u00e9e entre la Ville, propri\u00e9taire des lieux, et l\u2019association Phar83, dont l\u2019objet est l\u2019inclusion par le travail des personnes en situation de handicap et de jeunes en situation de vuln\u00e9rabilit\u00e9 : \u00ab J\u2019ai \u00e9t\u00e9 saisie l\u2019an dernier par les responsables de Phar83 qui, oblig\u00e9s de quitter leurs locaux des Sablettes, recherchaient un endroit pour leur activit\u00e9 d\u2019entretien des espaces verts, \u00e9claire Christine Sinquin, premi\u00e8re adjointe. Et notamment pour y garer tous les camions et stocker le mat\u00e9riel relatif \u00e0 cette activit\u00e9. \u00bb<\/p>\n<p>                                                                                \u00ab Le triple int\u00e9r\u00eat de cette convention \u00bb<\/p>\n<p class=\"fs-5 \">L\u2019\u00e9vidence du parking d\u2019Aquasud inoccup\u00e9 s\u2019est rapidement impos\u00e9e : \u00ab Nous avons donc sign\u00e9 cette convention en septembre 2024, qui pr\u00e9voit \u00e9galement la mise \u00e0 disposition de locaux annexes \u00e0 la piscine, pour servir de salles de r\u00e9unions de travail, de briefing, pour des formations&#8230; \u00bb<\/p>\n<p class=\"fs-5 \">Pourquoi n\u2019y a-t-il pas (ou peu) eu d\u2019activit\u00e9 depuis septembre ? \u00ab Il fallait avoir le feu vert de l\u2019Agence r\u00e9gionale de sant\u00e9 (ARS) au regard de l\u2019accueil de personnes handicap\u00e9es, poursuit l\u2019\u00e9lue. Et nous avons \u00e9t\u00e9 confront\u00e9s \u00e0 une difficult\u00e9 : un ascenseur est tomb\u00e9 en panne et il \u00e9tait indispensable de le faire r\u00e9parer. C\u2019est chose faite. L\u2019association et ses b\u00e9n\u00e9ficiaires prennent donc possession des lieux ces jours-ci. \u00bb<\/p>\n<p class=\"fs-5 \">Cette convention, note-t-elle encore, a le \u00ab triple int\u00e9r\u00eat de d\u00e9panner cette association qui \u0153uvre dans un domaine tr\u00e8s noble ; d\u2019assurer un gardiennage des lieux ; mais \u00e9galement l\u2019entretien des espaces verts \u00bb, comme contractualis\u00e9 avec Phar83. \u00ab C\u2019est une bonne mani\u00e8re d\u2019optimiser les espaces publics \u00bb.<\/p>\n<p class=\"fs-5 \">La convention arrivera \u00e0 \u00e9ch\u00e9ance le 30 juin 2026 et ne sera potentiellement renouvelable qu\u2019une seule fois. L\u2019occasion pour Mme Sinquin de rassurer : \u00ab Cela n\u2019ob\u00e8re en rien le travail de la mairie pour relancer l\u2019activit\u00e9 de piscine. \u00bb<\/p>\n<p class=\"fs-5 \">Rappelons que la proc\u00e9dure visant \u00e0 lancer une nouvelle DSP en est \u00e0 la phase de n\u00e9gociations entre la Ville et des candidats ayant r\u00e9pondu \u00e0 l\u2019appel d\u2019offres, et retenus par une commission en ao\u00fbt dernier. Le laur\u00e9at pourrait \u00eatre connu dans les semaines ou les mois \u00e0 venir, si un march\u00e9 est conclu.<\/p>\n<p class=\"fs-5 \">La direction de l\u2019association Phar83 se dit quant \u00e0 elle \u00ab tr\u00e8s satisfaite \u00bb de cette situation provisoire. Et indique avoir une piste pour d\u00e9m\u00e9nager prochainement dans des locaux permanents.<\/p>\n","protected":false},"excerpt":{"rendered":"Depuis quelques jours, il y a du mouvement derri\u00e8re les grilles d\u2019Aquasud. Ferm\u00e9 depuis novembre 2022 \u00e0 cause&hellip;\n","protected":false},"author":2,"featured_media":445739,"comment_status":"","ping_status":"","sticky":false,"template":"","format":"standard","meta":{"footnotes":""},"categories":[9619],"tags":[1111,11,1777,674,1011,27,12,882,25,2310],"class_list":{"0":"post-445738","1":"post","2":"type-post","3":"status-publish","4":"format-standard","5":"has-post-thumbnail","7":"category-toulon","8":"tag-actu","9":"tag-actualites","10":"tag-eu","11":"tag-europe","12":"tag-fr","13":"tag-france","14":"tag-news","15":"tag-provence-alpes-cote-dazur","16":"tag-republique-francaise","17":"tag-toulon"},"share_on_mastodon":{"url":"https:\/\/pubeurope.com\/@fr\/115334578486100622","error":""},"_links":{"self":[{"href":"https:\/\/www.europesays.com\/fr\/wp-json\/wp\/v2\/posts\/445738","targetHints":{"allow":["GET"]}}],"collection":[{"href":"https:\/\/www.europesays.com\/fr\/wp-json\/wp\/v2\/posts"}],"about":[{"href":"https:\/\/www.europesays.com\/fr\/wp-json\/wp\/v2\/types\/post"}],"author":[{"embeddable":true,"href":"https:\/\/www.europesays.com\/fr\/wp-json\/wp\/v2\/users\/2"}],"replies":[{"embeddable":true,"href":"https:\/\/www.europesays.com\/fr\/wp-json\/wp\/v2\/comments?post=445738"}],"version-history":[{"count":0,"href":"https:\/\/www.europesays.com\/fr\/wp-json\/wp\/v2\/posts\/445738\/revisions"}],"wp:featuredmedia":[{"embeddable":true,"href":"https:\/\/www.europesays.com\/fr\/wp-json\/wp\/v2\/media\/445739"}],"wp:attachment":[{"href":"https:\/\/www.europesays.com\/fr\/wp-json\/wp\/v2\/media?parent=445738"}],"wp:term":[{"taxonomy":"category","embeddable":true,"href":"https:\/\/www.europesays.com\/fr\/wp-json\/wp\/v2\/categories?post=445738"},{"taxonomy":"post_tag","embeddable":true,"href":"https:\/\/www.europesays.com\/fr\/wp-json\/wp\/v2\/tags?post=445738"}],"curies":[{"name":"wp","href":"https:\/\/api.w.org\/{rel}","templated":true}]}}