{"id":445742,"date":"2025-10-07T19:40:11","date_gmt":"2025-10-07T19:40:11","guid":{"rendered":"https:\/\/www.europesays.com\/fr\/445742\/"},"modified":"2025-10-07T19:40:11","modified_gmt":"2025-10-07T19:40:11","slug":"deux-affaires-marquantes-la-police-renforce-sa-lutte-contre-les-trafics","status":"publish","type":"post","link":"https:\/\/www.europesays.com\/fr\/445742\/","title":{"rendered":"deux affaires marquantes, la police renforce sa lutte contre les trafics"},"content":{"rendered":"<p>            Par<br \/>\n        <strong><br \/>\n            <a href=\"https:\/\/actu.fr\/auteur\/lea-pippinato\" title=\"Consulter tous les articles de L\u00e9a Pippinato\" target=\"_blank\" rel=\"noopener\">L\u00e9a Pippinato<\/a><br \/>\n        <\/strong><\/p>\n<p>        Publi\u00e9 le<\/p>\n<p>            7 oct. 2025 \u00e0 18h20        <\/p>\n<p>\u00c0 Montpellier, un jeune dealer arr\u00eat\u00e9 et une \u00e9picerie ferm\u00e9e pour trafic de tabac : deux affaires r\u00e9centes qui rappellent la lutte constante contre les trafics du quotidien.<\/p>\n<p class=\" wall-content\"><strong>Ce lundi 6 octobre 2025<\/strong>, vers 12h30, les policiers de la Bac (brigade anticriminalit\u00e9) surveillent l\u2019avenue de Bologne, dans le quartier Saint-Paul, \u00e0 hauteur du centre commercial. Leur attention se porte sur un jeune homme qui effectue des allers-retours entre un compteur \u00e9lectrique et un point de vente improvis\u00e9. Les agents observent la sc\u00e8ne.<\/p>\n<p>    <a href=\"https:\/\/www.google.com\/maps\/embed?pb=!1m18!1m12!1m3!1d2887.8425036906883!2d3.818532076460932!3d43.630636871103206!2m3!1f0!2f0!3f0!3m2!1i1024!2i768!4f13.1!3m3!1m2!1s0x12b6ac21c2c0426f%3A0x65e64c017aaee472!2sSaint-Paul!5e0!3m2!1sen!2sfr!4v1759853584786!5m2!1sen!2sfr\" title=\"Ouvrie le lien\" target=\"_blank\" rel=\"noopener\">Cliquez ici pour visualiser le contenu<\/a><\/p>\n<p class=\" wall-content\">Lorsque la transaction se concr\u00e9tise, la Bac intervient. L\u2019acheteur est trouv\u00e9 en possession de 4 grammes d\u2019herbe de cannabis et de 260 euros en liquide. D\u00e9j\u00e0 connu des services de police, il r\u00e9side \u00e0 Montpellier. Il a \u00e9t\u00e9 plac\u00e9 en garde \u00e0 vue puis d\u00e9f\u00e9r\u00e9 <strong>ce mardi 7 octobre<\/strong> devant le parquet de Montpellier pour une comparution imm\u00e9diate.<\/p>\n<p>Une \u00e9picerie sanctionn\u00e9e pour revente ill\u00e9gale de tabac<\/p>\n<p class=\" wall-content\">Dans un autre dossier, les autorit\u00e9s ont ordonn\u00e9 la <strong>fermeture administrative<\/strong> de l\u2019\u00c9picerie Aiguelongue, situ\u00e9e rue de Montasinos, \u00e0 Montpellier. Le pr\u00e9fet de l\u2019H\u00e9rault a d\u00e9cid\u00e9 d\u2019une fermeture de deux mois. La mesure repose sur un constat de d\u00e9tention frauduleuse de tabac destin\u00e9 \u00e0 la revente.<\/p>\n<p>Vid\u00e9os : en ce moment sur Actu<\/p>\n<p class=\" wall-content\">\n<p class=\" wall-content\">Cette d\u00e9cision s\u2019inscrit dans une s\u00e9rie de fermetures administratives prises ces derniers mois dans l\u2019H\u00e9rault. Depuis le d\u00e9but de l\u2019ann\u00e9e, plus d\u2019une centaine de commerces ont d\u00e9j\u00e0 \u00e9t\u00e9 ferm\u00e9s pour des faits similaires.<\/p>\n<p class=\" wall-content\">Personnalisez votre actualit\u00e9 en ajoutant vos villes et m\u00e9dias en favori avec <a href=\"https:\/\/moncompte.actu.fr\" title=\"D\u00e9couvez Mon Actu\" rel=\"nofollow noopener\" data-trk=\"{&quot;cta&quot;:{&quot;action&quot;:&quot;https:\\\/\\\/moncompte.actu.fr&quot;,&quot;category&quot;:&quot;mon compte&quot;,&quot;from&quot;:&quot;article footer&quot;,&quot;name&quot;:&quot;Mon actu&quot;,&quot;type&quot;:&quot;cta&quot;}}\" target=\"_blank\">Mon Actu<\/a>.<\/p>\n","protected":false},"excerpt":{"rendered":"Par L\u00e9a Pippinato Publi\u00e9 le 7 oct. 2025 \u00e0 18h20 \u00c0 Montpellier, un jeune dealer arr\u00eat\u00e9 et une&hellip;\n","protected":false},"author":2,"featured_media":445743,"comment_status":"","ping_status":"","sticky":false,"template":"","format":"standard","meta":{"footnotes":""},"categories":[9599],"tags":[1111,11,1052,1777,674,118,1011,27,1006,2208,12,2680,1072,25],"class_list":{"0":"post-445742","1":"post","2":"type-post","3":"status-publish","4":"format-standard","5":"has-post-thumbnail","7":"category-montpellier","8":"tag-actu","9":"tag-actualites","10":"tag-drogue","11":"tag-eu","12":"tag-europe","13":"tag-faits-divers","14":"tag-fr","15":"tag-france","16":"tag-fraude","17":"tag-montpellier","18":"tag-news","19":"tag-occitanie","20":"tag-police","21":"tag-republique-francaise"},"share_on_mastodon":{"url":"https:\/\/pubeurope.com\/@fr\/115334586396552572","error":""},"_links":{"self":[{"href":"https:\/\/www.europesays.com\/fr\/wp-json\/wp\/v2\/posts\/445742","targetHints":{"allow":["GET"]}}],"collection":[{"href":"https:\/\/www.europesays.com\/fr\/wp-json\/wp\/v2\/posts"}],"about":[{"href":"https:\/\/www.europesays.com\/fr\/wp-json\/wp\/v2\/types\/post"}],"author":[{"embeddable":true,"href":"https:\/\/www.europesays.com\/fr\/wp-json\/wp\/v2\/users\/2"}],"replies":[{"embeddable":true,"href":"https:\/\/www.europesays.com\/fr\/wp-json\/wp\/v2\/comments?post=445742"}],"version-history":[{"count":0,"href":"https:\/\/www.europesays.com\/fr\/wp-json\/wp\/v2\/posts\/445742\/revisions"}],"wp:featuredmedia":[{"embeddable":true,"href":"https:\/\/www.europesays.com\/fr\/wp-json\/wp\/v2\/media\/445743"}],"wp:attachment":[{"href":"https:\/\/www.europesays.com\/fr\/wp-json\/wp\/v2\/media?parent=445742"}],"wp:term":[{"taxonomy":"category","embeddable":true,"href":"https:\/\/www.europesays.com\/fr\/wp-json\/wp\/v2\/categories?post=445742"},{"taxonomy":"post_tag","embeddable":true,"href":"https:\/\/www.europesays.com\/fr\/wp-json\/wp\/v2\/tags?post=445742"}],"curies":[{"name":"wp","href":"https:\/\/api.w.org\/{rel}","templated":true}]}}