{"id":445744,"date":"2025-10-07T19:41:13","date_gmt":"2025-10-07T19:41:13","guid":{"rendered":"https:\/\/www.europesays.com\/fr\/445744\/"},"modified":"2025-10-07T19:41:13","modified_gmt":"2025-10-07T19:41:13","slug":"la-polynesie-a-montpellier-la-foire-internationale-va-vous-faire-rever","status":"publish","type":"post","link":"https:\/\/www.europesays.com\/fr\/445744\/","title":{"rendered":"La Polyn\u00e9sie \u00e0 Montpellier ? La Foire Internationale va vous faire r\u00eaver"},"content":{"rendered":"<p>            Par<br \/>\n        <strong><br \/>\n            <a href=\"https:\/\/actu.fr\/auteur\/manon-haddouche\" title=\"Consulter tous les articles de Manon Haddouche\" rel=\"nofollow noopener\" target=\"_blank\">Manon Haddouche<\/a><br \/>\n        <\/strong><\/p>\n<p>        Publi\u00e9 le<\/p>\n<p>            7 oct. 2025 \u00e0 20h31        <\/p>\n<p>Du vendredi 10 au lundi 20 octobre 2025, le<strong> Parc des Expositions de Montpellier, <\/strong>\u00e0<strong> P\u00e9rols<\/strong> se pare<strong> des couleurs et des senteurs de la Polyn\u00e9sie<\/strong>. Pour sa <strong>76\u1d49\u00a0\u00e9dition<\/strong>, la c\u00e9l\u00e8bre <strong>Foire Internationale<\/strong> invite le public \u00e0 un voyage sensoriel vers la Polyn\u00e9sie fran\u00e7aise. Entre artisanat, gastronomie, concerts, nocturnes festives et un grand jeu pour<strong> tenter de remporter un s\u00e9jour<\/strong> au bout du monde, l\u2019\u00e9v\u00e9nement s\u2019annonce comme une <strong>parenth\u00e8se ensoleill\u00e9e<\/strong> \u00e0 ne pas manquer. Avec une invit\u00e9e de marque : la mascotte, Famy, le flamant rose.<\/p>\n<p>Un rendez-vous incontournable<\/p>\n<p class=\" wall-content\">Chaque automne, la Foire Internationale de Montpellier attire de nombreux visiteurs. V\u00e9ritable institution au fort ancrage territorial, elle revient cette ann\u00e9e avec <strong>plus de 500 exposants<\/strong>, r\u00e9partis dans <strong>cinq grands univers<\/strong> : Maison &amp; Jardin (Halls A4, B3, B4), Shopping (Halls A4, A5, B1), Pavillons &amp; Nations du Monde (Halls A3, A6), Mieux vivre &amp; S\u2019informer (Hall A2) et Gastronomie (Hall A3). L\u2019occasion de fl\u00e2ner, d\u2019\u00e9changer avec des artisans passionn\u00e9s, de d\u00e9couvrir les nouveaut\u00e9s 2025 ou de d\u00e9guster les sp\u00e9cialit\u00e9s du monde entier dans une<strong> ambiance conviviale<\/strong>. La fr\u00e9quentation attendue est au moins \u00e9quivalente \u00e0 celle de l\u2019an dernier, qui avait accueilli 110\u00a0000 participants.<\/p>\n<p>Cap sur la Polyn\u00e9sie fran\u00e7aise<\/p>\n<p class=\" wall-content\">Destination phare de cette \u00e9dition, la Polyn\u00e9sie sera \u00e0 l\u2019honneur \u00e0 travers une <strong>grande exposition immersive<\/strong> (Hall B1). Ce th\u00e8me s\u2019est impos\u00e9 suite \u00e0 l\u2019attrait particulier que le pavillon avait suscit\u00e9 l\u2019an dernier. V\u00e9ritable escale ensoleill\u00e9e, la Polyn\u00e9sie est avant tout une <strong>culture mill\u00e9nair<\/strong>e, des <strong>traditions vivantes<\/strong> et un <strong>artisanat d\u2019exception<\/strong>. Les visiteurs pourront s\u2019y plonger tout entiers, notamment dans une <strong>immersion 3D<\/strong> recr\u00e9ant l\u2019univers polyn\u00e9sien, avec des <strong>lagons reconstitu\u00e9s<\/strong>, ou encore une<strong> reproduction du march\u00e9 central de Papeete<\/strong>.<\/p>\n<p class=\" wall-content\">Danses traditionnelles, artisanat, gastronomie et biodiversit\u00e9 du Pacifique seront mis \u00e0 l\u2019honneur. Il sera possible d\u2019assister \u00e0 des <strong>spectacles de Ori Tahiti<\/strong>, \u00e0 des <strong>initiations au Haka<\/strong>, mais aussi de<strong> rencontrer des artisans<\/strong> venus tout droit des \u00eeles, ou encore<strong> admirer la sculpture sur bois<\/strong>, le <strong>tatouage traditionnel<\/strong> et les <strong>bijoux en nacre et perles<\/strong>. Plus de <strong>300 artistes polyn\u00e9siens<\/strong> seront pr\u00e9sents. Point d\u2019orgue du voyage : <strong>la nocturne<\/strong> du samedi 18 octobre, d\u00e9di\u00e9e \u00e0 la culture polyn\u00e9sienne, avec un grand spectacle de danse, des danseurs de feu, des musiciens, un show de feu et une Polynesian DJ Night anim\u00e9e par <strong>DJ Crazy Man Le Kin<\/strong>, qui a d\u2019ailleurs \u00e9t\u00e9 form\u00e9 \u00e0 Montpellier, accompagn\u00e9 des danseurs de l\u2019<a href=\"https:\/\/teani-ori-tahiti.com\/Rori-i-uta\" rel=\"nofollow noopener\" target=\"_blank\">association Rori i Uta<\/a>.<\/p>\n<p>    <img   decoding=\"async\" loading=\"lazy\" src=\"https:\/\/www.europesays.com\/fr\/wp-content\/uploads\/2025\/10\/cecile-garou-bd-6857-960x640.jpg\" alt=\"De nombreux exposants ont r\u00e9pondu \u00e0 l'appel. \" width=\"960\" height=\"640\"\/><br \/>\n    De nombreux exposants ont r\u00e9pondu \u00e0 l\u2019appel. (\u00a9cecile garou)Vid\u00e9os : en ce moment sur ActuDes animations pour tous<\/p>\n<p class=\" wall-content\">Et la Foire ne serait pas la Foire sans ses <strong>nocturnes festives et conviviales<\/strong>. Cette ann\u00e9e, en plus de la polyn\u00e9sienne, elles auront lieu les samedi 11, mardi 14, vendredi 17 : une <strong>soir\u00e9e kitch<\/strong>, une <strong>soir\u00e9e latino<\/strong> et un <strong>mix \u00e9clectique<\/strong> animeront les nuits du parc des expositions. Le public retrouvera \u00e9galement la Place de l\u2019Artisanat avec la <strong>Chambre des M\u00e9tiers et de l\u2019Artisanat de l\u2019H\u00e9rault (CMA 34)<\/strong>, des d\u00e9monstrations et de belles rencontres avec les cr\u00e9ateurs locaux.<\/p>\n<p>    <a href=\"https:\/\/www.google.com\/maps\/embed?pb=!1m18!1m12!1m3!1d12335.997772548579!2d3.9024741499999993!3d43.61843455!2m3!1f0!2f0!3f0!3m2!1i1024!2i768!4f13.1!3m3!1m2!1s0x12b6a4d4493e02e5%3A0x1217e75b63971103!2sParc%20des%20Expositions%20de%20Montpellier%2C%20P%C3%A9rols!5e1!3m2!1sfr!2sfr!4v1759853105815!5m2!1sfr!2sfr\" title=\"Ouvrie le lien\" rel=\"nofollow noopener\" target=\"_blank\">Cliquez ici pour visualiser le contenu<\/a><\/p>\n<p>Votre r\u00e9gion, votre actu !<\/p>\n<p>Recevez chaque jour les infos qui comptent pour vous.<\/p>\n<p>\t<a href=\"https:\/\/actu.fr\/newsletter\" class=\"ac-btn ac-btn--corner ac-btn--medium ac-btn--blue800\" rel=\"nofollow noopener\" target=\"_blank\">S&rsquo;incrire<\/a><\/p>\n<p class=\" wall-content\"><strong>Les familles<\/strong> ne seront pas en reste : f\u00eate foraine (tous les jours \u00e0 partir de 11h, sauf lundi 13 et jeudi 16 octobre), grand loto, animations pour enfants, garderie et surprises tout au long du parcours. Cette ann\u00e9e, une mascotte fait son apparition : <strong>Flamy\u00a0le flamant rose<\/strong>, qui adore danser et amuser les plus jeunes visiteurs. Et pour les enfants d\u00e9guis\u00e9s, un ticket de man\u00e8ge est offert\u00a0(dans la limite des stocks disponibles, au point info Accueil A).<\/p>\n<p class=\" wall-content\"><strong>Deux journ\u00e9es th\u00e9matiques<\/strong> rythmeront \u00e9galement la Foire :<\/p>\n<ul class=\" wall-content\">\n<li>Lundi 13 octobre, la<strong> journ\u00e9e des seniors<\/strong>, avec une entr\u00e9e \u00e0 -50 % pour les plus de 60 ans.<\/li>\n<li>Jeudi 16 octobre, la <strong>journ\u00e9e d\u00e9di\u00e9e aux femmes<\/strong>, avec entr\u00e9e gratuite pour toutes.<br \/>C\u2019est aussi l\u2019occasion de d\u00e9couvrir les Pavillons du Monde, qui r\u00e9uniront cette ann\u00e9e l\u2019Italie, le Canada, le Maroc, la Tunisie et bien s\u00fbr la Polyn\u00e9sie, pour un tour du globe sans quitter Montpellier.<\/li>\n<\/ul>\n<p>    <img   decoding=\"async\" loading=\"lazy\" src=\"https:\/\/www.europesays.com\/fr\/wp-content\/uploads\/2025\/10\/cecile-garou-bd-6758-960x640.jpg\" alt=\"Des nocturnes festives aux ambiances diff\u00e9rentes. \" width=\"960\" height=\"640\"\/><br \/>\n    Des nocturnes festives aux ambiances diff\u00e9rentes. (\u00a9cecile garou)Un grand jeu pour s\u2019envoler vers le Pacifique<\/p>\n<p class=\" wall-content\">Pour parfaire ce voyage, la Foire Internationale propose un <strong>grand jeu \u00e0 l\u2019entr\u00e9e principale<\/strong> (Accueil A). En participant sur les bornes, les visiteurs peuvent remporter instantan\u00e9ment de nombreux lots offerts par les exposants, mais surtout un voyage pour deux en Polyn\u00e9sie, en partenariat avec Ginhoux. De quoi prolonger l\u2019\u00e9vasion bien au-del\u00e0 du Parc des Expositions\u2026<\/p>\n<p><strong>&gt; <\/strong>Parc des Expositions de Montpellier,\u00e0 P\u00e9rols, du vendredi 10 au lundi 20 octobre 2025. Ouvert tous les jours, nocturnes les 11, 14, 17 et 18 octobre jusqu\u2019\u00e0 21 h. Tarifs et programme complet, <a href=\"http:\/\/foire-montpellier.com\" rel=\"nofollow noopener\" target=\"_blank\">par ici<\/a>.\u00a0<\/p>\n<p class=\" wall-content\">Personnalisez votre actualit\u00e9 en ajoutant vos villes et m\u00e9dias en favori avec <a href=\"https:\/\/moncompte.actu.fr\" title=\"D\u00e9couvez Mon Actu\" rel=\"nofollow noopener\" data-trk=\"{&quot;cta&quot;:{&quot;action&quot;:&quot;https:\\\/\\\/moncompte.actu.fr&quot;,&quot;category&quot;:&quot;mon compte&quot;,&quot;from&quot;:&quot;article footer&quot;,&quot;name&quot;:&quot;Mon actu&quot;,&quot;type&quot;:&quot;cta&quot;}}\" target=\"_blank\">Mon Actu<\/a>.<\/p>\n","protected":false},"excerpt":{"rendered":"Par Manon Haddouche Publi\u00e9 le 7 oct. 2025 \u00e0 20h31 Du vendredi 10 au lundi 20 octobre 2025,&hellip;\n","protected":false},"author":2,"featured_media":445745,"comment_status":"","ping_status":"","sticky":false,"template":"","format":"standard","meta":{"footnotes":""},"categories":[9599],"tags":[1111,11,1777,674,1011,27,1305,2208,12,2680,25],"class_list":{"0":"post-445744","1":"post","2":"type-post","3":"status-publish","4":"format-standard","5":"has-post-thumbnail","7":"category-montpellier","8":"tag-actu","9":"tag-actualites","10":"tag-eu","11":"tag-europe","12":"tag-fr","13":"tag-france","14":"tag-lifestyle","15":"tag-montpellier","16":"tag-news","17":"tag-occitanie","18":"tag-republique-francaise"},"share_on_mastodon":{"url":"https:\/\/pubeurope.com\/@fr\/115334590874246488","error":""},"_links":{"self":[{"href":"https:\/\/www.europesays.com\/fr\/wp-json\/wp\/v2\/posts\/445744","targetHints":{"allow":["GET"]}}],"collection":[{"href":"https:\/\/www.europesays.com\/fr\/wp-json\/wp\/v2\/posts"}],"about":[{"href":"https:\/\/www.europesays.com\/fr\/wp-json\/wp\/v2\/types\/post"}],"author":[{"embeddable":true,"href":"https:\/\/www.europesays.com\/fr\/wp-json\/wp\/v2\/users\/2"}],"replies":[{"embeddable":true,"href":"https:\/\/www.europesays.com\/fr\/wp-json\/wp\/v2\/comments?post=445744"}],"version-history":[{"count":0,"href":"https:\/\/www.europesays.com\/fr\/wp-json\/wp\/v2\/posts\/445744\/revisions"}],"wp:featuredmedia":[{"embeddable":true,"href":"https:\/\/www.europesays.com\/fr\/wp-json\/wp\/v2\/media\/445745"}],"wp:attachment":[{"href":"https:\/\/www.europesays.com\/fr\/wp-json\/wp\/v2\/media?parent=445744"}],"wp:term":[{"taxonomy":"category","embeddable":true,"href":"https:\/\/www.europesays.com\/fr\/wp-json\/wp\/v2\/categories?post=445744"},{"taxonomy":"post_tag","embeddable":true,"href":"https:\/\/www.europesays.com\/fr\/wp-json\/wp\/v2\/tags?post=445744"}],"curies":[{"name":"wp","href":"https:\/\/api.w.org\/{rel}","templated":true}]}}