{"id":445746,"date":"2025-10-07T19:42:13","date_gmt":"2025-10-07T19:42:13","guid":{"rendered":"https:\/\/www.europesays.com\/fr\/445746\/"},"modified":"2025-10-07T19:42:13","modified_gmt":"2025-10-07T19:42:13","slug":"les-protagonistes-dun-vaste-trafic-dheroine-juges-a-rouen","status":"publish","type":"post","link":"https:\/\/www.europesays.com\/fr\/445746\/","title":{"rendered":"les protagonistes d&rsquo;un vaste trafic d\u2019h\u00e9ro\u00efne jug\u00e9s \u00e0 Rouen"},"content":{"rendered":"<p>            Par<br \/>\n        <strong><br \/>\n            <a href=\"https:\/\/actu.fr\/auteur\/fmass\" title=\"Consulter tous les articles de Fabien Massin\" rel=\"nofollow noopener\" target=\"_blank\">Fabien Massin<\/a><br \/>\n        <\/strong><\/p>\n<p>        Publi\u00e9 le<\/p>\n<p>            7 oct. 2025 \u00e0 18h10        <\/p>\n<p>C\u2019est une affaire de trafic de stup\u00e9fiants qui passe par la <strong>Belgique, les Pays-Bas et plusieurs d\u00e9partements fran\u00e7ais<\/strong>, mais qui trouve un \u00e9picentre dans la M\u00e9tropole de <a href=\"https:\/\/actu.fr\/normandie\/rouen_76540\" rel=\"nofollow noopener\" target=\"_blank\">Rouen (Seine-Maritime)<\/a>, du c\u00f4t\u00e9 d\u2019Elbeuf et de <strong>Saint-Aubin-l\u00e8s-Elbeuf<\/strong>, d\u2019o\u00f9 les protagonistes sont originaires ou sont domicili\u00e9s. Dans cette affaire jug\u00e9e au tribunal rouennais, 11 pr\u00e9venus \u2014 10 hommes et une femme \u2014 sont entendus pendant deux jours, mardi\u00a07 et mercredi 8\u00a0octobre 2025.<\/p>\n<p>Deux saisies d\u2019h\u00e9ro\u00efne sur l\u2019A29<\/p>\n<p class=\" wall-content\">Parmi les pr\u00e9venus, cinq comparaissent libres et six sont en d\u00e9tention provisoire. La d\u00e9couverte du trafic a d\u00e9but\u00e9 par deux faits pr\u00e9cis au d\u00e9but de l\u2019ann\u00e9e 2024, <strong>deux saisies de produits stup\u00e9fiants <\/strong>\u00e0 deux jours d\u2019intervalle sur le m\u00eame axe routier, l\u2019A29 (Lille-Amiens-Rouen), en direction de la Normandie.<\/p>\n<p class=\" wall-content\">Dans les deux cas, dans la nuit du 9 au 10\u00a0f\u00e9vrier et dans la soir\u00e9e du 12\u00a0f\u00e9vrier, les fonctionnaires des douanes proc\u00e8dent \u00e0 un contr\u00f4le de v\u00e9hicule, une Mercedes puis une Renault Twingo, <strong>et les deux cas, un peu plus de sept kilos d\u2019h\u00e9ro\u00efne sont trouv\u00e9s<\/strong>. Le rapprochement entre les deux saisies est rapidement fait, et des connexions sont peu \u00e0 peu \u00e9tablies entre les conducteurs et passagers de ces deux convois.<\/p>\n<p class=\" wall-content\">Des images de cam\u00e9ras de vid\u00e9osurveillance montrent notamment l\u2019un d\u2019entre eux recevoir un sac, sur le parking d\u2019un fast-food \u00e0 Courtrai en Belgique, et repartir avec en voiture, direction l\u2019agglo de Rouen.<strong> Les investigations<\/strong>, qui passent par la perquisition des t\u00e9l\u00e9phones portables et l\u2019analyse de leur contenu, le suivi <strong>des mouvements<\/strong> des voitures contr\u00f4l\u00e9es, l\u2019audition des premi\u00e8res personnes arr\u00eat\u00e9es, conduisent les enqu\u00eateurs sur la piste d\u2019autres potentiels complices, les 11 pr\u00e9venus jug\u00e9s actuellement \u00e0 Rouen.<\/p>\n<p class=\" wall-content\"><strong>Tous sont aujourd\u2019hui accus\u00e9s <\/strong>de faits similaires ou proches\u2009: trafic de stup\u00e9fiants et association de malfaiteurs. Certains ont particip\u00e9 au trafic, mais pas \u00e0 l\u2019importation de la drogue, et les dates d\u2019implication comme leurs fr\u00e9quences sont variables.<\/p>\n<p class=\" wall-content\">Au fil de l\u2019enqu\u00eate, il appara\u00eet en fait que de nombreux convois auraient \u00e9t\u00e9 organis\u00e9s entre les Pays-Bas, la Belgique et l\u2019agglo de Rouen, au cours des ann\u00e9es\u00a02023 et\u00a02024, pour acheminer la drogue,<strong> vendue ensuite dans plusieurs d\u00e9partements fran\u00e7ais<\/strong>\u2009: Finist\u00e8re, Morbihan, Calvados, Vienne, Charente, Sarthe, Tarn-et-Garonne, Aveyron, etc. Pour effectuer certains trajets, un deuxi\u00e8me v\u00e9hicule, une \u00ab\u2009voiture ouvreuse\u2009\u00bb, aurait \u00e9t\u00e9 utilis\u00e9.<\/p>\n<p>\u00ab\u2009Moins on en sait, mieux c\u2019est\u2009\u00bb<\/p>\n<p class=\" wall-content\">Devant le tribunal, les pr\u00e9venus ayant particip\u00e9 aux deux convois stopp\u00e9s par les douanes ont \u00e9t\u00e9 interrog\u00e9s dans la matin\u00e9e de mardi 7\u00a0octobre 2025.<strong> S\u2019ils ne peuvent nier<\/strong> avoir \u00e9t\u00e9 pris en train de convoyer plusieurs kilos d\u2019h\u00e9ro\u00efne, ils sont beaucoup moins clairs sur leur participation \u00e0 d\u2019autres voyages entre les Pays-Bas, la Belgique et la France, et \u00e0 l\u2019int\u00e9rieur du territoire fran\u00e7ais.<\/p>\n<p>Votre r\u00e9gion, votre actu !<\/p>\n<p>Recevez chaque jour les infos qui comptent pour vous.<\/p>\n<p>\t<a href=\"https:\/\/actu.fr\/newsletter\" class=\"ac-btn ac-btn--corner ac-btn--medium ac-btn--blue800\" rel=\"nofollow noopener\" target=\"_blank\">S&rsquo;incrire<\/a><\/p>\n<p class=\" wall-content\">L\u2019un d\u2019eux dit ne pas savoir ce qu\u2019il transportait,<strong> \u00ab\u2009peut-\u00eatre des enveloppes contenant de l\u2019argent\u2009\u00bb<\/strong>. Un autre explique qu\u2019ils allaient en Belgique \u00ab\u2009pour aller voir des prostitu\u00e9es\u2009\u00bb et aux Pays-Bas \u00ab\u2009pour se procurer du cannabis\u2009\u00bb.<\/p>\n<p class=\" wall-content\">Un autre, qui ne conduisait mais faisait figure d\u2019accompagnant dans les trajets, t\u00e9moigne\u2009: \u00ab\u2009<strong>Je ne sais pas qui \u00e9tait au-dessus de nous,<\/strong> je ne voyais pas drogue, j\u2019accompagnais le conducteur. Mais vous savez, moins on en sait dans ce genre d\u2019affaire, mieux c\u2019est. J\u2019avais peur pour ma famille.\u2009\u00bb<\/p>\n<p class=\" wall-content\">Le proc\u00e8s se poursuit mercredi 8\u00a0octobre 2025, avec les r\u00e9quisitions du procureur et les interventions des avocats des accus\u00e9s.<\/p>\n<p>Suivez l\u2019actualit\u00e9 de Rouen sur notre <a href=\"https:\/\/www.whatsapp.com\/channel\/0029VaKfnf99hXF2ddApFB1D\" rel=\"nofollow noopener\" target=\"_blank\">cha\u00eene WhatsApp<\/a> et sur notre <a href=\"https:\/\/www.tiktok.com\/@76actu.fr?lang=fr\" rel=\"nofollow noopener\" target=\"_blank\">compte TikTok<\/a><\/p>\n<p class=\" wall-content\">Personnalisez votre actualit\u00e9 en ajoutant vos villes et m\u00e9dias en favori avec <a href=\"https:\/\/moncompte.actu.fr\" title=\"D\u00e9couvez Mon Actu\" rel=\"nofollow noopener\" data-trk=\"{&quot;cta&quot;:{&quot;action&quot;:&quot;https:\\\/\\\/moncompte.actu.fr&quot;,&quot;category&quot;:&quot;mon compte&quot;,&quot;from&quot;:&quot;article footer&quot;,&quot;name&quot;:&quot;Mon actu&quot;,&quot;type&quot;:&quot;cta&quot;}}\" target=\"_blank\">Mon Actu<\/a>.<\/p>\n<p>                    <script async src=\"\/\/www.tiktok.com\/embed.js\"><\/script><\/p>\n","protected":false},"excerpt":{"rendered":"Par Fabien Massin Publi\u00e9 le 7 oct. 2025 \u00e0 18h10 C\u2019est une affaire de trafic de stup\u00e9fiants qui&hellip;\n","protected":false},"author":2,"featured_media":445747,"comment_status":"","ping_status":"","sticky":false,"template":"","format":"standard","meta":{"footnotes":""},"categories":[9587],"tags":[1111,11,1052,1777,674,118,1011,27,303,813,12,5161,25,9590],"class_list":{"0":"post-445746","1":"post","2":"type-post","3":"status-publish","4":"format-standard","5":"has-post-thumbnail","7":"category-rouen","8":"tag-actu","9":"tag-actualites","10":"tag-drogue","11":"tag-eu","12":"tag-europe","13":"tag-faits-divers","14":"tag-fr","15":"tag-france","16":"tag-justice","17":"tag-narcotrafiquants","18":"tag-news","19":"tag-normandie","20":"tag-republique-francaise","21":"tag-rouen"},"share_on_mastodon":{"url":"https:\/\/pubeurope.com\/@fr\/115334594143585251","error":""},"_links":{"self":[{"href":"https:\/\/www.europesays.com\/fr\/wp-json\/wp\/v2\/posts\/445746","targetHints":{"allow":["GET"]}}],"collection":[{"href":"https:\/\/www.europesays.com\/fr\/wp-json\/wp\/v2\/posts"}],"about":[{"href":"https:\/\/www.europesays.com\/fr\/wp-json\/wp\/v2\/types\/post"}],"author":[{"embeddable":true,"href":"https:\/\/www.europesays.com\/fr\/wp-json\/wp\/v2\/users\/2"}],"replies":[{"embeddable":true,"href":"https:\/\/www.europesays.com\/fr\/wp-json\/wp\/v2\/comments?post=445746"}],"version-history":[{"count":0,"href":"https:\/\/www.europesays.com\/fr\/wp-json\/wp\/v2\/posts\/445746\/revisions"}],"wp:featuredmedia":[{"embeddable":true,"href":"https:\/\/www.europesays.com\/fr\/wp-json\/wp\/v2\/media\/445747"}],"wp:attachment":[{"href":"https:\/\/www.europesays.com\/fr\/wp-json\/wp\/v2\/media?parent=445746"}],"wp:term":[{"taxonomy":"category","embeddable":true,"href":"https:\/\/www.europesays.com\/fr\/wp-json\/wp\/v2\/categories?post=445746"},{"taxonomy":"post_tag","embeddable":true,"href":"https:\/\/www.europesays.com\/fr\/wp-json\/wp\/v2\/tags?post=445746"}],"curies":[{"name":"wp","href":"https:\/\/api.w.org\/{rel}","templated":true}]}}