{"id":445764,"date":"2025-10-07T19:51:19","date_gmt":"2025-10-07T19:51:19","guid":{"rendered":"https:\/\/www.europesays.com\/fr\/445764\/"},"modified":"2025-10-07T19:51:19","modified_gmt":"2025-10-07T19:51:19","slug":"marches-strategiques-grands-evenements-sportifs-et-culturels-ce-que-prevoit-la-cote-dazur-pour-booster-son-tourisme-en-2026","status":"publish","type":"post","link":"https:\/\/www.europesays.com\/fr\/445764\/","title":{"rendered":"March\u00e9s strat\u00e9giques, grands \u00e9v\u00e9nements sportifs et culturels&#8230; Ce que pr\u00e9voit la C\u00f4te d&rsquo;Azur pour booster son tourisme en 2026"},"content":{"rendered":"<p><strong>Un bilan de 2025 avant de se projeter sur 2026. Vendredi 3\u00a0octobre, C\u00f4te d\u2019Azur France Tourisme pr\u00e9sentait ses angles d\u2019attaque pour l\u2019ann\u00e9e \u00e0\u00a0venir. Avec notamment un accent important sur le d\u00e9veloppement du march\u00e9 international, particuli\u00e8rement aux \u00c9tats-Unis et au Canada.\u00a0<\/strong><\/p>\n<p>400 professionnels de la fili\u00e8re r\u00e9unis \u00e0\u00a0Opio le vendredi 3\u00a0octobre. Au menu de cette grande conf\u00e9rence, un retour sur 2025 pour le secteur touristique des Alpes-Maritimes. Mais il \u00e9tait aussi question de se projeter sur l\u2019avenir et sur un plan de bataille pour\u00a02026.<\/p>\n<p>Concernant cette ann\u00e9e, l\u2019institution sp\u00e9cialis\u00e9e C\u00f4te d\u2019Azur France Tourisme note que <a href=\"https:\/\/nicepresse.com\/cote-dazur-pas-de-raz-de-maree-touristique-la-clientele-etrangere-sauve-la-saison-mais-les-restaurateurs-ont-des-raisons-de-sinquieter\/\" data-wpel-link=\"internal\" target=\"_blank\" rel=\"noopener noreferrer nofollow\">la saison estivale<\/a> s\u2019est allong\u00e9e, de mai \u00e0\u00a0septembre. En moyenne, le taux de l\u2019occupation h\u00f4teli\u00e8re sur le littoral fut de 84\u00a0% ces cinq mois, avec un pic \u00e0\u00a089\u00a0% en\u00a0ao\u00fbt.<\/p>\n<p>Une r\u00e9partition souhait\u00e9e et appuy\u00e9e par la communication valorisant un tourisme \u00ab\u00a0quatre saisons\u00a0\u00bb \u00e0\u00a0Nice et dans les alentours. Des \u00e9v\u00e9nements comme\u00a0le Grand Prix de Monaco, l\u2019UNOC &#8211; le sommet des Nations unies &#8211; les championnats du monde d\u2019Ironman et des manifestations li\u00e9es aux yachts \u00e0\u00a0Cannes et Monaco ont notamment attir\u00e9 une forte client\u00e8le \u00e9trang\u00e8re.<\/p>\n<p>Fid\u00e9liser la client\u00e8le \u00e9trang\u00e8re\u2026 plus d\u00e9pensi\u00e8re<\/p>\n<p>Les vacanciers venus des diverses r\u00e9gions du monde composaient 55\u00a0% des visiteurs en juillet et 58\u00a0% en ao\u00fbt. Principalement <a href=\"https:\/\/nicepresse.com\/nice-eldorado-immobilier-des-americains-fortunes-pourquoi-la-cote-dazur-seduit-une-clientele-en-or-massif-et-en-dollars\/\" data-wpel-link=\"internal\" target=\"_blank\" rel=\"noopener noreferrer nofollow\">des \u00c9tats-Unis<\/a>, du Royaume-Uni, de Scandinavie, d\u2019Allemagne et d\u2019Italie. De quoi conforter l\u2019organisme de promotion dans sa strat\u00e9gie de communication sur les p\u00e9riodes de creux, surtout hors de\u00a0l\u2019\u00e9t\u00e9.\u00a0<\/p>\n<p>Alors pour 2026, il a\u00a0pr\u00e9vu un plan en plusieurs axes pour mettre encore un peu plus en lumi\u00e8re le littoral azur\u00e9en. Premi\u00e8re chose \u00e0\u00a0savoir, C\u00f4te d\u2019Azur France Tourisme va accentuer son travail autour des march\u00e9s asiatique, nord-am\u00e9ricain et moyen-oriental. Car la client\u00e8le internationale reste <a href=\"https:\/\/nicepresse.com\/nice-ces-touristes-etrangers-qui-depensent-deux-fois-plus-que-les-francais-restent-bel-et-bien-des-amoureux-de-la-cote-dazur-cet-ete\/\" data-wpel-link=\"internal\" target=\"_blank\" rel=\"noopener noreferrer nofollow\">la plus d\u00e9pensi\u00e8re<\/a>, et donc la plus int\u00e9ressante pour les professionnels.<\/p>\n<p>Le but est ainsi de fid\u00e9liser les habitants de ces pays lointains, particuli\u00e8rement \u00e0\u00a0travers des liaisons a\u00e9riennes r\u00e9guli\u00e8res avec ces destinations. Pour cela, plusieurs d\u00e9l\u00e9gations iront aux \u00c9tats-Unis, au Canada, en Arabie Saoudite, aux \u00c9mirats arabes unis et \u00e0\u00a0Singapour l\u2019an prochain lors d\u2019op\u00e9rations promotionnelles ou de salons d\u00e9di\u00e9s.\u00a0<\/p>\n<p>Garder la cote sur le march\u00e9 fran\u00e7ais<\/p>\n<p>L\u2019id\u00e9e est aussi de garder une bonne cote sur le march\u00e9 fran\u00e7ais, nos concitoyens repr\u00e9sentant la moiti\u00e9 des visiteurs annuels. Pour faire sa publicit\u00e9, le territoire ni\u00e7ois compte sur une date en particulier, le Salon Rendez-vous en France qui aura lieu dans la Baie des Anges au printemps 2026. Un congr\u00e8s de grande ampleur avec des tour-op\u00e9rateurs et des journalistes issus des quatre coins du\u00a0globe.<\/p>\n<p>Campagnes de presse, pr\u00e9sence \u00e0\u00a0des colloques \u00e0\u00a0Paris ou Lyon\u2026 C\u00f4te d\u2019Azur France Tourisme veut \u00eatre partout.<\/p>\n<p><a href=\"https:\/\/www.nicecotedazur.org\/actualites\/ensemble-face-aux-risques-majeurs\/\" data-wpel-link=\"external\" target=\"_blank\" rel=\"external noopener noreferrer nofollow\"><img loading=\"lazy\" decoding=\"async\" width=\"300\" height=\"300\" src=\"data:image\/svg+xml,%3Csvg%20xmlns=\" http:=\"\" alt=\"\" class=\"wp-image-252503\" data-lazy-src=\"https:\/\/www.europesays.com\/fr\/wp-content\/uploads\/2025\/10\/decli-web_risques-majeurs2025_nicepresse_300-x-300.jpg\"\/><\/a><\/p>\n<p>Dans ses coups de pub, la structure va souligner les tr\u00e9sors du rivage m\u00e9diterran\u00e9en, entre les excusions en plein air, la pratique sportive, les monuments et \u00e9v\u00e9nements culturels, ainsi que le tourisme responsable. Les parcs et r\u00e9serves seront mis en avant, de m\u00eame que les mus\u00e9es, le marathon des Alpes-Maritimes ou la randonn\u00e9e. Objectif, faire de la C\u00f4te d\u2019Azur une marque toujours plus rayonnante dans l\u2019Hexagone et \u00e0\u00a0l\u2019international.\u00a0<\/p>\n","protected":false},"excerpt":{"rendered":"Un bilan de 2025 avant de se projeter sur 2026. Vendredi 3\u00a0octobre, C\u00f4te d\u2019Azur France Tourisme pr\u00e9sentait ses&hellip;\n","protected":false},"author":2,"featured_media":445765,"comment_status":"","ping_status":"","sticky":false,"template":"","format":"standard","meta":{"footnotes":""},"categories":[2819],"tags":[1111,11,1777,674,1011,27,12,2401,882,25],"class_list":{"0":"post-445764","1":"post","2":"type-post","3":"status-publish","4":"format-standard","5":"has-post-thumbnail","7":"category-nice","8":"tag-actu","9":"tag-actualites","10":"tag-eu","11":"tag-europe","12":"tag-fr","13":"tag-france","14":"tag-news","15":"tag-nice","16":"tag-provence-alpes-cote-dazur","17":"tag-republique-francaise"},"share_on_mastodon":{"url":"https:\/\/pubeurope.com\/@fr\/115334629583953281","error":""},"_links":{"self":[{"href":"https:\/\/www.europesays.com\/fr\/wp-json\/wp\/v2\/posts\/445764","targetHints":{"allow":["GET"]}}],"collection":[{"href":"https:\/\/www.europesays.com\/fr\/wp-json\/wp\/v2\/posts"}],"about":[{"href":"https:\/\/www.europesays.com\/fr\/wp-json\/wp\/v2\/types\/post"}],"author":[{"embeddable":true,"href":"https:\/\/www.europesays.com\/fr\/wp-json\/wp\/v2\/users\/2"}],"replies":[{"embeddable":true,"href":"https:\/\/www.europesays.com\/fr\/wp-json\/wp\/v2\/comments?post=445764"}],"version-history":[{"count":0,"href":"https:\/\/www.europesays.com\/fr\/wp-json\/wp\/v2\/posts\/445764\/revisions"}],"wp:featuredmedia":[{"embeddable":true,"href":"https:\/\/www.europesays.com\/fr\/wp-json\/wp\/v2\/media\/445765"}],"wp:attachment":[{"href":"https:\/\/www.europesays.com\/fr\/wp-json\/wp\/v2\/media?parent=445764"}],"wp:term":[{"taxonomy":"category","embeddable":true,"href":"https:\/\/www.europesays.com\/fr\/wp-json\/wp\/v2\/categories?post=445764"},{"taxonomy":"post_tag","embeddable":true,"href":"https:\/\/www.europesays.com\/fr\/wp-json\/wp\/v2\/tags?post=445764"}],"curies":[{"name":"wp","href":"https:\/\/api.w.org\/{rel}","templated":true}]}}