{"id":445766,"date":"2025-10-07T19:52:49","date_gmt":"2025-10-07T19:52:49","guid":{"rendered":"https:\/\/www.europesays.com\/fr\/445766\/"},"modified":"2025-10-07T19:52:49","modified_gmt":"2025-10-07T19:52:49","slug":"chu-de-nantes-la-colere-des-assistants-de-regulation-medicale","status":"publish","type":"post","link":"https:\/\/www.europesays.com\/fr\/445766\/","title":{"rendered":"CHU de Nantes : la col\u00e8re des assistants de r\u00e9gulation m\u00e9dicale"},"content":{"rendered":"\n<p>Ils sont \u00e9puis\u00e9s et en col\u00e8re\u2026 Et pourtant ils continuent de d\u00e9crocher si vous appelez le 15 pour une urgence m\u00e9dicale ! Les assistants de r\u00e9gulation m\u00e9dicale (ARM) du SAMU ont entam\u00e9 une gr\u00e8ve depuis mardi dernier au CHU de Nantes.\u00a0L\u2019obligation de passer par une r\u00e9gulation avant de se pr\u00e9senter aux urgences la nuit a fait cro\u00eetre le nombre d\u2019appels aux 15, et les ARM recrut\u00e9s pour y faire face sont d\u00e9bord\u00e9s.<\/p>\n<p>N\u00e9cessit\u00e9 oblige, ils sont en gr\u00e8ve mais restent en poste, pour nous orienter au mieux vers un m\u00e9decin urgentiste ou un g\u00e9n\u00e9raliste. Olivier Terrien, le secr\u00e9taire g\u00e9n\u00e9ral de la CGT du CHU de Nantes, rappelle la priorit\u00e9 pour ces ARM : \u00ab\u00a0Avoir des effectifs \u00e0 la hauteur des besoins, parce qu&rsquo;on a une augmentation importante de l&rsquo;activit\u00e9. On n&rsquo;arrive plus \u00e0 r\u00e9pondre aux besoins des usagers dans des d\u00e9lais qui sont raisonnables et les conditions de travail de nos professionnels se d\u00e9gradent. <\/p>\n<blockquote><p>\n\u00ab\u00a0La vie de nos patients n&rsquo;a pas de prix\u00a0\u00bb\n<\/p><\/blockquote>\n<p>On cr\u00e9e des \u00e9puisements professionnels, des arr\u00eats de travail, et ce n&rsquo;est pas acceptable. Aujourd&rsquo;hui, on a une direction du CHU qui reconna\u00eet cette augmentation d&rsquo;activit\u00e9, et cette n\u00e9cessit\u00e9 de cr\u00e9er de l&#8217;emploi, mais <strong>on conditionne ces cr\u00e9ations d&#8217;emploi \u00e0 de nouveaux financements. <\/strong>Cela veut dire en clair que si l&rsquo;Agence r\u00e9gionale de sant\u00e9 (ARS) n&rsquo;octroie pas de nouvelles finances&#8230; le CHU ne cr\u00e9era pas d&#8217;emploi ! C&rsquo;est quelque chose qui est compl\u00e8tement \u00ab\u00a0inentendable\u00a0\u00bb parce que la vie de nos patients n&rsquo;a pas de prix, tout comme les conditions de travail des professionnels !\u00a0\u00bb\u00a0<\/p>\n<p>L\u2019Agence R\u00e9gionale de Sant\u00e9 des Pays de la Loire a accept\u00e9 de recevoir les repr\u00e9sentants des gr\u00e9vistes mardi prochain (14 octobre) \u00e0 11h. Olivier Terrien aura une exigence lors de cette rencontre\u00a0 : \u00ab\u00a0qu&rsquo;il y ait des financements \u00e0 la hauteur pour pouvoir r\u00e9pondre \u00e0 ces besoins.\u00a0\u00bb<\/p>\n<blockquote><p>\n\u00ab\u00a0On a des patients qui finissent par renoncer aux soins et \u00e0 appeler le 15\u00a0\u00bb\n<\/p><\/blockquote>\n<p>\u00ab\u00a0Ce qui est paradoxal, c&rsquo;est que l&rsquo;Agence R\u00e9gionale de Sant\u00e9 demande aux usagers de syst\u00e9matiquement passer par le 15, et impose un service des urgences r\u00e9gul\u00e9 principalement la nuit de 20h \u00e0 6h le matin. Et les patients doivent imp\u00e9rativement appeler le 15 avant de pouvoir se rendre aux urgences, sinon ils ne pourront pas y acc\u00e9der. On surcharge le travail de nos coll\u00e8gues dans le service de r\u00e9gulation et pour autant on n&rsquo;y met pas les moyens ! <\/p>\n<p>On a des patients qui aujourd&rsquo;hui ne sont pas des m\u00e9decins, ils ne peuvent en aucun cas s&rsquo;auto-diagnostiquer. <strong>On a des patients qui finissent par renoncer aux soins, et par renoncer \u00e0 appeler le 15 et ils se disent que finalement la douleur thoracique qu&rsquo;ils ont, \u00e7a va passer ! I<\/strong>l faut \u00e0 tout prix qu&rsquo;on mette les moyens dans ce service pour pouvoir r\u00e9pondre aux besoins de la population dans les d\u00e9lais qui s&rsquo;imposent.\u00a0\u00bb<\/p>\n","protected":false},"excerpt":{"rendered":"Ils sont \u00e9puis\u00e9s et en col\u00e8re\u2026 Et pourtant ils continuent de d\u00e9crocher si vous appelez le 15 pour&hellip;\n","protected":false},"author":2,"featured_media":445767,"comment_status":"","ping_status":"","sticky":false,"template":"","format":"standard","meta":{"footnotes":""},"categories":[2818],"tags":[1111,11,1271,4309,1777,674,1011,27,100,766,12,2636,9235,25,14322],"class_list":{"0":"post-445766","1":"post","2":"type-post","3":"status-publish","4":"format-standard","5":"has-post-thumbnail","7":"category-nantes","8":"tag-actu","9":"tag-actualites","10":"tag-cgt","11":"tag-chu","12":"tag-eu","13":"tag-europe","14":"tag-fr","15":"tag-france","16":"tag-hopital","17":"tag-nantes","18":"tag-news","19":"tag-pays-de-la-loire","20":"tag-regulation","21":"tag-republique-francaise","22":"tag-samu"},"share_on_mastodon":{"url":"https:\/\/pubeurope.com\/@fr\/115334637417613791","error":""},"_links":{"self":[{"href":"https:\/\/www.europesays.com\/fr\/wp-json\/wp\/v2\/posts\/445766","targetHints":{"allow":["GET"]}}],"collection":[{"href":"https:\/\/www.europesays.com\/fr\/wp-json\/wp\/v2\/posts"}],"about":[{"href":"https:\/\/www.europesays.com\/fr\/wp-json\/wp\/v2\/types\/post"}],"author":[{"embeddable":true,"href":"https:\/\/www.europesays.com\/fr\/wp-json\/wp\/v2\/users\/2"}],"replies":[{"embeddable":true,"href":"https:\/\/www.europesays.com\/fr\/wp-json\/wp\/v2\/comments?post=445766"}],"version-history":[{"count":0,"href":"https:\/\/www.europesays.com\/fr\/wp-json\/wp\/v2\/posts\/445766\/revisions"}],"wp:featuredmedia":[{"embeddable":true,"href":"https:\/\/www.europesays.com\/fr\/wp-json\/wp\/v2\/media\/445767"}],"wp:attachment":[{"href":"https:\/\/www.europesays.com\/fr\/wp-json\/wp\/v2\/media?parent=445766"}],"wp:term":[{"taxonomy":"category","embeddable":true,"href":"https:\/\/www.europesays.com\/fr\/wp-json\/wp\/v2\/categories?post=445766"},{"taxonomy":"post_tag","embeddable":true,"href":"https:\/\/www.europesays.com\/fr\/wp-json\/wp\/v2\/tags?post=445766"}],"curies":[{"name":"wp","href":"https:\/\/api.w.org\/{rel}","templated":true}]}}