{"id":445780,"date":"2025-10-07T19:59:23","date_gmt":"2025-10-07T19:59:23","guid":{"rendered":"https:\/\/www.europesays.com\/fr\/445780\/"},"modified":"2025-10-07T19:59:23","modified_gmt":"2025-10-07T19:59:23","slug":"une-expo-assassins-creed-te-fait-decouvrir-bagdad-juste-a-cote-de-lille","status":"publish","type":"post","link":"https:\/\/www.europesays.com\/fr\/445780\/","title":{"rendered":"Une expo Assassin\u2019s Creed te fait d\u00e9couvrir Bagdad juste \u00e0 c\u00f4t\u00e9 de Lille"},"content":{"rendered":"<p>Une exposition pas comme les autres vient de d\u00e9barquer \u00e0 l\u2019<strong><a href=\"https:\/\/lilleaddict.fr\/adresse\/institut-du-monde-arabe-tourcoing\" rel=\"nofollow noopener\" target=\"_blank\">Institut du monde arabe de Tourcoing<\/a><\/strong>. Eh oui, jusqu\u2019au 11 janvier, tu pourras d\u00e9couvrir Bagdad \u00e0 son \u00e2ge d\u2019or avec des installations mises en sc\u00e8ne par <strong>Ubisoft<\/strong>, inspir\u00e9es du jeu <strong>Assassin\u2019s Creed Mirage<\/strong> (rien que \u00e7a). On est all\u00e9 y faire un petit tour et comme on est super sympa, on t\u2019explique tout ce que tu dois savoir juste ici \ud83d\udc47<\/p>\n<blockquote class=\"instagram-media\" data-instgrm-captioned=\"\" data-instgrm-permalink=\"https:\/\/www.instagram.com\/reel\/DO-il7cjDaC\/?utm_source=ig_embed&amp;utm_campaign=loading\" data-instgrm-version=\"14\" style=\" background:#FFF; border:0; border-radius:3px; box-shadow:0 0 1px 0 rgba(0,0,0,0.5),0 1px 10px 0 rgba(0,0,0,0.15); margin: 1px; max-width:540px; min-width:326px; padding:0; width:99.375%; width:-webkit-calc(100% - 2px); width:calc(100% - 2px);\"\/>\n<p><strong>Zoom sur l\u2019exposition Bagdad, red\u00e9couvrir Madinat al-Salam avec Assassin\u2019s Creed Mirage<\/strong><\/p>\n<p>Dans cette exposition \u00e0 l\u2019institut du monde arabe de Tourcoing, tu pourras <strong>voyager \u00e0 l\u2019\u00e9poque de la civilisation abbasside<\/strong>, quand Bagdad \u00e9tait encore une capitale culturelle et \u00e9conomique, avant d\u2019\u00eatre ras\u00e9e par les Mongols au XIIIe si\u00e8cle.<\/p>\n<p><img fetchpriority=\"high\" decoding=\"async\" width=\"924\" height=\"1024\" data-id=\"124186\" src=\"https:\/\/www.europesays.com\/fr\/wp-content\/uploads\/2025\/10\/article-bagdad-photo-1-grande-924x1024.jpeg\" alt=\"Institut du monde arabe-IMA Tourcoing\" class=\"wp-image-124186\"\/><\/p>\n<p><img loading=\"lazy\" decoding=\"async\" width=\"891\" height=\"1024\" data-id=\"124192\" src=\"https:\/\/www.europesays.com\/fr\/wp-content\/uploads\/2025\/10\/article-bagdad-photo-4-grande-891x1024.jpeg\" alt=\"Institut du monde arabe-IMA Tourcoing\" class=\"wp-image-124192\"\/><\/p>\n<p><img loading=\"lazy\" decoding=\"async\" width=\"968\" height=\"1024\" data-id=\"124188\" src=\"https:\/\/www.europesays.com\/fr\/wp-content\/uploads\/2025\/10\/article-bagdad-photo-2-grande-968x1024.jpeg\" alt=\"Institut du monde arabe-IMA Tourcoing\" class=\"wp-image-124188\"\/><\/p>\n<p>L\u2019exposition m\u00e9lange histoire et jeu pour reconstituer cette ville-monde avec des <strong>objets historiques<\/strong> (dont certains n\u2019avaient pas \u00e9t\u00e9 montr\u00e9s au public depuis 20 ans) et des images du jeu <strong>Assassin\u2019s creed mirage.<\/strong> De quoi plaire aux geeks, mais pas seulement ! Il y a peut-\u00eatre aussi des fans de Secrets d\u2019Histoire, qui sait\u2026<\/p>\n<p><strong>\u00c0 quoi s\u2019attendre dans cette expo \u00e0 l\u2019institut du monde arabe de Tourcoing ?<br \/><\/strong><\/p>\n<p>Tu pourras voir des <strong>dessins conceptuels, des extraits vid\u00e9o\/audio et des d\u00e9cors reconstitu\u00e9s dans le jeu <\/strong>pour te plonger compl\u00e8tement dans l\u2019ambiance. L\u2019une des salles de l\u2019expo a m\u00eame \u00e9t\u00e9 totalement transform\u00e9e pour te projeter dans <strong>une des rues du souk<\/strong> de l\u2019\u00e9poque. Tu pourras t\u2019imaginer au c\u0153ur de ses all\u00e9es, exp\u00e9rimenter, sentir et entendre, pour voir d\u2019un nouvel \u0153il les objets qui te seront pr\u00e9sent\u00e9s.<\/p>\n<p><img loading=\"lazy\" decoding=\"async\" width=\"782\" height=\"1024\" data-id=\"124190\" src=\"https:\/\/www.europesays.com\/fr\/wp-content\/uploads\/2025\/10\/article-bagdad-photo-7-grande-782x1024.jpeg\" alt=\"Institut du monde arabe-IMA Tourcoing\" class=\"wp-image-124190\"\/><\/p>\n<p><img loading=\"lazy\" decoding=\"async\" width=\"1024\" height=\"633\" data-id=\"124185\" src=\"https:\/\/www.europesays.com\/fr\/wp-content\/uploads\/2025\/10\/capture-decran-2025-10-07-a-11.20.48-grande-1024x633.jpeg\" alt=\"Institut du monde arabe-IMA Tourcoing\" class=\"wp-image-124185\"\/><\/p>\n<p><img loading=\"lazy\" decoding=\"async\" width=\"863\" height=\"1024\" data-id=\"124194\" src=\"https:\/\/www.europesays.com\/fr\/wp-content\/uploads\/2025\/10\/article-bagdad-photo-9-grande-863x1024.jpeg\" alt=\"Institut du monde arabe-IMA Tourcoing\" class=\"wp-image-124194\"\/><\/p>\n<p>Pour la petite info, la visite s\u2019articule autour de <strong>5 th\u00e9matiques<\/strong> : la Ville Ronde, les Religions, l\u2019Administration et la Politique, les Arts et la Culture, les Sciences et Techniques. Ces th\u00e9matiques te permettront de d\u00e9couvrir les <strong>savoir-faire<\/strong> qui ont fait la gloire de Bagdad pendant des si\u00e8cles tels que la teinturerie, la poterie, la savonnerie etc.\u00a0<\/p>\n<p><img loading=\"lazy\" decoding=\"async\" width=\"844\" height=\"1024\" data-id=\"124187\" src=\"https:\/\/www.europesays.com\/fr\/wp-content\/uploads\/2025\/10\/article-bagdad-photo-5-grande-844x1024.jpeg\" alt=\"Institut du monde arabe-IMA Tourcoing\" class=\"wp-image-124187\"\/><\/p>\n<p><img loading=\"lazy\" decoding=\"async\" width=\"752\" height=\"1024\" data-id=\"124191\" src=\"https:\/\/www.europesays.com\/fr\/wp-content\/uploads\/2025\/10\/article-bagdad-photo-3-grande-752x1024.jpeg\" alt=\"Institut du monde arabe-IMA Tourcoing\" class=\"wp-image-124191\"\/><\/p>\n<p>Tu pourras \u00e9galement en savoir un peu plus sur les <strong>coulisses du jeu<\/strong> avec les t\u00e9moignages des personnes qui ont particip\u00e9 \u00e0 la reconstitution digitale comme les <strong>artistes<\/strong>, les <strong>programmeurs<\/strong> et les <strong>game designers<\/strong>.\u00a0<\/p>\n<p>Bref, c\u2019est une exposition rapide et immersive qui te fera faire un petit voyage dans le temps :).<\/p>\n<p><strong>Infos pratiques :<\/strong><\/p>\n<ul class=\"wp-block-list\">\n<li>Plus d\u2019infos juste <a href=\"https:\/\/www.ima-tourcoing.fr\/institut-monde-arabe-tourcoing\/bagdad-redecouvrir-madinat-al-salam-avec-assassins-creed-mirage\/\" rel=\"nofollow noopener\" target=\"_blank\">ici<\/a><\/li>\n<li><strong>Dates <\/strong>: Jusqu\u2019au 11 janvier 2026<\/li>\n<li><strong>Lieux:<\/strong> Institut du monde arabe, 9 rue Gabriel P\u00e9ri, Tourcoing<\/li>\n<li><strong>Horaires: <\/strong>mardi au dimanche, 13h-18h<\/li>\n<li><strong>Tarif :<\/strong> \u00e0 partir de 4\u20ac<\/li>\n<\/ul>\n<p><strong>Envie de suivre tout ce qui se passe de mieux \u00e0 Lille ? \u00c7a se passe sur Instagram !<\/strong><\/p>\n<p>Adresses et sorties incontournables, anecdotes, histoires\u2026 Tu trouveras tr\u00e8s certainement ton bonheur sur cette page. En plus, on est qu\u2019entre gens bien et il ne manque que toi. <a href=\"https:\/\/www.instagram.com\/lille_addict\/\" rel=\"nofollow noopener\" target=\"_blank\">\u00c7a se passe ici<\/a>.<\/p>\n<p>\t\t\t\t<script async src=\"\/\/www.instagram.com\/embed.js\"><\/script><\/p>\n","protected":false},"excerpt":{"rendered":"Une exposition pas comme les autres vient de d\u00e9barquer \u00e0 l\u2019Institut du monde arabe de Tourcoing. Eh oui,&hellip;\n","protected":false},"author":2,"featured_media":445781,"comment_status":"","ping_status":"","sticky":false,"template":"","format":"standard","meta":{"footnotes":""},"categories":[2815],"tags":[1111,11,1777,674,1011,27,811,1307,12,25],"class_list":{"0":"post-445780","1":"post","2":"type-post","3":"status-publish","4":"format-standard","5":"has-post-thumbnail","7":"category-lille","8":"tag-actu","9":"tag-actualites","10":"tag-eu","11":"tag-europe","12":"tag-fr","13":"tag-france","14":"tag-hauts-de-france","15":"tag-lille","16":"tag-news","17":"tag-republique-francaise"},"share_on_mastodon":{"url":"https:\/\/pubeurope.com\/@fr\/115334662655156715","error":""},"_links":{"self":[{"href":"https:\/\/www.europesays.com\/fr\/wp-json\/wp\/v2\/posts\/445780","targetHints":{"allow":["GET"]}}],"collection":[{"href":"https:\/\/www.europesays.com\/fr\/wp-json\/wp\/v2\/posts"}],"about":[{"href":"https:\/\/www.europesays.com\/fr\/wp-json\/wp\/v2\/types\/post"}],"author":[{"embeddable":true,"href":"https:\/\/www.europesays.com\/fr\/wp-json\/wp\/v2\/users\/2"}],"replies":[{"embeddable":true,"href":"https:\/\/www.europesays.com\/fr\/wp-json\/wp\/v2\/comments?post=445780"}],"version-history":[{"count":0,"href":"https:\/\/www.europesays.com\/fr\/wp-json\/wp\/v2\/posts\/445780\/revisions"}],"wp:featuredmedia":[{"embeddable":true,"href":"https:\/\/www.europesays.com\/fr\/wp-json\/wp\/v2\/media\/445781"}],"wp:attachment":[{"href":"https:\/\/www.europesays.com\/fr\/wp-json\/wp\/v2\/media?parent=445780"}],"wp:term":[{"taxonomy":"category","embeddable":true,"href":"https:\/\/www.europesays.com\/fr\/wp-json\/wp\/v2\/categories?post=445780"},{"taxonomy":"post_tag","embeddable":true,"href":"https:\/\/www.europesays.com\/fr\/wp-json\/wp\/v2\/tags?post=445780"}],"curies":[{"name":"wp","href":"https:\/\/api.w.org\/{rel}","templated":true}]}}