{"id":445782,"date":"2025-10-07T20:00:13","date_gmt":"2025-10-07T20:00:13","guid":{"rendered":"https:\/\/www.europesays.com\/fr\/445782\/"},"modified":"2025-10-07T20:00:13","modified_gmt":"2025-10-07T20:00:13","slug":"a-marseille-hommage-et-recueillement-pour-toutes-les-victimes-du-7-octobre","status":"publish","type":"post","link":"https:\/\/www.europesays.com\/fr\/445782\/","title":{"rendered":"\u00c0 Marseille, hommage et recueillement pour \u00ab\u00a0toutes les victimes\u00a0\u00bb du 7-Octobre"},"content":{"rendered":"<p>Sous l\u2019ombri\u00e8re du Vieux-Port, \u00ab\u00a0lieu de passage et d\u2019horizons m\u00eal\u00e9s\u00a0\u00bb, une cinquantaine de personnes ont r\u00e9pondu \u00e0 l\u2019appel des <a href=\"https:\/\/www.laprovence.com\/article\/region\/16605395929493\/a-marseille-pasteur-rabbin-imam-et-pretre-dialoguent-face-a-lembrasement-du-monde\" target=\"_blank\" rel=\"noopener\">Guerri\u00e8re de la paix<\/a>, ce mardi 7\u00a0octobre. Le mouvement f\u00e9ministe et antiraciste veut continuer de porter les voix des militants de la paix en Palestine et en Isra\u00ebl, recr\u00e9er un espace de dialogue entre les communaut\u00e9s, apr\u00e8s \u00ab\u00a0deux ans de cauchemar et de regards d\u00e9tourn\u00e9s\u00a0\u00bb.<\/p>\n<p>Ce moment de recueillement sans \u00e9tendard ni drapeau, doit donc permettre de se souvenir de \u00ab\u00a0toutes les victimes d\u2019<a href=\"https:\/\/www.laprovence.com\/article\/france-monde\/1624643224115614\/deux-ans-apres-le-7-octobre-les-larmes-coulent-encore-sur-le-site-du-festival-nova\" target=\"_blank\" rel=\"noopener\">un conflit qui ne finit pas<\/a>\u00ab\u00a0. \u00ab\u00a0Nous sommes l\u00e0 pour exprimer notre soutien aux victimes, que l\u2019on compare ou que l\u2019on oppose parfois. Comme si certaines \u00e9taient plus l\u00e9gitimes que d\u2019autres, disent au micro Nawelle Senad et Laura Sahin, <a href=\"https:\/\/www.laprovence.com\/article\/region\/32051479997353\/a-aix-lassociation-des-guerrieres-de-la-paix-lance-une-antenne-dans-le-sud-depuis-le-camp-des-milles\" target=\"_blank\" rel=\"noopener\">responsables de la section sud des Guerri\u00e8res<\/a>. Nous voulons faire entendre notre voix fragile mais ferme, pour refuser d\u2019\u00eatre aspir\u00e9 dans un tourbillon de division et de haine, d\u2019un conflit qui alimente l\u2019antis\u00e9mitisme et l\u2019islamophobie.\u00a0\u00bb<\/p>\n<p>Sans choisir un camp et rejetant la \u00ab\u00a0compassion s\u00e9lective\u00a0\u00bb, les Guerri\u00e8res de la paix ont cri\u00e9 leur <a href=\"https:\/\/www.laprovence.com\/article\/societe\/2927775964612814\/a-marseille-un-millier-de-personnes-devant-la-prefecture-en-soutien-a-la-flottille-pour-gaza\" target=\"_blank\" rel=\"noopener\">solidarit\u00e9 avec le peuple palestinien<\/a> et demand\u00e9 la lib\u00e9ration des otages isra\u00e9liens. Dans une ville qui \u00ab\u00a0accueil&#8230;<\/p>\n","protected":false},"excerpt":{"rendered":"Sous l\u2019ombri\u00e8re du Vieux-Port, \u00ab\u00a0lieu de passage et d\u2019horizons m\u00eal\u00e9s\u00a0\u00bb, une cinquantaine de personnes ont r\u00e9pondu \u00e0 l\u2019appel&hellip;\n","protected":false},"author":2,"featured_media":445783,"comment_status":"","ping_status":"","sticky":false,"template":"","format":"standard","meta":{"footnotes":""},"categories":[2814],"tags":[17,1111,11,1777,674,1011,27,4879,151,884,12,471,882,14745,16,25,10125,2023],"class_list":{"0":"post-445782","1":"post","2":"type-post","3":"status-publish","4":"format-standard","5":"has-post-thumbnail","7":"category-marseille","8":"tag-17","9":"tag-actu","10":"tag-actualites","11":"tag-eu","12":"tag-europe","13":"tag-fr","14":"tag-france","15":"tag-hommage","16":"tag-les","17":"tag-marseille","18":"tag-news","19":"tag-pour","20":"tag-provence-alpes-cote-dazur","21":"tag-recueillement","22":"tag-region","23":"tag-republique-francaise","24":"tag-toutes","25":"tag-victimes"},"share_on_mastodon":{"url":"https:\/\/pubeurope.com\/@fr\/115334664958318501","error":""},"_links":{"self":[{"href":"https:\/\/www.europesays.com\/fr\/wp-json\/wp\/v2\/posts\/445782","targetHints":{"allow":["GET"]}}],"collection":[{"href":"https:\/\/www.europesays.com\/fr\/wp-json\/wp\/v2\/posts"}],"about":[{"href":"https:\/\/www.europesays.com\/fr\/wp-json\/wp\/v2\/types\/post"}],"author":[{"embeddable":true,"href":"https:\/\/www.europesays.com\/fr\/wp-json\/wp\/v2\/users\/2"}],"replies":[{"embeddable":true,"href":"https:\/\/www.europesays.com\/fr\/wp-json\/wp\/v2\/comments?post=445782"}],"version-history":[{"count":0,"href":"https:\/\/www.europesays.com\/fr\/wp-json\/wp\/v2\/posts\/445782\/revisions"}],"wp:featuredmedia":[{"embeddable":true,"href":"https:\/\/www.europesays.com\/fr\/wp-json\/wp\/v2\/media\/445783"}],"wp:attachment":[{"href":"https:\/\/www.europesays.com\/fr\/wp-json\/wp\/v2\/media?parent=445782"}],"wp:term":[{"taxonomy":"category","embeddable":true,"href":"https:\/\/www.europesays.com\/fr\/wp-json\/wp\/v2\/categories?post=445782"},{"taxonomy":"post_tag","embeddable":true,"href":"https:\/\/www.europesays.com\/fr\/wp-json\/wp\/v2\/tags?post=445782"}],"curies":[{"name":"wp","href":"https:\/\/api.w.org\/{rel}","templated":true}]}}