{"id":445822,"date":"2025-10-07T20:25:19","date_gmt":"2025-10-07T20:25:19","guid":{"rendered":"https:\/\/www.europesays.com\/fr\/445822\/"},"modified":"2025-10-07T20:25:19","modified_gmt":"2025-10-07T20:25:19","slug":"motogp-japon-francesco-bagnaia-gagne-le-sprint-marc-marquez-proche-du-titre-les-francais-sans-briller","status":"publish","type":"post","link":"https:\/\/www.europesays.com\/fr\/445822\/","title":{"rendered":"MotoGP \u2013 Japon\u00a0: Francesco Bagnaia gagne le sprint, Marc Marquez proche du titre, les Fran\u00e7ais sans briller"},"content":{"rendered":"<p>\n                                                                Au Japon, Francesco Bagnaia a remport\u00e9 la course sprint. Deuxi\u00e8me Marc Marquez a fait un nouveau pas vers un titre qui lui tend d\u00e9sormais les bras.\u00a0Fabio Quartararo et\u00a0Johann Zarco n\u2019ont pas r\u00e9ussi \u00e0 briller.\n                            <\/p>\n<p>L\u2019Italien Francesco Bagnaia (Ducati) a remport\u00e9 la course sprint du Grand Prix du Japon de MotoGP devant son co\u00e9quipier espagnol Marc Marquez, qui s\u2019est rapproch\u00e9 du titre mondial, samedi \u00e0 Motegi.<\/p>\n<p>Un septi\u00e8me titre a port\u00e9 de main<\/p>\n<p>Parti en pole position, le double champion du monde italien (2022, 2023) a fait la course en t\u00eate du d\u00e9but \u00e0 la fin et s\u2019est impos\u00e9 sans trembler. Marc Marquez, troisi\u00e8me sur la grille, a r\u00e9alis\u00e9 un d\u00e9part moyen, perdant une place, puis a longtemps \u00e9t\u00e9 coinc\u00e9 derri\u00e8re son surprenant compatriote Joan Mir (Honda), deuxi\u00e8me des qualifications, avant de finalement le d\u00e9passer et de se d\u00e9faire d\u2019un autre Espagnol, Pedro Acosta (KTM), en fin de course.<\/p>\n<p class=\"std-elt__inline\">\n        <strong>\u00c0 lire aussi :<\/strong><br \/>\n        <a href=\"https:\/\/www.midilibre.fr\/2025\/08\/16\/moto-gp-marc-marquez-remporte-le-sprint-du-grand-prix-dautriche-les-francais-eux-ont-eu-du-mal-12879456.php\" rel=\"nofollow noopener\" target=\"_blank\">Moto GP\u00a0: Marc Marquez remporte le sprint du Grand Prix d\u2019Autriche, les Fran\u00e7ais eux, ont eu du mal<\/a>\n    <\/p>\n<p>Son fr\u00e8re Alex Marquez (Ducati-Gresini), le seul pilote qui peut encore l\u2019emp\u00eacher de d\u00e9crocher une septi\u00e8me couronne plan\u00e9taire en MotoGP, n\u2019a termin\u00e9 que dixi\u00e8me, n\u2019inscrivant aucun point. Marc Marquez a donc fait un pas de plus vers le sacre et pourra se contenter d\u2019une deuxi\u00e8me place dimanche, m\u00eame si son fr\u00e8re cadet l\u2019emporte. Ce dernier devra inscrire sept points de plus que son a\u00een\u00e9 dimanche pour que la course au titre se prolonge d\u2019une semaine.<\/p>\n<p>Zarco out<\/p>\n<p>Le Fran\u00e7ais Fabio Quartararo (Yamaha), qui s\u2019\u00e9tait \u00e9lanc\u00e9 au cinqui\u00e8me rang, a termin\u00e9 sixi\u00e8me apr\u00e8s avoir r\u00e9sist\u00e9 \u00e0 une meute de pilotes durant toute la course. L\u2019autre Tricolore, Johann Zarco (Honda-LCR) a abandonn\u00e9 \u00e0 deux tours de la fin de ce sprint.<\/p>\n","protected":false},"excerpt":{"rendered":"Au Japon, Francesco Bagnaia a remport\u00e9 la course sprint. Deuxi\u00e8me Marc Marquez a fait un nouveau pas vers&hellip;\n","protected":false},"author":2,"featured_media":445823,"comment_status":"","ping_status":"","sticky":false,"template":"","format":"standard","meta":{"footnotes":""},"categories":[1413],"tags":[1011,27,1457,1456,60],"class_list":{"0":"post-445822","1":"post","2":"type-post","3":"status-publish","4":"format-standard","5":"has-post-thumbnail","7":"category-moto","8":"tag-fr","9":"tag-france","10":"tag-moto","11":"tag-motocycle","12":"tag-sports"},"share_on_mastodon":{"url":"https:\/\/pubeurope.com\/@fr\/115334763274841763","error":""},"_links":{"self":[{"href":"https:\/\/www.europesays.com\/fr\/wp-json\/wp\/v2\/posts\/445822","targetHints":{"allow":["GET"]}}],"collection":[{"href":"https:\/\/www.europesays.com\/fr\/wp-json\/wp\/v2\/posts"}],"about":[{"href":"https:\/\/www.europesays.com\/fr\/wp-json\/wp\/v2\/types\/post"}],"author":[{"embeddable":true,"href":"https:\/\/www.europesays.com\/fr\/wp-json\/wp\/v2\/users\/2"}],"replies":[{"embeddable":true,"href":"https:\/\/www.europesays.com\/fr\/wp-json\/wp\/v2\/comments?post=445822"}],"version-history":[{"count":0,"href":"https:\/\/www.europesays.com\/fr\/wp-json\/wp\/v2\/posts\/445822\/revisions"}],"wp:featuredmedia":[{"embeddable":true,"href":"https:\/\/www.europesays.com\/fr\/wp-json\/wp\/v2\/media\/445823"}],"wp:attachment":[{"href":"https:\/\/www.europesays.com\/fr\/wp-json\/wp\/v2\/media?parent=445822"}],"wp:term":[{"taxonomy":"category","embeddable":true,"href":"https:\/\/www.europesays.com\/fr\/wp-json\/wp\/v2\/categories?post=445822"},{"taxonomy":"post_tag","embeddable":true,"href":"https:\/\/www.europesays.com\/fr\/wp-json\/wp\/v2\/tags?post=445822"}],"curies":[{"name":"wp","href":"https:\/\/api.w.org\/{rel}","templated":true}]}}