{"id":445824,"date":"2025-10-07T20:26:12","date_gmt":"2025-10-07T20:26:12","guid":{"rendered":"https:\/\/www.europesays.com\/fr\/445824\/"},"modified":"2025-10-07T20:26:12","modified_gmt":"2025-10-07T20:26:12","slug":"deux-nouveaux-entraineurs-au-chevet-des-equipes-de-france","status":"publish","type":"post","link":"https:\/\/www.europesays.com\/fr\/445824\/","title":{"rendered":"deux nouveaux entra\u00eeneurs au chevet des \u00e9quipes de France"},"content":{"rendered":"<p>\u00c0 quelques mois des championnats d\u2019Europe, Lor\u00e8ne Derenty et le Croate Vjekoslav Kobescak prennent les commandes des s\u00e9lections fran\u00e7aises, femmes et hommes.<\/p>\n<p class=\"fig-paragraph\">La F\u00e9d\u00e9ration fran\u00e7aise de natation (FFN) a annonc\u00e9 mardi la nomination des deux nouveaux entra\u00eeneurs\u00a0<a href=\"http:\/\/www.lefigaro.fr\/sports\/jeux-olympiques\/jo-water-polo-les-francais-battus-par-l-espagne-pour-leur-sortie-20240805\" data-fig-type=\"NewsFlash\" data-gtm-custom-categorie=\"navigation\" data-gtm-custom-action=\"crossclick\" data-gtm-custom-label=\"Contextuel\" data-gtm-event=\"customEventSPE\" data-fig-domain=\"LEFIGARO\" target=\"_blank\" rel=\"noopener\">des \u00e9quipes nationales de water-polo<\/a>\u00a0: Lor\u00e8ne Derenty chez les femmes et le Croate Vjekoslav Kobescak chez les hommes.<\/p>\n<p class=\"fig-paragraph\">\u00c0 quelques mois des championnats d&rsquo;Europe, \u00e0 Funchal (Portugal) pour les femmes du 26 janvier au 5 f\u00e9vrier 2026 et \u00e0 Belgrade pour les hommes du 10 au 25 janvier, Lor\u00e8ne Derenty remplace Lucas Heurtier et Vjekoslav Kobescak prend la succession de Florian Bruzzo. Il s&rsquo;agira pour les deux nouveaux entra\u00eeneurs \u00abd&rsquo;inscrire le water-polo fran\u00e7ais dans une nouvelle dynamique pour les ann\u00e9es \u00e0 venir\u00bb, \u00e9crit la FFN dans un communiqu\u00e9.<\/p>\n<p>                                    <a class=\"fig-a11y-skip a11y-hidden\" href=\"#fig-a11y-skip-main-inarticle\"><br \/>\n        Passer la publicit\u00e9<br \/>\n    <\/a><\/p>\n<p class=\"fig-paragraph\">Ancienne gardienne des Bleues de 2013 \u00e0 2020, Lor\u00e8ne Derenty a \u00e9t\u00e9 entra\u00eeneure adjointe de 2023 \u00e0 2024. Vjekoslav Kobescak, ancien joueur m\u00e9daill\u00e9 d&rsquo;argent aux JO d&rsquo;Atlanta avec la Croatie, fait lui aussi son retour sur le banc de l&rsquo;\u00e9quipe de France masculine o\u00f9 il a \u00e9t\u00e9 adjoint de 2021 \u00e0 2024, ann\u00e9e o\u00f9 les Bleus ont sign\u00e9 leur meilleur r\u00e9sultat en terminant 4e des Mondiaux de Doha.<\/p>\n","protected":false},"excerpt":{"rendered":"\u00c0 quelques mois des championnats d\u2019Europe, Lor\u00e8ne Derenty et le Croate Vjekoslav Kobescak prennent les commandes des s\u00e9lections&hellip;\n","protected":false},"author":2,"featured_media":445825,"comment_status":"","ping_status":"","sticky":false,"template":"","format":"standard","meta":{"footnotes":""},"categories":[1412],"tags":[64,1451,1452,1453,1454,1455,1011,27,60],"class_list":{"0":"post-445824","1":"post","2":"type-post","3":"status-publish","4":"format-standard","5":"has-post-thumbnail","7":"category-f1","8":"tag-equipe-de-france","9":"tag-f1","10":"tag-formula-1","11":"tag-formula1","12":"tag-formule-1","13":"tag-formule1","14":"tag-fr","15":"tag-france","16":"tag-sports"},"share_on_mastodon":{"url":"https:\/\/pubeurope.com\/@fr\/115334767068361751","error":""},"_links":{"self":[{"href":"https:\/\/www.europesays.com\/fr\/wp-json\/wp\/v2\/posts\/445824","targetHints":{"allow":["GET"]}}],"collection":[{"href":"https:\/\/www.europesays.com\/fr\/wp-json\/wp\/v2\/posts"}],"about":[{"href":"https:\/\/www.europesays.com\/fr\/wp-json\/wp\/v2\/types\/post"}],"author":[{"embeddable":true,"href":"https:\/\/www.europesays.com\/fr\/wp-json\/wp\/v2\/users\/2"}],"replies":[{"embeddable":true,"href":"https:\/\/www.europesays.com\/fr\/wp-json\/wp\/v2\/comments?post=445824"}],"version-history":[{"count":0,"href":"https:\/\/www.europesays.com\/fr\/wp-json\/wp\/v2\/posts\/445824\/revisions"}],"wp:featuredmedia":[{"embeddable":true,"href":"https:\/\/www.europesays.com\/fr\/wp-json\/wp\/v2\/media\/445825"}],"wp:attachment":[{"href":"https:\/\/www.europesays.com\/fr\/wp-json\/wp\/v2\/media?parent=445824"}],"wp:term":[{"taxonomy":"category","embeddable":true,"href":"https:\/\/www.europesays.com\/fr\/wp-json\/wp\/v2\/categories?post=445824"},{"taxonomy":"post_tag","embeddable":true,"href":"https:\/\/www.europesays.com\/fr\/wp-json\/wp\/v2\/tags?post=445824"}],"curies":[{"name":"wp","href":"https:\/\/api.w.org\/{rel}","templated":true}]}}