{"id":445828,"date":"2025-10-07T20:29:19","date_gmt":"2025-10-07T20:29:19","guid":{"rendered":"https:\/\/www.europesays.com\/fr\/445828\/"},"modified":"2025-10-07T20:29:19","modified_gmt":"2025-10-07T20:29:19","slug":"cest-empreint-dune-malhonnetete-intellectuelle","status":"publish","type":"post","link":"https:\/\/www.europesays.com\/fr\/445828\/","title":{"rendered":"c&rsquo;est empreint d&rsquo;une malhonn\u00eatet\u00e9 intellectuelle"},"content":{"rendered":"<p><strong>Col\u00e8re<\/strong>. Ouvert depuis deux mois,\u00a0L&rsquo;Isle de L\u00e9os, l&rsquo;h\u00f4tel de luxe lanc\u00e9 par <a href=\"https:\/\/www.journaldesfemmes.fr\/people\/personnalites\/2862307-patrick-bruel\/\" title=\"Patrick Bruel\" target=\"_blank\" rel=\"noopener\">Patrick Bruel<\/a> \u00e0\u00a0L&rsquo;Isle-sur-la-Sorgue, a \u00e9t\u00e9 la cible de critiques et certaines d&rsquo;entre elles ont particuli\u00e8rement agac\u00e9 le chanteur de 66 ans. \u00ab\u00a0Ce qui m&rsquo;affecte c&rsquo;est quand c&rsquo;est empreint d&rsquo;une malhonn\u00eatet\u00e9 intellectuelle (&#8230;)\u00a0Il y a un type qui a d\u00e9crit toute sa journ\u00e9e au spa avec tout ce qu&rsquo;il n&rsquo;avait pas aim\u00e9&#8230; alors que le spa n&rsquo;\u00e9tait pas encore ouvert \u00e0 cette date\u00a0! (&#8230;) (Mais) que des gens viennent ici et aient un regard critique et fassent des remarques, c&rsquo;est tout \u00e0 fait l\u00e9gitime. Et c&rsquo;est normal quand on s&rsquo;expose\u00a0\u00bb, a racont\u00e9 Patrick Bruel \u00e0\u00a0La Provence.<\/p>\n","protected":false},"excerpt":{"rendered":"Col\u00e8re. Ouvert depuis deux mois,\u00a0L&rsquo;Isle de L\u00e9os, l&rsquo;h\u00f4tel de luxe lanc\u00e9 par Patrick Bruel \u00e0\u00a0L&rsquo;Isle-sur-la-Sorgue, a \u00e9t\u00e9 la&hellip;\n","protected":false},"author":2,"featured_media":445829,"comment_status":"","ping_status":"","sticky":false,"template":"","format":"standard","meta":{"footnotes":""},"categories":[1359],"tags":[57185,51761,58,59,52292,1011,27,51766,1031,5473,973],"class_list":{"0":"post-445828","1":"post","2":"type-post","3":"status-publish","4":"format-standard","5":"has-post-thumbnail","7":"category-people","8":"tag-cms-journaldesfemmes-3242752","9":"tag-controller-content","10":"tag-divertissement","11":"tag-entertainment","12":"tag-format-reportage","13":"tag-fr","14":"tag-france","15":"tag-les-histoires-du-jdf","16":"tag-magazine","17":"tag-patrick-bruel","18":"tag-people"},"share_on_mastodon":{"url":"https:\/\/pubeurope.com\/@fr\/115334778912778207","error":""},"_links":{"self":[{"href":"https:\/\/www.europesays.com\/fr\/wp-json\/wp\/v2\/posts\/445828","targetHints":{"allow":["GET"]}}],"collection":[{"href":"https:\/\/www.europesays.com\/fr\/wp-json\/wp\/v2\/posts"}],"about":[{"href":"https:\/\/www.europesays.com\/fr\/wp-json\/wp\/v2\/types\/post"}],"author":[{"embeddable":true,"href":"https:\/\/www.europesays.com\/fr\/wp-json\/wp\/v2\/users\/2"}],"replies":[{"embeddable":true,"href":"https:\/\/www.europesays.com\/fr\/wp-json\/wp\/v2\/comments?post=445828"}],"version-history":[{"count":0,"href":"https:\/\/www.europesays.com\/fr\/wp-json\/wp\/v2\/posts\/445828\/revisions"}],"wp:featuredmedia":[{"embeddable":true,"href":"https:\/\/www.europesays.com\/fr\/wp-json\/wp\/v2\/media\/445829"}],"wp:attachment":[{"href":"https:\/\/www.europesays.com\/fr\/wp-json\/wp\/v2\/media?parent=445828"}],"wp:term":[{"taxonomy":"category","embeddable":true,"href":"https:\/\/www.europesays.com\/fr\/wp-json\/wp\/v2\/categories?post=445828"},{"taxonomy":"post_tag","embeddable":true,"href":"https:\/\/www.europesays.com\/fr\/wp-json\/wp\/v2\/tags?post=445828"}],"curies":[{"name":"wp","href":"https:\/\/api.w.org\/{rel}","templated":true}]}}