{"id":445847,"date":"2025-10-07T20:43:34","date_gmt":"2025-10-07T20:43:34","guid":{"rendered":"https:\/\/www.europesays.com\/fr\/445847\/"},"modified":"2025-10-07T20:43:34","modified_gmt":"2025-10-07T20:43:34","slug":"saint-etienne-sans-permis-ni-assurance-ni-controle-technique-elle-depasse-les-policiers-a-vive-allure-sur-la-rn88","status":"publish","type":"post","link":"https:\/\/www.europesays.com\/fr\/445847\/","title":{"rendered":"Saint-Etienne. Sans permis, ni assurance, ni contr\u00f4le technique, elle d\u00e9passe les policiers \u00e0 vive allure sur la RN88"},"content":{"rendered":"<p>Les policiers de la brigade canine de la police nationale ont sans doute \u00e9t\u00e9 surpris par la vitesse du v\u00e9hicule qui a doubl\u00e9 le leur ce dimanche 5\u00a0octobre, vers 22 heures, au niveau du quartier de Bellevue \u00e0 Saint-Etienne, dans le sens Firminy\/Lyon.<\/p>\n<p>Rapidement, le conducteur d\u00e9cide d\u2019enclencher les avertisseurs sonores et lumineux pour se signaler aupr\u00e8s du conducteur de la Peugeot 308 qui file \u00e0 vive allure vers le tunnel du Rond-Point.<\/p>\n<p>  Elle pr\u00e9sente un permis qui n\u2019est pas le sien<\/p>\n<p>Apr\u00e8s avoir d\u00fb d\u00e9passer les 140\u00a0km\/heure, selon une source polici\u00e8re, les fonctionnaires parviennent \u00e0 rattraper l\u2019automobile et la contraindre \u00e0 sortir au niveau du boulevard Alexandre-de-Fraissinette \u00e0 Saint-Etienne. Derri\u00e8re le volant, la jeune femme de 20 ans va dans un premier temps pr\u00e9senter un permis de conduire qui se r\u00e9v\u00e9lera ne pas \u00eatre le sien. Les fonctionnaires ayant pass\u00e9 son identit\u00e9 au fichier, ils vont d\u00e9couvrir que cette derni\u00e8re circule malgr\u00e9 un permis de conduire suspendu.<\/p>\n<p>De plus, la jeune femme utilise sa voiture alors qu\u2019une immobilisation a \u00e9t\u00e9 prononc\u00e9e en raison d\u2019un d\u00e9faut de contr\u00f4le technique. Dispositif qui n\u2019a toujours pas \u00e9t\u00e9 mis en \u0153uvre au moment o\u00f9 elle est \u00e0 nouveau contr\u00f4l\u00e9e par les forces de l\u2019ordre. Enfin, son automobile n\u2019est pas assur\u00e9e.<\/p>\n<p>Finalement interpell\u00e9e, la jeune conductrice a ensuite \u00e9t\u00e9 plac\u00e9e en garde \u00e0 vue. \u00c0 l\u2019issue, elle s\u2019est vue remettre une ordonnance p\u00e9nale d\u00e9lictuelle au cours des prochaines semaines. Elle devra notamment r\u00e9pondre d\u2019une vitesse excessive eu \u00e9gard aux circonstances mais aussi d\u00e9faut de permis de conduire, d\u00e9fait de contr\u00f4le technique et d\u00e9faut d\u2019assurance.<\/p>\n","protected":false},"excerpt":{"rendered":"Les policiers de la brigade canine de la police nationale ont sans doute \u00e9t\u00e9 surpris par la vitesse&hellip;\n","protected":false},"author":2,"featured_media":445848,"comment_status":"","ping_status":"","sticky":false,"template":"","format":"standard","meta":{"footnotes":""},"categories":[9653],"tags":[1111,11,2430,271,272,7539,1777,674,274,1011,27,3367,12,25,4001,7538,104,2803],"class_list":{"0":"post-445847","1":"post","2":"type-post","3":"status-publish","4":"format-standard","5":"has-post-thumbnail","7":"category-saint-etienne","8":"tag-actu","9":"tag-actualites","10":"tag-auvergne-rhone-alpes","11":"tag-crime","12":"tag-delit-et-contravention","13":"tag-edition-loire-sud","14":"tag-eu","15":"tag-europe","16":"tag-faits-divers-justice","17":"tag-fr","18":"tag-france","19":"tag-loire","20":"tag-news","21":"tag-republique-francaise","22":"tag-saint-etienne","23":"tag-saint-etienne-ville","24":"tag-societe","25":"tag-transport"},"share_on_mastodon":{"url":"https:\/\/pubeurope.com\/@fr\/115334834024003931","error":""},"_links":{"self":[{"href":"https:\/\/www.europesays.com\/fr\/wp-json\/wp\/v2\/posts\/445847","targetHints":{"allow":["GET"]}}],"collection":[{"href":"https:\/\/www.europesays.com\/fr\/wp-json\/wp\/v2\/posts"}],"about":[{"href":"https:\/\/www.europesays.com\/fr\/wp-json\/wp\/v2\/types\/post"}],"author":[{"embeddable":true,"href":"https:\/\/www.europesays.com\/fr\/wp-json\/wp\/v2\/users\/2"}],"replies":[{"embeddable":true,"href":"https:\/\/www.europesays.com\/fr\/wp-json\/wp\/v2\/comments?post=445847"}],"version-history":[{"count":0,"href":"https:\/\/www.europesays.com\/fr\/wp-json\/wp\/v2\/posts\/445847\/revisions"}],"wp:featuredmedia":[{"embeddable":true,"href":"https:\/\/www.europesays.com\/fr\/wp-json\/wp\/v2\/media\/445848"}],"wp:attachment":[{"href":"https:\/\/www.europesays.com\/fr\/wp-json\/wp\/v2\/media?parent=445847"}],"wp:term":[{"taxonomy":"category","embeddable":true,"href":"https:\/\/www.europesays.com\/fr\/wp-json\/wp\/v2\/categories?post=445847"},{"taxonomy":"post_tag","embeddable":true,"href":"https:\/\/www.europesays.com\/fr\/wp-json\/wp\/v2\/tags?post=445847"}],"curies":[{"name":"wp","href":"https:\/\/api.w.org\/{rel}","templated":true}]}}