{"id":445854,"date":"2025-10-07T20:47:16","date_gmt":"2025-10-07T20:47:16","guid":{"rendered":"https:\/\/www.europesays.com\/fr\/445854\/"},"modified":"2025-10-07T20:47:16","modified_gmt":"2025-10-07T20:47:16","slug":"toulon-meteo-toujours-du-beau-temps-mercredi-sur-la-provence-alpes-cote-dazur","status":"publish","type":"post","link":"https:\/\/www.europesays.com\/fr\/445854\/","title":{"rendered":"TOULON : M\u00e9t\u00e9o &#8211; Toujours du beau temps mercredi sur la Provence-Alpes-C\u00f4te-d\u2019Azur"},"content":{"rendered":"<p><strong>Toujours du beau temps ce mercredi sur la r\u00e9gion\u00a0Provence-Alpes-C\u00f4te-d\u2019Azur.<\/strong><\/p>\n<p>Une journ\u00e9e tr\u00e8s agr\u00e9able avec un ciel bien d\u00e9gag\u00e9 et seulement quelques nuages sans cons\u00e9quence.<br data-start=\"277\" data-end=\"280\"\/>Les temp\u00e9ratures restent un peu fra\u00eeches au lever du jour, entre 6 et 14\u00b0, avant de bien se radoucir l\u2019apr\u00e8s-midi.<br data-start=\"394\" data-end=\"397\"\/>Le thermom\u00e8tre atteindra\u00a0<strong data-start=\"422\" data-end=\"482\">21\u00b0 \u00e0 Marseille, Fos-sur-Mer et Saint-Mitre-les-Remparts<\/strong>,<br data-start=\"483\" data-end=\"486\"\/><strong data-start=\"486\" data-end=\"595\">22\u00b0 \u00e0 Aubagne, Aix-en-Provence, Bandol, Six-Fours, Sanary, Toulon, Hy\u00e8res, La Londe et Bormes-les-Mimosas<\/strong>,<br data-start=\"596\" data-end=\"599\"\/>et jusqu\u2019\u00e0\u00a0<strong data-start=\"610\" data-end=\"644\">23\u00b0 \u00e0 Avignon et Ch\u00e2teaurenard<\/strong>.<br data-start=\"645\" data-end=\"648\"\/>Un peu plus de fra\u00eecheur dans les\u00a0<strong data-start=\"682\" data-end=\"698\">Alpes du Sud<\/strong>, avec\u00a0<strong data-start=\"705\" data-end=\"731\">18\u00b0 du c\u00f4t\u00e9 de Barr\u00eame<\/strong>.<\/p>\n<p>ComLaRadio<br \/>Thierry CARI<br \/>Voix Off<br \/>Animateur \/ pr\u00e9sentateur<br \/><a href=\"https:\/\/presseagence.fr\/toulon-meteo-toujours-du-beau-temps-mercredi-sur-la-provence-alpes-cote-dazur\/mailto:Contact@thierrycari.com\" rel=\"nofollow noopener\" target=\"_blank\">Contact@thierrycari.com<\/a><br \/><a href=\"http:\/\/www.thierrycari.com\" rel=\"nofollow noopener\" target=\"_blank\">www.thierrycari.com<\/a><\/p>\n","protected":false},"excerpt":{"rendered":"Toujours du beau temps ce mercredi sur la r\u00e9gion\u00a0Provence-Alpes-C\u00f4te-d\u2019Azur. Une journ\u00e9e tr\u00e8s agr\u00e9able avec un ciel bien d\u00e9gag\u00e9&hellip;\n","protected":false},"author":2,"featured_media":268916,"comment_status":"","ping_status":"","sticky":false,"template":"","format":"standard","meta":{"footnotes":""},"categories":[9619],"tags":[1111,11,1777,674,1011,27,12,882,25,2310],"class_list":{"0":"post-445854","1":"post","2":"type-post","3":"status-publish","4":"format-standard","5":"has-post-thumbnail","7":"category-toulon","8":"tag-actu","9":"tag-actualites","10":"tag-eu","11":"tag-europe","12":"tag-fr","13":"tag-france","14":"tag-news","15":"tag-provence-alpes-cote-dazur","16":"tag-republique-francaise","17":"tag-toulon"},"share_on_mastodon":{"url":"https:\/\/pubeurope.com\/@fr\/115334849784609689","error":""},"_links":{"self":[{"href":"https:\/\/www.europesays.com\/fr\/wp-json\/wp\/v2\/posts\/445854","targetHints":{"allow":["GET"]}}],"collection":[{"href":"https:\/\/www.europesays.com\/fr\/wp-json\/wp\/v2\/posts"}],"about":[{"href":"https:\/\/www.europesays.com\/fr\/wp-json\/wp\/v2\/types\/post"}],"author":[{"embeddable":true,"href":"https:\/\/www.europesays.com\/fr\/wp-json\/wp\/v2\/users\/2"}],"replies":[{"embeddable":true,"href":"https:\/\/www.europesays.com\/fr\/wp-json\/wp\/v2\/comments?post=445854"}],"version-history":[{"count":0,"href":"https:\/\/www.europesays.com\/fr\/wp-json\/wp\/v2\/posts\/445854\/revisions"}],"wp:featuredmedia":[{"embeddable":true,"href":"https:\/\/www.europesays.com\/fr\/wp-json\/wp\/v2\/media\/268916"}],"wp:attachment":[{"href":"https:\/\/www.europesays.com\/fr\/wp-json\/wp\/v2\/media?parent=445854"}],"wp:term":[{"taxonomy":"category","embeddable":true,"href":"https:\/\/www.europesays.com\/fr\/wp-json\/wp\/v2\/categories?post=445854"},{"taxonomy":"post_tag","embeddable":true,"href":"https:\/\/www.europesays.com\/fr\/wp-json\/wp\/v2\/tags?post=445854"}],"curies":[{"name":"wp","href":"https:\/\/api.w.org\/{rel}","templated":true}]}}