{"id":445867,"date":"2025-10-07T20:54:53","date_gmt":"2025-10-07T20:54:53","guid":{"rendered":"https:\/\/www.europesays.com\/fr\/445867\/"},"modified":"2025-10-07T20:54:53","modified_gmt":"2025-10-07T20:54:53","slug":"metropole-de-grenoble-le-chantier-du-pont-doxford-boucle-en-avance-la-circulation-totalement-retablie","status":"publish","type":"post","link":"https:\/\/www.europesays.com\/fr\/445867\/","title":{"rendered":"M\u00e9tropole de Grenoble. Le chantier du pont d\u2019Oxford boucl\u00e9 en avance\u00a0: la circulation totalement r\u00e9tablie"},"content":{"rendered":"<p>C\u2019est une bonne nouvelle pour les milliers d\u2019usagers qui, <a href=\"https:\/\/www.ledauphine.com\/transport\/2025\/03\/09\/fermeture-du-pont-d-oxford-ca-commence-ce-lundi\" target=\"_blank\" rel=\"noopener\">depuis mars dernier<\/a>, avaient d\u00fb adapter leurs itin\u00e9raires. Apr\u00e8s plusieurs mois de chantier, le pont d\u2019Oxford qui relie Grenoble et Saint-Martin-le-Vinoux rouvre \u00e0 la circulation, annonce ce lundi soir, la M\u00e9tropole de Grenoble.<\/p>\n<p>Les travaux, qui devaient s\u2019\u00e9taler <a href=\"https:\/\/www.ledauphine.com\/economie\/2025\/08\/31\/pont-d-oxford-la-circulation-encore-interdite-jusqu-au-22-septembre\" target=\"_blank\" rel=\"noopener\">jusqu\u2019en novembre prochain<\/a> et entra\u00eener encore une p\u00e9riode de fermeture nocturne, ont pu \u00eatre boucl\u00e9s avec plusieurs semaines d\u2019avance.<\/p>\n<p>Ce contenu est bloqu\u00e9 car vous n&rsquo;avez pas accept\u00e9 les cookies et autres traceurs.<\/p>\n<p>En cliquant sur \u00ab J\u2019accepte \u00bb, les cookies et autres traceurs seront d\u00e9pos\u00e9s et vous pourrez visualiser les contenus  (<a href=\"\" class=\"consentModule_policy\" target=\"_blank\" title=\"Consulter la politique de protection des donn\u00e9es du fournisseur\">plus d&rsquo;informations<\/a>).<\/p>\n<p>En cliquant sur \u00ab J\u2019accepte tous les cookies \u00bb, vous autorisez des d\u00e9p\u00f4ts de cookies et autres traceurs pour le stockage de vos donn\u00e9es sur nos sites et applications \u00e0 des fins de personnalisation et de ciblage publicitaire.<\/p>\n<p class=\"consentModule_secondaryText\">Vous gardez la possibilit\u00e9 de retirer votre consentement \u00e0 tout moment en consultant notre <a href=\"https:\/\/www.ledauphine.com\/protection-des-donnees\" target=\"_blank\" title=\"Consulter notre politique de protection des donn\u00e9es\" rel=\"noopener\">politique de protection des donn\u00e9es<\/a>. <br \/>&#13;<br \/>\n            <a href=\"https:\/\/www.ledauphine.com\/transport\/2025\/10\/06\/javascript:Didomi.notice.show()\" class=\"consentModule_cmp\" target=\"_blank\" rel=\"noopener\">G\u00e9rer mes choix<\/a>&#13;\n        <\/p>\n<p>&#13;<br \/>\n                        J&rsquo;accepte&#13;<br \/>\n            J&rsquo;accepte tous les cookies&#13;\n        <\/p>\n<p>L\u2019immense \u00e9chafaudage qui le couvrait depuis des mois a \u00e9t\u00e9 d\u00e9pos\u00e9 dans la nuit du 3 au 4\u00a0octobre et l\u2019ouvrage redevient donc accessible, de jour comme de nuit, aux automobilistes, cyclistes et pi\u00e9tons.<\/p>\n<p>La M\u00e9tropole avait lanc\u00e9, en mars dernier, un <a href=\"https:\/\/www.ledauphine.com\/economie\/2025\/07\/19\/isere-metropole-de-grenoble-pont-d-oxford-dans-les-coulisses-d-un-chantier-d-envergure\" target=\"_blank\" rel=\"noopener\">important chantier de s\u00e9curisation<\/a> et de r\u00e9novation du pont mis en service en 1991 apr\u00e8s la rupture d\u2019un \u00e9l\u00e9ment de l\u2019un des haubans, ces c\u00e2bles d\u2019aciers qui soutiennent le tablier. Au total, ce sont 150 tonnes de c\u00e2bles, ab\u00eem\u00e9s par la corrosion, qui ont \u00e9t\u00e9 remplac\u00e9s par des neufs, d\u2019une longueur comprise entre 27 et 130 m\u00e8tres de long, puis hiss\u00e9s, tendus et ancr\u00e9s dans le b\u00e9ton. Une intervention technique mais n\u00e9cessaire pour assurer la s\u00e9curit\u00e9 des quelque 12\u00a0000 v\u00e9hicules qui l\u2019empruntent chaque jour en moyenne. Sur la chauss\u00e9e, la partie r\u00e9serv\u00e9e aux v\u00e9los et pi\u00e9tons a \u00e9t\u00e9 \u00e9largie, sans p\u00e9naliser la circulation des v\u00e9hicules.<\/p>\n<p>Ce chantier d\u2019ampleur aura n\u00e9cessit\u00e9 un investissement de 5,4\u00a0millions d\u2019euros de la M\u00e9tropole.<\/p>\n","protected":false},"excerpt":{"rendered":"C\u2019est une bonne nouvelle pour les milliers d\u2019usagers qui, depuis mars dernier, avaient d\u00fb adapter leurs itin\u00e9raires. Apr\u00e8s&hellip;\n","protected":false},"author":2,"featured_media":445868,"comment_status":"","ping_status":"","sticky":false,"template":"","format":"standard","meta":{"footnotes":""},"categories":[9566],"tags":[1111,11,2430,3542,112,1777,674,1011,27,2731,2732,108,12,25,2803],"class_list":{"0":"post-445867","1":"post","2":"type-post","3":"status-publish","4":"format-standard","5":"has-post-thumbnail","7":"category-grenoble","8":"tag-actu","9":"tag-actualites","10":"tag-auvergne-rhone-alpes","11":"tag-circulation","12":"tag-edition-grenoble-agglomeration","13":"tag-eu","14":"tag-europe","15":"tag-fr","16":"tag-france","17":"tag-grenoble","18":"tag-grenoble-bassin","19":"tag-isere","20":"tag-news","21":"tag-republique-francaise","22":"tag-transport"},"share_on_mastodon":{"url":"https:\/\/pubeurope.com\/@fr\/115334881250711304","error":""},"_links":{"self":[{"href":"https:\/\/www.europesays.com\/fr\/wp-json\/wp\/v2\/posts\/445867","targetHints":{"allow":["GET"]}}],"collection":[{"href":"https:\/\/www.europesays.com\/fr\/wp-json\/wp\/v2\/posts"}],"about":[{"href":"https:\/\/www.europesays.com\/fr\/wp-json\/wp\/v2\/types\/post"}],"author":[{"embeddable":true,"href":"https:\/\/www.europesays.com\/fr\/wp-json\/wp\/v2\/users\/2"}],"replies":[{"embeddable":true,"href":"https:\/\/www.europesays.com\/fr\/wp-json\/wp\/v2\/comments?post=445867"}],"version-history":[{"count":0,"href":"https:\/\/www.europesays.com\/fr\/wp-json\/wp\/v2\/posts\/445867\/revisions"}],"wp:featuredmedia":[{"embeddable":true,"href":"https:\/\/www.europesays.com\/fr\/wp-json\/wp\/v2\/media\/445868"}],"wp:attachment":[{"href":"https:\/\/www.europesays.com\/fr\/wp-json\/wp\/v2\/media?parent=445867"}],"wp:term":[{"taxonomy":"category","embeddable":true,"href":"https:\/\/www.europesays.com\/fr\/wp-json\/wp\/v2\/categories?post=445867"},{"taxonomy":"post_tag","embeddable":true,"href":"https:\/\/www.europesays.com\/fr\/wp-json\/wp\/v2\/tags?post=445867"}],"curies":[{"name":"wp","href":"https:\/\/api.w.org\/{rel}","templated":true}]}}