{"id":445891,"date":"2025-10-07T21:07:24","date_gmt":"2025-10-07T21:07:24","guid":{"rendered":"https:\/\/www.europesays.com\/fr\/445891\/"},"modified":"2025-10-07T21:07:24","modified_gmt":"2025-10-07T21:07:24","slug":"roubaix-soutient-la-mobilite-des-seniors-et-des-personnes-handicapees","status":"publish","type":"post","link":"https:\/\/www.europesays.com\/fr\/445891\/","title":{"rendered":"Roubaix soutient la mobilit\u00e9 des seniors et des personnes handicap\u00e9es !"},"content":{"rendered":"<p class=\"introduction\">Mis en place en octobre 2024, le dispositif de remboursement des abonnements Il\u00e9via pour les seniors et les personnes en situation de handicap est maintenu en 2025. Ce dispositif, g\u00e9r\u00e9 par le Centre Communal d\u2019Action Sociale (CCAS) de Roubaix, permet aux habitants concern\u00e9s de b\u00e9n\u00e9ficier d\u2019une aide financi\u00e8re pour leurs d\u00e9placements quotidiens, afin de favoriser la mobilit\u00e9 et l\u2019autonomie de chacun.<\/p>\n<p>Qui peut b\u00e9n\u00e9ficier du remboursement ?<\/p>\n<p>Ce dispositif est r\u00e9serv\u00e9 aux habitants de Roubaix \u00e2g\u00e9s de 65 ans et plus, ainsi qu\u2019aux personnes en situation de handicap. Pour en b\u00e9n\u00e9ficier, il est imp\u00e9ratif d\u2019avoir souscrit un abonnement \u00e9ligible et d\u2019en avoir r\u00e9gl\u00e9 le montant.<\/p>\n<p>Quels abonnements sont concern\u00e9s ?<\/p>\n<p>Le remboursement s\u2019applique aux abonnements suivants :<\/p>\n<ul data-spread=\"false\">\n<li>Abonnements permanents avec engagement de 12 mois et tacite reconduction<\/li>\n<li>Abonnements annuels<\/li>\n<li>Abonnements mensuels sur crit\u00e8res sociaux d\u00e9finis par Il\u00e9via<\/li>\n<\/ul>\n<p>\u00c0 noter que les titres unitaires ne sont pas inclus dans ce dispositif.<\/p>\n<p>Comment obtenir son remboursement ?<\/p>\n<p>Les d\u00e9marches sont simples et accessibles : \ud83d\udccd Rendez-vous au <strong>Centre Communal d\u2019Action Sociale<\/strong> (9\/11 rue Pellart) sans rendez-vous. \ud83d\udcc5 Horaires d\u2019accueil : du mardi au vendredi de 8h30 \u00e0 12h et de 13h30 \u00e0 17h, ainsi que le samedi de 8h30 \u00e0 12h.<\/p>\n<p>Quels justificatifs fournir ?<\/p>\n<p>Pour faire votre demande, munissez-vous des documents suivants :<\/p>\n<ul data-spread=\"false\">\n<li>Une pi\u00e8ce d\u2019identit\u00e9<\/li>\n<li>Un justificatif de domicile<\/li>\n<li>Une notification MDPH pour les personnes en situation de handicap<\/li>\n<li>Une facture de l\u2019abonnement r\u00e9gl\u00e9<\/li>\n<\/ul>\n<p>Le remboursement\u00a0sera effectu\u00e9 sous forme de <strong>carte cadeau Roubaix Shopping<\/strong>. Une belle opportunit\u00e9 pour allier mobilit\u00e9 et soutien au commerce local !<\/p>\n<p>Avec cette initiative, la Ville de Roubaix confirme son engagement pour une mobilit\u00e9 solidaire et accessible \u00e0 tous. Profitez-en d\u00e8s maintenant !<\/p>\n","protected":false},"excerpt":{"rendered":"Mis en place en octobre 2024, le dispositif de remboursement des abonnements Il\u00e9via pour les seniors et les&hellip;\n","protected":false},"author":2,"featured_media":445892,"comment_status":"","ping_status":"","sticky":false,"template":"","format":"standard","meta":{"footnotes":""},"categories":[2815],"tags":[1111,11,5223,1777,674,1011,27,1943,811,1307,1137,12,25,3552,2216],"class_list":{"0":"post-445891","1":"post","2":"type-post","3":"status-publish","4":"format-standard","5":"has-post-thumbnail","7":"category-lille","8":"tag-actu","9":"tag-actualites","10":"tag-ccas","11":"tag-eu","12":"tag-europe","13":"tag-fr","14":"tag-france","15":"tag-handicap","16":"tag-hauts-de-france","17":"tag-lille","18":"tag-mobilite","19":"tag-news","20":"tag-republique-francaise","21":"tag-seniors","22":"tag-transports-en-commun"},"share_on_mastodon":{"url":"https:\/\/pubeurope.com\/@fr\/115334928433893189","error":""},"_links":{"self":[{"href":"https:\/\/www.europesays.com\/fr\/wp-json\/wp\/v2\/posts\/445891","targetHints":{"allow":["GET"]}}],"collection":[{"href":"https:\/\/www.europesays.com\/fr\/wp-json\/wp\/v2\/posts"}],"about":[{"href":"https:\/\/www.europesays.com\/fr\/wp-json\/wp\/v2\/types\/post"}],"author":[{"embeddable":true,"href":"https:\/\/www.europesays.com\/fr\/wp-json\/wp\/v2\/users\/2"}],"replies":[{"embeddable":true,"href":"https:\/\/www.europesays.com\/fr\/wp-json\/wp\/v2\/comments?post=445891"}],"version-history":[{"count":0,"href":"https:\/\/www.europesays.com\/fr\/wp-json\/wp\/v2\/posts\/445891\/revisions"}],"wp:featuredmedia":[{"embeddable":true,"href":"https:\/\/www.europesays.com\/fr\/wp-json\/wp\/v2\/media\/445892"}],"wp:attachment":[{"href":"https:\/\/www.europesays.com\/fr\/wp-json\/wp\/v2\/media?parent=445891"}],"wp:term":[{"taxonomy":"category","embeddable":true,"href":"https:\/\/www.europesays.com\/fr\/wp-json\/wp\/v2\/categories?post=445891"},{"taxonomy":"post_tag","embeddable":true,"href":"https:\/\/www.europesays.com\/fr\/wp-json\/wp\/v2\/tags?post=445891"}],"curies":[{"name":"wp","href":"https:\/\/api.w.org\/{rel}","templated":true}]}}