{"id":445905,"date":"2025-10-07T21:15:19","date_gmt":"2025-10-07T21:15:19","guid":{"rendered":"https:\/\/www.europesays.com\/fr\/445905\/"},"modified":"2025-10-07T21:15:19","modified_gmt":"2025-10-07T21:15:19","slug":"les-pompes-a-chaleur-sont-trois-fois-plus-efficaces-que-les-chaudieres-au-fioul-ou-au-gaz","status":"publish","type":"post","link":"https:\/\/www.europesays.com\/fr\/445905\/","title":{"rendered":"les pompes \u00e0 chaleur sont trois fois plus efficaces que les chaudi\u00e8res au fioul ou au gaz"},"content":{"rendered":"\n<p class=\"c-chapo \">\n  L&rsquo;Ademe publie mardi une \u00e9tude in\u00e9dite apr\u00e8s avoir mesur\u00e9 l&rsquo;efficacit\u00e9 de 100 pompes \u00e0 chaleur install\u00e9es dans des maisons.\n<\/p>\n<p>      lire plus tard<\/p>\n<p id=\"dialog__title\" class=\"dialog__title\">Pour sauvegarder cet article, connectez-vous ou cr\u00e9ez un compte franceinfo<\/p>\n<p class=\"dialog__description\">Sans paiement. Sans abonnement.<\/p>\n<p>        Fermer la fen\u00eatre d\u2019activation des notifications France Info<\/p>\n<p>      cr\u00e9er votre compte<\/p>\n<p>      se connecter<\/p>\n<p>        Fermer la fen\u00eatre de pr\u00e9sentation<\/p>\n<p>    <img loading=\"lazy\" decoding=\"async\" class=\"signature__image lazyload\" width=\"100\" height=\"100\" data- alt=\"\" src=\"https:\/\/www.europesays.com\/fr\/wp-content\/uploads\/2025\/05\/64a7df4c5fe71_placeholder-36b69ec8.png\"\/><\/p>\n<p>    Publi\u00e9 le 07\/10\/2025 21:55<\/p>\n<p>        Temps de lecture : 3min<\/p>\n<p>    <img decoding=\"async\"  alt=\"Cette nouvelle \u00e9tude va pouvoir \u00eatre utilis\u00e9e comme argument de vente par les professionnels, dont les ventes de pompes \u00e0 chaleur ont baiss\u00e9 de 40% l'an pass\u00e9. (JEAN-LUC FL\u00c9MAL \/ MAXPPP)\" width=\"432\" height=\"243\" src=\"https:\/\/www.europesays.com\/fr\/wp-content\/uploads\/2025\/10\/maxnewsfrfive289821-68e56cb10df8e193703830.jpg\" fetchpriority=\"high\"\/><\/p>\n<p>      Cette nouvelle \u00e9tude va pouvoir \u00eatre utilis\u00e9e comme argument de vente par les professionnels, dont les ventes de pompes \u00e0 chaleur ont baiss\u00e9 de 40% l&rsquo;an pass\u00e9. (JEAN-LUC FL\u00c9MAL \/ MAXPPP)<\/p>\n<p>Les pompes \u00e0 chaleur sont pr\u00e8s de trois fois plus efficaces que les chaudi\u00e8res au fioul ou au gaz. C&rsquo;est la conclusion de la nouvelle \u00e9tude publi\u00e9e par l&rsquo;Agence de l&rsquo;environnement et de la ma\u00eetrise de l&rsquo;\u00e9nergie (Ademe), que <a href=\"https:\/\/www.radiofrance.fr\/franceinter\" rel=\"nofollow noopener\" target=\"_blank\">France Inter<\/a> a pu consulter mardi 7 octobre.<\/p>\n<p>L&rsquo;agence a men\u00e9 une \u00e9tude \u00ab\u00a0totalement in\u00e9dite\u00a0\u00bb pour mesurer leurs performances. Les pompes \u00e0 chaleur permettent un \u00ab\u00a0gain de pouvoir d\u2019achat, d\u2019efficacit\u00e9 \u00e9nerg\u00e9tique et d\u2019am\u00e9lioration de la balance commerciale, lorsqu\u2019elles se substituent \u00e0 des \u00e9nergies fossiles import\u00e9es\u00a0\u00bb, indique l&rsquo;Ademe.<\/p>\n<p>Pour arriver \u00e0 cette conclusion, l&rsquo;agence a mesur\u00e9 100 pompes \u00e0 chaleur d\u00e9j\u00e0 install\u00e9es dans des maisons. Ces \u00e9quipements pompent de l&rsquo;air pour chauffer des r\u00e9seaux d&rsquo;eau. C\u00e9line Laruelle, ing\u00e9nieure \u00e0 l&rsquo;Ademe, a utilis\u00e9 comme mesure le coefficient de performance, le COP. Quand ce coefficient atteint 2, c&rsquo;est que la pompe fournit deux fois plus d&rsquo;\u00e9nergie que l&rsquo;\u00e9lectricit\u00e9 qu&rsquo;elle consomme. Sur l&rsquo;\u00e9chantillon, elle a obtenu \u00ab\u00a0un COP, un rendement moyen r\u00e9el de 2,9\u00a0\u00bb pour ces pompes qui ont remplac\u00e9 les chaudi\u00e8res.<\/p>\n<p>\u00ab\u00a0Beaucoup d&rsquo;\u00e9conomies \u00e0 la fois sur le CO2 et sur la facture\u00a0\u00bb ont \u00e9t\u00e9 constat\u00e9es, pr\u00e9cise l&rsquo;ing\u00e9nieure. Le syst\u00e8me est trois fois plus efficace que les chaudi\u00e8res au fuel ou au gaz. Pour les professionnels qui font face \u00e0 une baisse des ventes des pompes \u00e0 chaleur \u2013 moins 40% l&rsquo;an pass\u00e9 &#8211; c&rsquo;est un vrai argument. \u00a0\u00ab\u00a0En moyenne, la facture de chauffage est divis\u00e9e par deux\u00a0\u00bb, abonde Fran\u00e7ois Deroche, de l&rsquo;Association fran\u00e7aise des pompes \u00e0 chaleur (Afpac).<\/p>\n<p>\u00ab\u00a0Dans les pr\u00e9c\u00e9dents positionnements\u00a0\u00bb, l&rsquo;Ademe affirmait \u00ab\u00a0qu&rsquo;il fallait isoler absolument\u00a0\u00bb le logement \u00ab\u00a0pour que le rendement de la pompe \u00e0 chaleur soit bon\u00a0\u00bb, affirme David Marchal, directeur expertise \u00e0 l&rsquo;Ademe.<\/p>\n<blockquote class=\"ftvi_content_quote\">\n<p class=\"ftvi_citation_quote\">\u00ab\u00a0Cette \u00e9tude montre qu&rsquo;il est possible d&rsquo;avoir de bons rendements de pompes \u00e0 chaleur, m\u00eame dans une maison pas tr\u00e8s bien isol\u00e9e, \u00e0 condition d&rsquo;avoir une installation soign\u00e9e.\u00a0\u00bb<\/p>\n<p>David Marchal<\/p>\n<p class=\"ftvi_citation_source\">\u00e0 France Inter<\/p>\n<\/blockquote>\n<p>\u00ab\u00a0Acc\u00e9l\u00e9rer la transition \u00e9nerg\u00e9tique, c\u2019est aussi donner aux m\u00e9nages les moyens de mieux ma\u00eetriser leur facture d\u2019\u00e9nergie\u00a0\u00bb, affirme de son c\u00f4t\u00e9 Sylvain Waserman, PDG de l&rsquo;Ademe. \u00ab\u00a0Les pompes \u00e0 chaleur constituent \u00e0 ce titre une solution de plus en plus privil\u00e9gi\u00e9e.\u00a0\u00bb<\/p>\n<p>L&rsquo;\u00e9tude montre que des \u00e9conomies sont encore possibles, car un tiers des pompes \u00e0 chaleur sont mal r\u00e9gl\u00e9es ou mal install\u00e9es. Afin d\u2019am\u00e9liorer \u00ab\u00a0l&rsquo;efficacit\u00e9 \u00e9nerg\u00e9tique des installations, plusieurs recommandations\u00a0\u00bb sont formul\u00e9es par l&rsquo;Ademe, notamment une \u00ab\u00a0meilleure ma\u00eetrise du r\u00e9glage\u00a0\u00bb. L&rsquo;agence recommande \u00e9galement \u00ab\u00a0une optimisation des programmations horaires\u00a0\u00bb\u00a0et la \u00ab\u00a0g\u00e9n\u00e9ralisation et l&rsquo;am\u00e9lioration des op\u00e9rations de maintenance\u00a0\u00bb.<\/p>\n<p>Pour l&rsquo;Ademe, le \u00ab\u00a0d\u00e9ploiement massif\u00a0\u00bb des pompes \u00e0 chaleur repr\u00e9sente aussi \u00ab\u00a0une opportunit\u00e9 industrielle pour la France\u00a0\u00bb. Les pompes \u00e0 chaleur \u00ab\u00a0mises sur le march\u00e9 fran\u00e7ais sont principalement issues d\u2019usines en France et en Europe\u00a0\u00bb, mais une partie des pi\u00e8ces n\u00e9cessaires \u00e0 leur fabrication, \u00ab\u00a0notamment le compresseur, provient d\u2019Asie\u00a0\u00bb, pr\u00e9cise l&rsquo;agence environnementale fran\u00e7aise. \u00ab\u00a0La principale valeur-ajout\u00e9e des fabricants europ\u00e9ens se trouve dans l\u2019assemblage et la r\u00e9gulation\u00a0\u00bb, conclut-elle.<\/p>\n","protected":false},"excerpt":{"rendered":"L&rsquo;Ademe publie mardi une \u00e9tude in\u00e9dite apr\u00e8s avoir mesur\u00e9 l&rsquo;efficacit\u00e9 de 100 pompes \u00e0 chaleur install\u00e9es dans des&hellip;\n","protected":false},"author":2,"featured_media":445906,"comment_status":"","ping_status":"","sticky":false,"template":"","format":"standard","meta":{"footnotes":""},"categories":[1888],"tags":[1111,1928,11,1927,1777,674,1011,27,12,1926,626,1925,25],"class_list":{"0":"post-445905","1":"post","2":"type-post","3":"status-publish","4":"format-standard","5":"has-post-thumbnail","7":"category-paris","8":"tag-actu","9":"tag-actu-paris","10":"tag-actualites","11":"tag-actualites-paris","12":"tag-eu","13":"tag-europe","14":"tag-fr","15":"tag-france","16":"tag-news","17":"tag-news-paris","18":"tag-paris","19":"tag-paris-news","20":"tag-republique-francaise"},"share_on_mastodon":{"url":"https:\/\/pubeurope.com\/@fr\/115334960041191439","error":""},"_links":{"self":[{"href":"https:\/\/www.europesays.com\/fr\/wp-json\/wp\/v2\/posts\/445905","targetHints":{"allow":["GET"]}}],"collection":[{"href":"https:\/\/www.europesays.com\/fr\/wp-json\/wp\/v2\/posts"}],"about":[{"href":"https:\/\/www.europesays.com\/fr\/wp-json\/wp\/v2\/types\/post"}],"author":[{"embeddable":true,"href":"https:\/\/www.europesays.com\/fr\/wp-json\/wp\/v2\/users\/2"}],"replies":[{"embeddable":true,"href":"https:\/\/www.europesays.com\/fr\/wp-json\/wp\/v2\/comments?post=445905"}],"version-history":[{"count":0,"href":"https:\/\/www.europesays.com\/fr\/wp-json\/wp\/v2\/posts\/445905\/revisions"}],"wp:featuredmedia":[{"embeddable":true,"href":"https:\/\/www.europesays.com\/fr\/wp-json\/wp\/v2\/media\/445906"}],"wp:attachment":[{"href":"https:\/\/www.europesays.com\/fr\/wp-json\/wp\/v2\/media?parent=445905"}],"wp:term":[{"taxonomy":"category","embeddable":true,"href":"https:\/\/www.europesays.com\/fr\/wp-json\/wp\/v2\/categories?post=445905"},{"taxonomy":"post_tag","embeddable":true,"href":"https:\/\/www.europesays.com\/fr\/wp-json\/wp\/v2\/tags?post=445905"}],"curies":[{"name":"wp","href":"https:\/\/api.w.org\/{rel}","templated":true}]}}