{"id":445914,"date":"2025-10-07T21:20:13","date_gmt":"2025-10-07T21:20:13","guid":{"rendered":"https:\/\/www.europesays.com\/fr\/445914\/"},"modified":"2025-10-07T21:20:13","modified_gmt":"2025-10-07T21:20:13","slug":"un-temoignage-precieux-sur-la-societe-ukrainienne-en-temps-de-guerre","status":"publish","type":"post","link":"https:\/\/www.europesays.com\/fr\/445914\/","title":{"rendered":"un t\u00e9moignage pr\u00e9cieux sur la soci\u00e9t\u00e9 ukrainienne en temps de guerre"},"content":{"rendered":"<p>      <img fetchpriority=\"high\" decoding=\"async\" class=\"mx-auto\" src=\"data:image\/svg+xml,%3Csvg%20xmlns%3D%27http%3A%2F%2Fwww.w3.org%2F2000%2Fsvg%27%20fill%3D%22%23e4e4e4%22%20viewBox%3D%270%200%20510%20340%27%20width%3D%22510%22%20height%3D%22340%22%3E%3Cpath%20d%3D%27M0%200h510v340H0z%27%2F%3E%3C%2Fsvg%3E\"  loading=\"eager\" width=\"510\" height=\"340\" data-oncrawl-image-size=\"510x340\" alt=\"\u00ab\u00a0L\u2019Invasion\u00a0\u00bb, un documentaire de Sergei Loznitsa\"\/>      <\/p>\n<p class=\"latino-100m text-grey-600\">\n            \u00ab\u00a0L\u2019Invasion\u00a0\u00bb, un documentaire de Sergei Loznitsa\u00a0POTEMKINE FILMS        <\/p>\n<p>]]]]]]>]]]]>]]><\/p>\n<p>    Commenter<\/p>\n<p class=\"popover-header antonia-900c text-grey-800 pb-8 pe-32\">\n              Vous voulez participer au d\u00e9bat\u00a0?\n          <\/p>\n<p class=\"popover-body pb-32 latino-450r text-grey-800\">\n      S\u2019abonner permet de commenter les articles. Et pas que\u00a0: vous pouvez les consulter et les offrir \u00e0 vos proches.\n    <\/p>\n<p>        Lire\u00a0plus\u00a0tard      <\/p>\n<p><a aria-label=\"Nous suivre sur Google News\" href=\"https:\/\/news.google.com\/publications\/CAAqBwgKMJe4nQkw3dFs?hl=fr&amp;gl=FR&amp;ceid=FR%3Afr\" target=\"_blank\" data-piano=\"Page_Article,Sous_date_publi,Nous_suivre_sur_google_news,1er_clic,action\" class=\"btn btn--small btn--tertiary btn--icon-only\" rel=\"nofollow noopener\"><\/p>\n<p>      Google Actualit\u00e9s<br \/>\n  <\/a><\/p>\n<p>  Partager<\/p>\n<p class=\"popover-header antonia-900c text-grey-800 pb-16 pe-32\">\n          Vous souhaitez partager cet article\u00a0?\n      <\/p>\n<p>        Facebook<\/p>\n<p>        Bluesky<\/p>\n<p>        E-mail<\/p>\n<p>        Copier le lien<\/p>\n<p>      Envoyer<\/p>\n<p>      S\u2019abonner    <\/p>\n<p class=\"latino-500b text-grey-600\">Pour aller plus loin<\/p>\n<p class=\"node__paragraphe antonia-750r text-grey-800 pb-24 pb-md-32\">\nDix ans apr\u00e8s \u00ab\u00a0Ma\u00efdan\u00a0\u00bb, l\u2019auteur de \u00ab\u00a0Dans la brume\u00a0\u00bb (2012) et de <a href=\"https:\/\/www.nouvelobs.com\/cinema\/20250516.OBS103977\/serguei-loznitsa-realisateur-de-deux-procureurs-le-film-fait-directement-echo-a-la-russie-d-aujourd-hui.html\" rel=\"nofollow noopener\" target=\"_blank\">\u00ab\u00a0Deux procureurs\u00a0\u00bb<\/a> (sortie le 5\u00a0novembre) pose \u00e0 nouveau sa cam\u00e9ra en Ukraine. Des salles de classe aux maternit\u00e9s en passant par les librairies, des mariages \u00e9trangl\u00e9s de tristesse \u00e0 des enterrements aux forts accents patriotiques, il enregistre la destruction mat\u00e9rielle et la fragilit\u00e9 psychique d\u2019une soci\u00e9t\u00e9 face \u00e0 une guerre \u00e0 l\u2019issue incertaine. Ce cin\u00e9aste \u00ab\u00a0structur\u00e9\u00a0\u00bb comme il se d\u00e9finit lui-m\u00eame cadre avec une redoutable pr\u00e9cision esth\u00e9tique une r\u00e9alit\u00e9 frontale dont il fait \u00e9merger, sans jamais les instrumentaliser, les questions cl\u00e9s de survie et de pr\u00e9servation culturelle de son pays. Un documentaire sans commentaire \u00e0 l\u2019impact magistral.<\/p>\n<p class=\"latino-500b text-grey-600 pb-16\">A lire aussi<\/p>\n<p><a href=\"https:\/\/www.nouvelobs.com\/cinema\/20220228.OBS55100\/cette-guerre-est-une-porte-ouverte-a-la-chute-de-l-empire-russe.html\" data-article-key=\"20220228.OBS55100\" class=\"link--box flex-grow-1\" data-piano=\"Page_Article,Lire_aussi,,Lien1,navigation\" rel=\"nofollow noopener\" target=\"_blank\"><\/p>\n<p>                <img decoding=\"async\" src=\"data:image\/svg+xml,%3Csvg%20xmlns%3D%27http%3A%2F%2Fwww.w3.org%2F2000%2Fsvg%27%20fill%3D%22%23e4e4e4%22%20viewBox%3D%270%200%20120%2080%27%20width%3D%22120%22%20height%3D%2280%22%3E%3Cpath%20d%3D%27M0%200h120v80H0z%27%2F%3E%3C%2Fsvg%3E\"  width=\"120\" height=\"80\" loading=\"lazy\" alt=\"Le cin\u00e9aste ukrainien Sergei Loznitsa, en octobre 2021 \u00e0 Londres.\"\/><\/p>\n<p class=\"latino-300r latino-lg-600m text-grey-800\">\n                      <strong class=\"latino-300b latino-lg-600m text-grey-500\">Entretien\u00a0<\/strong><br \/>\n                    \u00ab\u00a0Cette guerre est une porte ouverte \u00e0 la chute de l\u2019empire russe\u00a0\u00bb        <\/p>\n<p><\/a><\/p>\n","protected":false},"excerpt":{"rendered":"\u00ab\u00a0L\u2019Invasion\u00a0\u00bb, un documentaire de Sergei Loznitsa\u00a0POTEMKINE FILMS ]]]]]]&gt;]]]]&gt;]]&gt; Commenter Vous voulez participer au d\u00e9bat\u00a0? S\u2019abonner permet de commenter&hellip;\n","protected":false},"author":2,"featured_media":445915,"comment_status":"","ping_status":"","sticky":false,"template":"","format":"standard","meta":{"footnotes":""},"categories":[1590],"tags":[17,11,650,15979,251,1777,674,3578,12,34578,104,240,5426,220,23289],"class_list":{"0":"post-445914","1":"post","2":"type-post","3":"status-publish","4":"format-standard","5":"has-post-thumbnail","7":"category-ukraine","8":"tag-17","9":"tag-actualites","10":"tag-cinema","11":"tag-critiques-de-films","12":"tag-culture","13":"tag-eu","14":"tag-europe","15":"tag-invasion","16":"tag-news","17":"tag-precieux","18":"tag-societe","19":"tag-temoignage","20":"tag-temps","21":"tag-ukraine","22":"tag-ukrainienne"},"share_on_mastodon":{"url":"https:\/\/pubeurope.com\/@fr\/115334979532958576","error":""},"_links":{"self":[{"href":"https:\/\/www.europesays.com\/fr\/wp-json\/wp\/v2\/posts\/445914","targetHints":{"allow":["GET"]}}],"collection":[{"href":"https:\/\/www.europesays.com\/fr\/wp-json\/wp\/v2\/posts"}],"about":[{"href":"https:\/\/www.europesays.com\/fr\/wp-json\/wp\/v2\/types\/post"}],"author":[{"embeddable":true,"href":"https:\/\/www.europesays.com\/fr\/wp-json\/wp\/v2\/users\/2"}],"replies":[{"embeddable":true,"href":"https:\/\/www.europesays.com\/fr\/wp-json\/wp\/v2\/comments?post=445914"}],"version-history":[{"count":0,"href":"https:\/\/www.europesays.com\/fr\/wp-json\/wp\/v2\/posts\/445914\/revisions"}],"wp:featuredmedia":[{"embeddable":true,"href":"https:\/\/www.europesays.com\/fr\/wp-json\/wp\/v2\/media\/445915"}],"wp:attachment":[{"href":"https:\/\/www.europesays.com\/fr\/wp-json\/wp\/v2\/media?parent=445914"}],"wp:term":[{"taxonomy":"category","embeddable":true,"href":"https:\/\/www.europesays.com\/fr\/wp-json\/wp\/v2\/categories?post=445914"},{"taxonomy":"post_tag","embeddable":true,"href":"https:\/\/www.europesays.com\/fr\/wp-json\/wp\/v2\/tags?post=445914"}],"curies":[{"name":"wp","href":"https:\/\/api.w.org\/{rel}","templated":true}]}}