{"id":445916,"date":"2025-10-07T21:21:11","date_gmt":"2025-10-07T21:21:11","guid":{"rendered":"https:\/\/www.europesays.com\/fr\/445916\/"},"modified":"2025-10-07T21:21:11","modified_gmt":"2025-10-07T21:21:11","slug":"trump-remet-en-question-les-arrieres-de-salaire-des-fonctionnaires-engendres-par-le-shutdown","status":"publish","type":"post","link":"https:\/\/www.europesays.com\/fr\/445916\/","title":{"rendered":"Trump remet en question les arri\u00e9r\u00e9s de salaire des fonctionnaires engendr\u00e9s par le shutdown"},"content":{"rendered":"<p>\u00abJe dirais que \u00e7a d\u00e9pend vraiment de qui on parle\u00bb, a affirm\u00e9 le pr\u00e9sident am\u00e9ricain ce mardi, alors que plus de 700.000 fonctionnaires f\u00e9d\u00e9raux sont au ch\u00f4mage technique depuis pr\u00e8s d\u2019une semaine.<\/p>\n<p class=\"fig-paragraph\"><a href=\"http:\/\/www.lefigaro.fr\/international\/elle-est-completement-folle-quand-donald-trump-invite-greta-thunberg-a-consulter-un-medecin-20251007\" data-fig-type=\"NewsFlash\" data-gtm-custom-categorie=\"navigation\" data-gtm-custom-action=\"crossclick\" data-gtm-custom-label=\"Contextuel\" data-gtm-event=\"customEventSPE\" data-fig-domain=\"LEFIGARO\" rel=\"nofollow noopener\" target=\"_blank\">Donald Trump<\/a>\u00a0a affirm\u00e9 mardi que les fonctionnaires f\u00e9d\u00e9raux mis au ch\u00f4mage technique pendant la\u00a0<a href=\"http:\/\/www.lefigaro.fr\/international\/shutdown-trump-annonce-de-premiers-licenciements-20251006\" data-fig-type=\"NewsFlash\" data-gtm-custom-categorie=\"navigation\" data-gtm-custom-action=\"crossclick\" data-gtm-custom-label=\"Contextuel\" data-gtm-event=\"customEventSPE\" data-fig-domain=\"LEFIGARO\" rel=\"nofollow noopener\" target=\"_blank\">paralysie budg\u00e9taire<\/a>\u00a0actuelle ne recevraient pas automatiquement leurs arri\u00e9r\u00e9s de salaire, malgr\u00e9 une loi en ce sens adopt\u00e9e lors de son premier mandat. \u00abJe dirais que \u00e7a d\u00e9pend vraiment de qui on parle\u00bb, a affirm\u00e9 le pr\u00e9sident am\u00e9ricain \u00e0 un journaliste qui l&rsquo;interrogeait \u00e0 la Maison Blanche sur cette question des paies diff\u00e9r\u00e9es.<\/p>\n<p class=\"fig-paragraph\">Plus de 700.000 fonctionnaires f\u00e9d\u00e9raux ont \u00e9t\u00e9 mis au ch\u00f4mage technique depuis pr\u00e8s d&rsquo;une semaine, lorsque les profondes divisions au Congr\u00e8s entre les r\u00e9publicains de Donald Trump et l&rsquo;opposition d\u00e9mocrate ont emp\u00each\u00e9 d&rsquo;adopter un nouveau budget avant la date limite. Depuis, chaque camp se rejette la faute pour ce \u00abshutdown\u00bb.<\/p>\n<p>                                    <a class=\"fig-a11y-skip a11y-hidden\" href=\"#fig-a11y-skip-main-inarticle\"><br \/>\n        Passer la publicit\u00e9<br \/>\n    <\/a><\/p>\n<p class=\"fig-paragraph\">\u00abJe peux vous dire que les d\u00e9mocrates ont mis beaucoup de monde dans une situation de grand risque\u00bb, a d\u00e9clar\u00e9 Donald Trump mardi \u00e0 la presse, au moment de recevoir le Premier ministre canadien Mark Carney dans le Bureau ovale de la Maison Blanche. L&rsquo;ensemble des plus de deux millions de fonctionnaires f\u00e9d\u00e9raux ne sont pas pay\u00e9s pendant toute la dur\u00e9e de la paralysie budg\u00e9taire, m\u00eame ceux qui doivent continuer de travailler.<\/p>\n<p>\u00abIl y a des gens qui ne m\u00e9ritent vraiment pas qu\u2019on prenne soin d\u2019eux\u00bb<\/p>\n<p class=\"fig-paragraph\">\u00abPour la plupart, nous allons prendre soin de nos gens\u00bb, a d\u00e9clar\u00e9 Donald Trump \u00e0 propos des arri\u00e9r\u00e9s de salaire. Avant d&rsquo;ajouter une menace \u00e0 peine voil\u00e9e\u00a0: \u00abIl y a des gens qui ne m\u00e9ritent vraiment pas qu&rsquo;on prenne soin d&rsquo;eux, et on prendra soin d&rsquo;eux d&rsquo;une mani\u00e8re diff\u00e9rente.\u00bb Depuis le d\u00e9but du \u00abshutdown\u00bb, le pr\u00e9sident r\u00e9publicain a multipli\u00e9 les menaces de licenciements de fonctionnaires f\u00e9d\u00e9raux si la situation persistait.<\/p>\n<p class=\"fig-paragraph\">Et le m\u00e9dia Axios a r\u00e9v\u00e9l\u00e9 mardi l&rsquo;existence d&rsquo;une note du Bureau du budget de la Maison Blanche (OMB), selon laquelle les fonctionnaires f\u00e9d\u00e9raux mis au ch\u00f4mage technique ne sont pas en droit d&rsquo;obtenir leurs arri\u00e9r\u00e9s de salaire une fois la paralysie budg\u00e9taire termin\u00e9e. L&rsquo;OMB estime qu&rsquo;une loi de 2019, adopt\u00e9e au moment du dernier \u00abshutdown\u00bb pour obliger l&rsquo;\u00c9tat \u00e0 payer r\u00e9troactivement tous les fonctionnaires &#8211; m\u00eame ceux qui n&rsquo;avaient pas travaill\u00e9 -, ne s&rsquo;appliquait qu&rsquo;\u00e0 cette situation-l\u00e0 et non aux situations futures.<\/p>\n<p class=\"fig-paragraph\">Un argument \u00abfrivole\u00bb, a estim\u00e9 dans un communiqu\u00e9 le principal syndicat des fonctionnaires f\u00e9d\u00e9raux, l&rsquo;AFGE, qui condamne \u00abune interpr\u00e9tation \u00e9videmment erron\u00e9e de la loi\u00bb. M\u00eame dans le camp conservateur, certains s&rsquo;opposent \u00e0 cette prise de position de l&rsquo;OMB. \u00ab\u00c7a ne revient pas au pr\u00e9sident\u00bb de d\u00e9cider cela, a ainsi d\u00e9clar\u00e9 le s\u00e9nateur r\u00e9publicain Ted Kennedy, proche alli\u00e9 de Donald Trump.<\/p>\n","protected":false},"excerpt":{"rendered":"\u00abJe dirais que \u00e7a d\u00e9pend vraiment de qui on parle\u00bb, a affirm\u00e9 le pr\u00e9sident am\u00e9ricain ce mardi, alors&hellip;\n","protected":false},"author":2,"featured_media":445917,"comment_status":"","ping_status":"","sticky":false,"template":"","format":"standard","meta":{"footnotes":""},"categories":[1589],"tags":[55322,11,75,73,1866,1273,12,1864,1865,1863,308],"class_list":{"0":"post-445916","1":"post","2":"type-post","3":"status-publish","4":"format-standard","5":"has-post-thumbnail","7":"category-etats-unis","8":"tag-shutdown","9":"tag-actualites","10":"tag-donald-trump","11":"tag-etats-unis","12":"tag-etats-unis-damerique","13":"tag-fonctionnaires","14":"tag-news","15":"tag-united-states","16":"tag-united-states-of-america","17":"tag-us","18":"tag-usa"},"share_on_mastodon":{"url":"https:\/\/pubeurope.com\/@fr\/115334983382313961","error":""},"_links":{"self":[{"href":"https:\/\/www.europesays.com\/fr\/wp-json\/wp\/v2\/posts\/445916","targetHints":{"allow":["GET"]}}],"collection":[{"href":"https:\/\/www.europesays.com\/fr\/wp-json\/wp\/v2\/posts"}],"about":[{"href":"https:\/\/www.europesays.com\/fr\/wp-json\/wp\/v2\/types\/post"}],"author":[{"embeddable":true,"href":"https:\/\/www.europesays.com\/fr\/wp-json\/wp\/v2\/users\/2"}],"replies":[{"embeddable":true,"href":"https:\/\/www.europesays.com\/fr\/wp-json\/wp\/v2\/comments?post=445916"}],"version-history":[{"count":0,"href":"https:\/\/www.europesays.com\/fr\/wp-json\/wp\/v2\/posts\/445916\/revisions"}],"wp:featuredmedia":[{"embeddable":true,"href":"https:\/\/www.europesays.com\/fr\/wp-json\/wp\/v2\/media\/445917"}],"wp:attachment":[{"href":"https:\/\/www.europesays.com\/fr\/wp-json\/wp\/v2\/media?parent=445916"}],"wp:term":[{"taxonomy":"category","embeddable":true,"href":"https:\/\/www.europesays.com\/fr\/wp-json\/wp\/v2\/categories?post=445916"},{"taxonomy":"post_tag","embeddable":true,"href":"https:\/\/www.europesays.com\/fr\/wp-json\/wp\/v2\/tags?post=445916"}],"curies":[{"name":"wp","href":"https:\/\/api.w.org\/{rel}","templated":true}]}}