{"id":445938,"date":"2025-10-07T21:34:19","date_gmt":"2025-10-07T21:34:19","guid":{"rendered":"https:\/\/www.europesays.com\/fr\/445938\/"},"modified":"2025-10-07T21:34:19","modified_gmt":"2025-10-07T21:34:19","slug":"marc-marquez-part-a-la-faute-marco-bezzecchi-en-profite","status":"publish","type":"post","link":"https:\/\/www.europesays.com\/fr\/445938\/","title":{"rendered":"Marc Marquez part \u00e0 la faute, Marco Bezzecchi en profite"},"content":{"rendered":"<p>Parti en pole position, l&rsquo;Italien Marco Bezzecchi (Aprilia) en a profit\u00e9, effectuant une course tr\u00e8s solide pour s&rsquo;imposer devant l&rsquo;Espagnol Alex Marquez (Ducati-Gresini) et son compatriote Fabio Di Giannantonio (Ducati-VR46). \u00ab Je suis ravi de l&#8217;emporter. La course n&rsquo;\u00e9tait pas parfaite car j&rsquo;ai eu quelques soucis mais j&rsquo;ai malgr\u00e9 tout r\u00e9ussi \u00e0 avoir un tr\u00e8s bon rythme. J&rsquo;ai tout donn\u00e9 donc je suis tr\u00e8s content \u00bb, a d\u00e9clar\u00e9 le Transalpin.<\/p>\n<p>Une chute sans grande cons\u00e9quence pour la suite<\/p>\n<p>Bezzecchi, qui a profit\u00e9 de la chute du sextuple champion du monde au 6e tour alors que ce dernier venait de prendre les commandes de la course, a remport\u00e9 la deuxi\u00e8me victoire de sa carri\u00e8re en sprint et <a href=\"https:\/\/www.dna.fr\/sport\/2025\/05\/25\/zarco-2e-a-silverstone-dans-un-grand-prix-marque-par-plusieurs-chutes-et-l-abandon-de-quartararo\" target=\"_blank\" rel=\"nofollow noopener\">le deuxi\u00e8me succ\u00e8s de sa saison apr\u00e8s le Grand Prix de Grande-Bretagne<\/a> fin mai.<\/p>\n<p>C&rsquo;est en revanche la premi\u00e8re fois de la saison que le Catalan ne termine pas sur le podium d&rsquo;une course sprint, puisqu&rsquo;il s&rsquo;\u00e9tait impos\u00e9 sur 14 des 15 disput\u00e9es jusqu&rsquo;\u00e0 pr\u00e9sent, et qu&rsquo;il avait pris la 2e place de l&rsquo;autre. Marc Marquez conserve toutefois largement la t\u00eate du championnat avec 173 points d&rsquo;avance sur son fr\u00e8re, ce qui pourrait lui permettre d&rsquo;\u00eatre sacr\u00e9 d\u00e8s le prochain rendez-vous, dans deux semaines au Japon.<\/p>\n<p>Quartararo aura des regrets<\/p>\n<p>Son co\u00e9quipier chez Ducati Francesco Bagnaia a encore connu une journ\u00e9e difficile avec le 8e chrono des qualifications et une m\u00e9diocre 13e place lors du sprint. S&rsquo;il reste troisi\u00e8me au championnat, mais d\u00e9sormais sans aucune chance de d\u00e9crocher le titre, il voit Bezzecchi fondre sur lui ces derni\u00e8res semaines.<\/p>\n<p>Le Fran\u00e7ais <a href=\"https:\/\/www.dna.fr\/p\/fabio-quartararo\" target=\"_blank\" rel=\"nofollow noopener\">Fabio Quartararo<\/a> (Yamaha), qui s&rsquo;\u00e9tait \u00e9lanc\u00e9 en 3e position, a chut\u00e9 au 5e tour alors qu&rsquo;il pointait au 4e rang derri\u00e8re les deux fr\u00e8res Marquez. L&rsquo;autre Tricolore, <a href=\"https:\/\/www.dna.fr\/p\/johann-zarco\" target=\"_blank\" rel=\"nofollow noopener\">Johann Zarco<\/a> (Honda-LCR), a fait une belle remont\u00e9e en terminant 11e apr\u00e8s \u00eatre parti en 18e position, mais cela n&rsquo;a pas suffi pour grappiller quelques points au championnat.<\/p>\n","protected":false},"excerpt":{"rendered":"Parti en pole position, l&rsquo;Italien Marco Bezzecchi (Aprilia) en a profit\u00e9, effectuant une course tr\u00e8s solide pour s&rsquo;imposer&hellip;\n","protected":false},"author":2,"featured_media":445939,"comment_status":"","ping_status":"","sticky":false,"template":"","format":"standard","meta":{"footnotes":""},"categories":[1413],"tags":[1976,107,1011,27,1457,1456,517,1947,60],"class_list":{"0":"post-445938","1":"post","2":"type-post","3":"status-publish","4":"format-standard","5":"has-post-thumbnail","7":"category-moto","8":"tag-auto-moto","9":"tag-fil-info","10":"tag-fr","11":"tag-france","12":"tag-moto","13":"tag-motocycle","14":"tag-sport","15":"tag-sport-national","16":"tag-sports"},"share_on_mastodon":{"url":"https:\/\/pubeurope.com\/@fr\/115335034582277749","error":""},"_links":{"self":[{"href":"https:\/\/www.europesays.com\/fr\/wp-json\/wp\/v2\/posts\/445938","targetHints":{"allow":["GET"]}}],"collection":[{"href":"https:\/\/www.europesays.com\/fr\/wp-json\/wp\/v2\/posts"}],"about":[{"href":"https:\/\/www.europesays.com\/fr\/wp-json\/wp\/v2\/types\/post"}],"author":[{"embeddable":true,"href":"https:\/\/www.europesays.com\/fr\/wp-json\/wp\/v2\/users\/2"}],"replies":[{"embeddable":true,"href":"https:\/\/www.europesays.com\/fr\/wp-json\/wp\/v2\/comments?post=445938"}],"version-history":[{"count":0,"href":"https:\/\/www.europesays.com\/fr\/wp-json\/wp\/v2\/posts\/445938\/revisions"}],"wp:featuredmedia":[{"embeddable":true,"href":"https:\/\/www.europesays.com\/fr\/wp-json\/wp\/v2\/media\/445939"}],"wp:attachment":[{"href":"https:\/\/www.europesays.com\/fr\/wp-json\/wp\/v2\/media?parent=445938"}],"wp:term":[{"taxonomy":"category","embeddable":true,"href":"https:\/\/www.europesays.com\/fr\/wp-json\/wp\/v2\/categories?post=445938"},{"taxonomy":"post_tag","embeddable":true,"href":"https:\/\/www.europesays.com\/fr\/wp-json\/wp\/v2\/tags?post=445938"}],"curies":[{"name":"wp","href":"https:\/\/api.w.org\/{rel}","templated":true}]}}