{"id":445942,"date":"2025-10-07T21:37:22","date_gmt":"2025-10-07T21:37:22","guid":{"rendered":"https:\/\/www.europesays.com\/fr\/445942\/"},"modified":"2025-10-07T21:37:22","modified_gmt":"2025-10-07T21:37:22","slug":"la-ligue-2-vit-une-nouvelle-ere","status":"publish","type":"post","link":"https:\/\/www.europesays.com\/fr\/445942\/","title":{"rendered":"La Ligue 2 vit une nouvelle \u00e8re"},"content":{"rendered":"<p><strong>Une r\u00e9volution significative voit le jour en France concernant la Ligue 2.<\/strong><\/p>\n<p>La <strong><a href=\"https:\/\/www.les-transferts.com\/competition\/france\/ligue-2\/actualite\/\" rel=\"nofollow noopener\" target=\"_blank\">Ligue 2<\/a><\/strong> conna\u00eet un changement majeur dans la r\u00e9partition de ses droits t\u00e9l\u00e9vis\u00e9s. Jusqu\u2019ici modestes, les montants attribu\u00e9s aux clubs selon leur classement vont <strong>remarquablement augmenter<\/strong>. Dans cette nouvelle configuration, le club occupant la premi\u00e8re place du classement en fin de saison touchera d\u00e9sormais <strong>1,83 millions d\u2019euros<\/strong>, contre <strong>742 000 euros pr\u00e9c\u00e9demment per\u00e7us<\/strong>.<\/p>\n<p>Ce bond spectaculaire dans les revenus TV t\u00e9moigne de la volont\u00e9 des diffuseurs de<strong> renforcer le soutien aux \u00e9quipes<\/strong> de la comp\u00e9tition. Cependant, la nouveaut\u00e9 ne s\u2019arr\u00eate pas l\u00e0. M\u00eame le club class\u00e9 dernier b\u00e9n\u00e9ficie d\u2019une forte augmentation de ses droits TV. Initialement fix\u00e9 \u00e0 <strong>482 000 euros<\/strong>, les droits TV du dernier la Ligue 2 vont grimper jusqu\u2019\u00e0 <strong>1,19 million d\u2019euros<\/strong>. Soit pr\u00e8s du triple.<\/p>\n<blockquote class=\"twitter-tweet\" data-width=\"500\" data-dnt=\"true\">\n<p lang=\"fr\" dir=\"ltr\">\ud83d\udea8\ud83d\udea8CHANGEMENT concernant les DROITS TV de Ligue 2. \ud83d\udc40\ud83d\udcb0<\/p>\n<p>Le premier touchera 1,83\u00a0MILLION (initialement 742\u00a0000\u20ac) tandis que le dernier prendra 1,19\u00a0MILLION (initialement 483\u00a0000\u20ac). \ud83e\udd11<\/p>\n<p>(<a href=\"https:\/\/twitter.com\/lequipe?ref_src=twsrc%5Etfw\" rel=\"nofollow noopener\" target=\"_blank\">@lequipe<\/a>) <a href=\"https:\/\/t.co\/kZpLikWlYg\" rel=\"nofollow\">pic.twitter.com\/kZpLikWlYg<\/a><\/p>\n<p>\u2014 Actu Ligue 2 (@L2Actu_) <a href=\"https:\/\/twitter.com\/L2Actu_\/status\/1973304269869850973?ref_src=twsrc%5Etfw\" rel=\"nofollow noopener\" target=\"_blank\">October 1, 2025<\/a><\/p><\/blockquote>\n<p>Cette mesure vise \u00e0 garantir une sant\u00e9 financi\u00e8re plus \u00e9quilibr\u00e9e \u00e0 tous les clubs et \u00e9viter un \u00e9cart \u00e9conomique trop important entre eux.<\/p>\n<p>Ancien footballeur amateur. Actuellement Journaliste TV &amp; Web. Passionn\u00e9 de foot, de voyages et de lecture je suis un inconditionnel de Manchester United.<\/p>\n<p><script async src=\"https:\/\/platform.twitter.com\/widgets.js\" charset=\"utf-8\"><\/script><\/p>\n","protected":false},"excerpt":{"rendered":"Une r\u00e9volution significative voit le jour en France concernant la Ligue 2. La Ligue 2 conna\u00eet un changement&hellip;\n","protected":false},"author":2,"featured_media":445943,"comment_status":"","ping_status":"","sticky":false,"template":"","format":"standard","meta":{"footnotes":""},"categories":[1410],"tags":[63,1011,27,60],"class_list":{"0":"post-445942","1":"post","2":"type-post","3":"status-publish","4":"format-standard","5":"has-post-thumbnail","7":"category-football","8":"tag-football","9":"tag-fr","10":"tag-france","11":"tag-sports"},"share_on_mastodon":{"url":"https:\/\/pubeurope.com\/@fr\/115335046379861589","error":""},"_links":{"self":[{"href":"https:\/\/www.europesays.com\/fr\/wp-json\/wp\/v2\/posts\/445942","targetHints":{"allow":["GET"]}}],"collection":[{"href":"https:\/\/www.europesays.com\/fr\/wp-json\/wp\/v2\/posts"}],"about":[{"href":"https:\/\/www.europesays.com\/fr\/wp-json\/wp\/v2\/types\/post"}],"author":[{"embeddable":true,"href":"https:\/\/www.europesays.com\/fr\/wp-json\/wp\/v2\/users\/2"}],"replies":[{"embeddable":true,"href":"https:\/\/www.europesays.com\/fr\/wp-json\/wp\/v2\/comments?post=445942"}],"version-history":[{"count":0,"href":"https:\/\/www.europesays.com\/fr\/wp-json\/wp\/v2\/posts\/445942\/revisions"}],"wp:featuredmedia":[{"embeddable":true,"href":"https:\/\/www.europesays.com\/fr\/wp-json\/wp\/v2\/media\/445943"}],"wp:attachment":[{"href":"https:\/\/www.europesays.com\/fr\/wp-json\/wp\/v2\/media?parent=445942"}],"wp:term":[{"taxonomy":"category","embeddable":true,"href":"https:\/\/www.europesays.com\/fr\/wp-json\/wp\/v2\/categories?post=445942"},{"taxonomy":"post_tag","embeddable":true,"href":"https:\/\/www.europesays.com\/fr\/wp-json\/wp\/v2\/tags?post=445942"}],"curies":[{"name":"wp","href":"https:\/\/api.w.org\/{rel}","templated":true}]}}