{"id":445965,"date":"2025-10-07T21:53:31","date_gmt":"2025-10-07T21:53:31","guid":{"rendered":"https:\/\/www.europesays.com\/fr\/445965\/"},"modified":"2025-10-07T21:53:31","modified_gmt":"2025-10-07T21:53:31","slug":"le-preavis-de-greve-suspendu-en-attendant-des-garanties","status":"publish","type":"post","link":"https:\/\/www.europesays.com\/fr\/445965\/","title":{"rendered":"le pr\u00e9avis de gr\u00e8ve suspendu, \u00ab\u00a0en attendant des garanties\u00a0\u00bb"},"content":{"rendered":"<p>La gr\u00e8ve n\u2019aura pas lieu, au moins pour demain. La semaine derni\u00e8re, le syndicat FO3 et les agents du conservatoire Massenet attendaient de pied ferme d\u2019\u00eatre re\u00e7us en mairie pour \u00e9voquer la situation de l\u2019\u00e9tablissement.<\/p>\n<p>\u00ab\u00a0Les agents ne trouvent pas leur place, les directives ne sont pas claires et ils ne savent pas ce qu\u2019ils doivent faire\u00a0\u00bb, expliquait le syndicaliste Olivier Karagueuzian, pointant notamment le d\u00e9part, coup sur coup, de la directrice adjointe et de la secr\u00e9taire g\u00e9n\u00e9rale, il y a un an et demi.<\/p>\n<p>  Un audit doit \u00eatre r\u00e9alis\u00e9<\/p>\n<p>L\u2019organisation syndicale, qui d\u00e9crit \u00ab\u00a0des agents en souffrance et un mal-\u00eatre au travail\u00a0\u00bb, <a href=\"https:\/\/www.leprogres.fr\/social\/2025\/10\/04\/des-agents-en-souffrance-un-mal-etre-au-travail-un-preavis-de-greve-depose-au-conservatoire-massenet\" target=\"_blank\" rel=\"nofollow noopener\">avait d\u00e9pos\u00e9 un pr\u00e9avis de gr\u00e8ve pour ce mercredi 8\u00a0octobre<\/a>. Lundi apr\u00e8s-midi, une rencontre a eu lieu en mairie avec la direction g\u00e9n\u00e9rale, celle des ressources humaines et des affaires culturelles. Et plusieurs engagements ont \u00e9t\u00e9 formul\u00e9s.<\/p>\n<p>\u00ab\u00a0L\u2019administration s\u2019est engag\u00e9e \u00e0 r\u00e9aliser un audit sur l\u2019organisation de l\u2019\u00e9tablissement et la direction des affaires culturelles sera pr\u00e9sente tous les jours pour chapeauter le conservatoire et g\u00e9rer le quotidien\u00a0\u00bb, liste Odile Besset, d\u00e9l\u00e9gu\u00e9e syndicale FO3.<\/p>\n<p>  \u00ab\u00a0On nous a dit que nos revendications \u00e9taient justifi\u00e9es\u00a0\u00bb<\/p>\n<p>La syndicaliste assure \u00e9galement qu\u2019une enqu\u00eate interne aurait \u00ab\u00a0mis en lumi\u00e8re des comportements d\u00e9faillants, mais aussi des probl\u00e9matiques de management et d\u2019organisation\u00a0\u00bb et que des mesures devraient en d\u00e9couler. \u00ab\u00a0On a \u00e9t\u00e9 entendus\u00a0\u00bb, se satisfait Odile Besset. \u00ab\u00a0On nous a dit que nos revendications \u00e9taient justifi\u00e9es, qu\u2019ils avaient identifi\u00e9 le m\u00eame probl\u00e8me et que \u00e7a ne pouvait pas durer.\u00a0\u00bb<\/p>\n<p>D\u00e9sormais, FO3 et les agents du conservatoire attendent des actes. \u00ab\u00a0On leur laisse le temps de mettre tout \u00e7a en place\u00a0\u00bb, assure la syndicaliste.\u00a0Dans un \u00ab\u00a0souci d\u2019apaisement\u00a0\u00bb, le pr\u00e9avis de gr\u00e8ve a donc \u00e9t\u00e9 suspendu et le conservatoire fonctionnera normalement ce mercredi. \u00ab\u00a0On attend des garanties, on sera fix\u00e9s d\u2019ici quinze jours.\u00a0\u00bb<\/p>\n","protected":false},"excerpt":{"rendered":"La gr\u00e8ve n\u2019aura pas lieu, au moins pour demain. La semaine derni\u00e8re, le syndicat FO3 et les agents&hellip;\n","protected":false},"author":2,"featured_media":445966,"comment_status":"","ping_status":"","sticky":false,"template":"","format":"standard","meta":{"footnotes":""},"categories":[9653],"tags":[1111,11,2430,9671,7539,1777,674,1011,27,12,25,4001,7538,801],"class_list":{"0":"post-445965","1":"post","2":"type-post","3":"status-publish","4":"format-standard","5":"has-post-thumbnail","7":"category-saint-etienne","8":"tag-actu","9":"tag-actualites","10":"tag-auvergne-rhone-alpes","11":"tag-conflit-social","12":"tag-edition-loire-sud","13":"tag-eu","14":"tag-europe","15":"tag-fr","16":"tag-france","17":"tag-news","18":"tag-republique-francaise","19":"tag-saint-etienne","20":"tag-saint-etienne-ville","21":"tag-social"},"share_on_mastodon":{"url":"https:\/\/pubeurope.com\/@fr\/115335109454745409","error":""},"_links":{"self":[{"href":"https:\/\/www.europesays.com\/fr\/wp-json\/wp\/v2\/posts\/445965","targetHints":{"allow":["GET"]}}],"collection":[{"href":"https:\/\/www.europesays.com\/fr\/wp-json\/wp\/v2\/posts"}],"about":[{"href":"https:\/\/www.europesays.com\/fr\/wp-json\/wp\/v2\/types\/post"}],"author":[{"embeddable":true,"href":"https:\/\/www.europesays.com\/fr\/wp-json\/wp\/v2\/users\/2"}],"replies":[{"embeddable":true,"href":"https:\/\/www.europesays.com\/fr\/wp-json\/wp\/v2\/comments?post=445965"}],"version-history":[{"count":0,"href":"https:\/\/www.europesays.com\/fr\/wp-json\/wp\/v2\/posts\/445965\/revisions"}],"wp:featuredmedia":[{"embeddable":true,"href":"https:\/\/www.europesays.com\/fr\/wp-json\/wp\/v2\/media\/445966"}],"wp:attachment":[{"href":"https:\/\/www.europesays.com\/fr\/wp-json\/wp\/v2\/media?parent=445965"}],"wp:term":[{"taxonomy":"category","embeddable":true,"href":"https:\/\/www.europesays.com\/fr\/wp-json\/wp\/v2\/categories?post=445965"},{"taxonomy":"post_tag","embeddable":true,"href":"https:\/\/www.europesays.com\/fr\/wp-json\/wp\/v2\/tags?post=445965"}],"curies":[{"name":"wp","href":"https:\/\/api.w.org\/{rel}","templated":true}]}}