{"id":446011,"date":"2025-10-07T22:22:23","date_gmt":"2025-10-07T22:22:23","guid":{"rendered":"https:\/\/www.europesays.com\/fr\/446011\/"},"modified":"2025-10-07T22:22:23","modified_gmt":"2025-10-07T22:22:23","slug":"a-lille-sans-boule-de-cristal-la-catho-veut-predire-le-futur-avec-le-festival-ecoposs","status":"publish","type":"post","link":"https:\/\/www.europesays.com\/fr\/446011\/","title":{"rendered":"\u00c0 Lille, sans boule de cristal, la Catho veut pr\u00e9dire le futur avec le festival Ecoposs"},"content":{"rendered":"<p>            Par<br \/>\n        <strong><br \/>\n            <a href=\"https:\/\/actu.fr\/auteur\/annesophie-2\" title=\"Consulter tous les articles de Anne-Sophie Hourdeaux\" target=\"_blank\" rel=\"noopener\">Anne-Sophie Hourdeaux<\/a><br \/>\n        <\/strong><\/p>\n<p>        Publi\u00e9 le<\/p>\n<p>            7 oct. 2025 \u00e0 13h25        <\/p>\n<p>D\u00e9cid\u00e9ment, cette ann\u00e9e des <b>150\u00a0ans de l\u2019Universit\u00e9 catholique \u00e0 Lille (Nord)<\/b> n\u2019en finit pas de surprendre\u2009! Apr\u00e8s une <a href=\"https:\/\/actu.fr\/hauts-de-france\/lille_59350\/lille-des-chars-a-gogo-dans-le-centre-ville-a-fond-la-caisse-pour-les-150-ans-de-la-catho_62370383.html\" target=\"_blank\" rel=\"noopener\">grande course de chars<\/a> et <a href=\"https:\/\/actu.fr\/hauts-de-france\/lille_59350\/un-observatoire-a-la-catho-regarder-les-etoiles-en-plein-coeur-de-lille-cest-de-nouveau-possible_62353867.html\" target=\"_blank\" rel=\"noopener\">l\u2019inauguration de l\u2019observatoire<\/a>, voil\u00e0 venu le point d\u2019orgue de cet anniversaire\u2009: <b>le festival Ecoposs.<\/b> Il s\u2019agit de 3\u00a0jours de d\u00e9bats, rencontres, ateliers autour d\u2019un th\u00e8me audacieux\u2009: <b>r\u00e9fl\u00e9chir ensemble aux futurs souhaitables.<\/b><\/p>\n<p class=\" wall-content\"><a href=\"https:\/\/actu.fr\/hauts-de-france\/lille_59350\/les-12-rendez-vous-a-ne-pas-manquer-au-festival-ecoposs-la-fete-du-futur-a-lille_54426549.html\" target=\"_blank\" rel=\"noopener\">C\u2019est la 2e \u00e9dition, apr\u00e8s celle de 2022<\/a>. On fait le point des temps forts et p\u00e9pites avec Louis-Marie Clouet, directeur du festival et de l\u2019institut de la Prospective au sein de la Catho.<\/p>\n<p>8\u2009000 personnes attendues<\/p>\n<p class=\" wall-content\">Le premier rendez-vous Ecoposs en 2022 avait r\u00e9uni 5\u2009300\u00a0personnes. En 2025, les organisateurs attendent 8\u2009000\u00a0visiteurs. Ils ont mis\u00e9 sur un public large, avec notamment un programme d\u00e9di\u00e9 aux familles avec enfants d\u00e8s 4\u00a0ans. \u00ab\u2009On a voulu un programme vari\u00e9 pour rejoindre tous les publics, pour que chacun trouve sa mani\u00e8re de r\u00e9fl\u00e9chir au futur\u2009\u00bb explique le directeur d\u2019Ecoposs.<\/p>\n<p class=\" wall-content\">Des animations enfants d\u00e8s 4\u00a0ans sont pr\u00e9vues. Des influenceurs ont m\u00eame \u00e9t\u00e9 invit\u00e9s pour rejoindre les jeunes\u2009! Par exemple Cyrus North, youtubeur et philosophe, qui animera le \u00ab\u2009talk\u2009\u00bb sur \u00ab\u2009Vivre ou survivre, explorons tout notre potentiel\u2009\u00bb dimanche 12\u00a0octobre \u00e0 11\u2009h.<\/p>\n<p class=\" wall-content\">Une voie a \u00e9t\u00e9 privil\u00e9gi\u00e9e\u2009: l\u2019exp\u00e9rience. \u00ab\u2009Il y aura des ateliers, des d\u00e9ambulations, des jeux, pour que ce soit le plus immersif possible\u2009\u00bb.<\/p>\n<p><img loading=\"lazy\" decoding=\"async\" src=\"https:\/\/www.europesays.com\/fr\/wp-content\/uploads\/2025\/10\/3917d30b9bd863d17d30b9bd81127dv-640x427.jpeg\" alt=\"\" width=\"640\" height=\"427\"\/>Pour les enfants<\/p>\n<p>&#8211; Dessine ton monstre en bois le 11 \u00e0 11\u2009h\u200930, 16\u2009h\u200930, pour les 5-8\u00a0ans, salle 272<br \/>&#13;<br \/>\n&#8211; Cr\u00e9e ta fus\u00e9e le 11 \u00e0 14\u2009h\u200930, 17\u2009h salle 278\u2009; le 12 \u00e0 14\u2009h, 16\u2009h\u200930, salle 276 d\u00e8s 6\u00a0ans.<br \/>&#13;<br \/>\n&#8211; Concert dessin\u00e9 le 12 \u00e0 11\u2009h d\u00e8s 4\u00a0ans, RZ 048<br \/>&#13;<br \/>\n&#8211; Lecture \u00e0 voix haute le 11 \u00e0 15\u2009h\u200930, ludoth\u00e8que<br \/>&#13;<br \/>\n&#8211; Philo-art\u2009: est-ce qu\u2019on peut voyager dans sa t\u00eate\u2009? le 11 \u00e0 11\u2009h\u200930, 15\u2009h\u200945, le 12 \u00e0 10\u2009h\u200915, 14\u2009h, pour les 5-11\u00a0ans, salle 277<br \/>&#13;<br \/>\n&#8211; Cr\u00e9e ton portrait version Arcimboldo le 11 \u00e0 14\u2009h\u200930 pour les 5-8\u00a0ans, salle 276<br \/>&#13;<br \/>\n&#8211; \u00c0 l\u2019\u00e9cole de la nature le 11 \u00e0 15\u2009h\u200945, le 12 \u00e0 11\u2009h\u200930, d\u00e8s 6\u00a0ans, salle 278<br \/>&#13;<br \/>\n-Pizz\u2019artistique\u2009: voyage en Italie, cr\u00e9e une pizza inspir\u00e9e des grands peintres le 12 \u00e0 10\u2009h\u200915 de 3 \u00e0 6\u00a0ans, salle 276<br \/>&#13;<br \/>\n&#8211; Un voyage rigolo au c\u0153ur des expressions fran\u00e7aises le 12 \u00e0 14\u2009h d\u00e8s 5\u00a0ans, salle 276<br \/>&#13;<br \/>\n&#8211; Lecture dessin\u00e9e sur les contes le 12 \u00e0 15\u2009h d\u00e8s 8\u00a0ans, RZ 048<br \/>&#13;<br \/>\n&#8211; Le Professeur Terra t\u2019embarque dans une enqu\u00eate pleine de surprises. Gr\u00e2ce \u00e0 des petites exp\u00e9riences rigolotes, d\u00e9couvre les secrets de la chimie. Pour les 6-9\u00a0ans, Palais Rameau, le 11 de 14\u2009h \u00e0 16\u2009h\u200930.<br \/>&#13;<br \/>\n&#8211; R\u00eaver la vie de demain le 11 \u00e0 10\u2009h RZ 006 d\u00e8s 6\u00a0ans. \u00c9couter la chanson \u00ab\u2009La vie, c\u2019est quoi\u2009\u00bb d\u2019Aldebert, cr\u00e9er des expressions artistiques \u00e0 partir des paroles.<br \/>&#13;<br \/>\n&#8211; Le voyage extraordinaire de Melly la mol\u00e9cule le 11 de 14\u2009h \u00e0 16\u2009h, d\u00e8s 10\u00a0ans, Palais Rameau.<\/p>\n<p>Votre r\u00e9gion, votre actu !<\/p>\n<p>Recevez chaque jour les infos qui comptent pour vous.<\/p>\n<p>\t<a href=\"https:\/\/actu.fr\/newsletter\" class=\"ac-btn ac-btn--corner ac-btn--medium ac-btn--blue800\" target=\"_blank\" rel=\"noopener\">S&rsquo;incrire<\/a><br \/>\nRedonner le go\u00fbt d\u2019agir ensemble<\/p>\n<p class=\" wall-content\">Inviter le public a \u00e0 r\u00e9fl\u00e9chir au futur, \u00e0 quoi \u00e7a sert\u2009? \u00ab\u2009Il s\u2019agit de sortir du d\u00e9ni, du pessimisme et du sentiment d\u2019impuissance, et de redonner le go\u00fbt d\u2019agir ensemble, de faire soci\u00e9t\u00e9 ensemble\u2009! C\u2019est de l\u2019\u00e9ducation populaire. Chacun va d\u00e9couvrir de nouvelles infos, des mani\u00e8res de faire diff\u00e9rentes qui vont les nourrir. Cela va apporter du souffle\u2009\u00bb.<\/p>\n<p class=\" wall-content\">Quand on pense futur, on a imm\u00e9diatement en t\u00eate la place de l\u2019Intelligence artificielle. \u00ab\u2009Plusieurs de nos rendez-vous concernent l\u2019IA, l\u2019id\u00e9e est d\u2019\u00e9clairer et de d\u00e9passionner. Mais on n\u2019a pas voulu lui donner la plus grande place car le futur, c\u2019est bien plus vaste que cela\u2009!\u2009\u00bb<\/p>\n<blockquote class=\"ac-article-quote wall-content\">\n<p>Dans quel monde on a envie de vivre\u2009? C\u2019est le c\u0153ur de la rencontre Ecoposs. Chacun peut s\u2019y engager.<\/p>\n<p>Louis Marie Clouet, directeur d\u2019Ecoposs<\/p><\/blockquote>\n<p class=\" wall-content\">Demain, quelle \u00e9ducation, quelle entreprise, quelle parentalit\u00e9, quel Ehpad\u2009? Comment on voyagera\u2009? Comment on s\u2019alimentera\u2009? Voil\u00e0 quelques-unes des th\u00e9matiques. \u00ab\u2009On re\u00e7oit plusieurs explorateurs, voyageurs qui t\u00e9moigneront de leur exp\u00e9rience et de leur regard sur l\u2019environnement. Les th\u00e8mes du surtourisme et comment l\u2019\u00e9viter seront abord\u00e9s\u2009\u00bb.<\/p>\n<p><img decoding=\"async\" src=\"https:\/\/www.europesays.com\/fr\/wp-content\/uploads\/2025\/10\/4dc050b3a998651d050b3a99875d05v-640x427.jpeg\" alt=\"\" width=\"640\" height=\"427\" loading=\"lazy\"\/>Les rendez-vous insolites d&rsquo;Ecoposs 2025<\/p>\n<p>&#8211; En cuisine\u2009: le 11\u00a0octobre de 11\u2009h \u00e0 12\u2009h\u200930, Palais Rameau. Assistez \u00e0 une d\u00e9monstration culinaire \u00e0 4 mains avec les talentueux chefs Jean Driege (MasterChef 2022) et Olivier Boone. Ils vont concocter en direct un menu complet \u00e0 base de produits locaux, avec les ingr\u00e9dients d&rsquo;un panier fourni par un producteur de la r\u00e9gion. Poursuivez par un quizz sur l&rsquo;alimentation locale avec une surprise savoureuse \u00e0 gagner\u2009! Terminez par une d\u00e9gustation de bouch\u00e9es pr\u00e9par\u00e9es par All Traiteur.<br \/>&#13;<br \/>\n&#8211; Dans la peau d&rsquo;un voyageur de l&rsquo;espace avec l&rsquo;Odyss\u00e9e interstellaire. \u00c0 bord du Pegasus, vivez la premi\u00e8re arriv\u00e9e de l&rsquo;humanit\u00e9 dans un autre syst\u00e8me stellaire que celui qui l&rsquo;a vu na\u00eetre\u2009! Le Pegasus a quitt\u00e9 la Terre voil\u00e0 130 ans. \u00c0 son bord, vous incarnerez cinq g\u00e9n\u00e9rations d&rsquo;humains. Pourquoi ont-ils quitt\u00e9 le Syst\u00e8me solaire\u2009? Comment a \u00e9t\u00e9 con\u00e7u le Pegasus\u2009? Que vont-ils trouver \u00e0 leur arriv\u00e9e\u2009? Cette conf\u00e9rence interactive va tenter de r\u00e9pondre. Le 12 de 14\u2009h \u00e0 16\u2009h, amphi Teilhard de Chardin.<br \/>&#13;<br \/>\n&#8211; Un loup-garou g\u00e9ant. Dans cette version revisit\u00e9e, le jeu immersif vous embarque dans un voyage en Amazonie, guid\u00e9s par la voix du ma\u00eetre du jeu. Mettez-vous dans la peau des \u201cLoups de l&rsquo;Agro-business\u201d, qui d\u00e9truisent la for\u00eat amazonienne, dans celles des acteurs de la soci\u00e9t\u00e9 civile qui ont un r\u00f4le clef pour sauver la for\u00eat ou acc\u00e9l\u00e9rer sa perte. \u00c0 partir de 12 ans. Propos\u00e9 par le CCFD-Terre Solidaire. Le 11 de 14\u2009h \u00e0 16\u2009h, RZ 006.<br \/>&#13;<br \/>\n&#8211; Un cin\u00e9-jogging le 12 de 10\u2009h \u00e0 11\u2009h, HA 093. D\u00e9couvrez le documentaire \u00ab\u00a0\u2009100 Marathons vus du c\u0153ur\u2009\u00a0\u00bb (2022, 30\u00a0minutes) retra\u00e7ant la folle aventure de Nicolas Vandenelsken, r\u00e9alis\u00e9 par J\u00e9r\u00f4me Habasque, puis partez courir \u00e0 leurs c\u00f4t\u00e9s (5 ou 8\u00a0km)\u2009! L&rsquo;athl\u00e8te a utilis\u00e9 la technique de la visualisation pour cet exploit.<\/p>\n<p>Aller-retour entre pass\u00e9, pr\u00e9sent, futur<\/p>\n<p class=\" wall-content\">Des rendez-vous peuvent sembler loin du th\u00e8me du futur\u2009: les femmes et la science, un challenge kilom\u00e9trique, les dimensions cach\u00e9es de la pauvret\u00e9, les fake news, les secrets du corps humains\u2026 \u00ab\u2009Les allers-retours entre pass\u00e9, pr\u00e9sent et futur sont nombreux. \u00c0 partir de la r\u00e9alit\u00e9 d\u2019aujourd\u2019hui, comment on imagine demain\u2009? Ou l\u2019inverse, \u00e0 partir d\u2019un futur souhaitable, comment on modifie nos comportements aujourd\u2019hui\u2009?\u2009\u00bb<\/p>\n<p class=\" wall-content\">Le terme \u00ab\u2009futur souhaitable\u2009\u00bb est une boussole d\u2019Ecoposs\u2009!<\/p>\n<p>Plus de 100 rendez-vous Ecoposs : notre s\u00e9lection<\/p>\n<p>Un invit\u00e9 sp\u00e9cial : Plantu<br \/>&#13;<br \/>\n&#8211; Masterclass vendredi 10 octobre de 11\u2009h\u200945 \u00e0 12\u2009h\u200945 et samedi 11 de 14\u2009h\u200930 \u00e0 15\u2009h\u200930 avec le dessinateur Plantu, qui a croqu\u00e9 l&rsquo;actu \u00e0 la Une du Monde pendant 25 ans\u2009!<br \/>&#13;<br \/>\n&#8211; Exposition avec ses dessins, s\u00e9lectionn\u00e9s par les \u00e9tudiants de l&rsquo;Universit\u00e9 catholique, \u00e0 l&rsquo;H\u00f4tel acad\u00e9mique pendant les 2 jours. Visite comment\u00e9e de l&rsquo;expo vendredi 10 octobre \u00e0 10\u2009h\u200930.<br \/>&#13;<br \/>\nRencontres-d\u00e9bats du salon du livre<br \/>&#13;<br \/>\n&#8211; A quoi ressemblera le travail de demain\u2009? le 10 \u00e0 10\u2009h\u200930, salle des actes<br \/>&#13;<br \/>\n&#8211; Ultime chance pour l&rsquo;oc\u00e9an le 10 \u00e0 15\u2009h\u200945, salle des Actes<br \/>&#13;<br \/>\n&#8211; Nos futurs possibles dans un monde o\u00f9 la v\u00e9rit\u00e9 n&rsquo;existe plus le 10 \u00e0 17\u2009h, HA 047<br \/>&#13;<br \/>\n&#8211; Le myst\u00e8re Notre-Dame le 11 \u00e0 10\u2009h\u200930, HA 275<br \/>&#13;<br \/>\n&#8211; Du Moyen-\u00c2ge au XXIe s., que sont devenues les femmes\u2009? le 11 \u00e0 11\u2009h\u200945, HA 047<br \/>&#13;<br \/>\n&#8211; N&rsquo;ayons pas peur le 11 \u00e0 11\u2009h\u200945, salle des Actes<br \/>&#13;<br \/>\n&#8211; Qu&rsquo;est-ce que Machiavel \u00e0 encore \u00e0 nous dire\u2009? le 11 \u00e0 11\u2009h\u200945, HA 275<br \/>&#13;<br \/>\n&#8211; Rencontre avec la nouvelle voix de la France des ronds points le 11 \u00e0 14\u2009h\u200930, HA 275<br \/>&#13;<br \/>\n&#8211; Couples, famille, amis\u2009: interroger les liens qui construisent et qui blessent le 11 \u00e0 15\u2009h\u200945, HA 047. Avec l&rsquo;autrice Camille Kouchner.<br \/>&#13;<br \/>\n&#8211; Dialogue entre un botaniste et un \u00e9cologue le 11 \u00e0 15\u2009h\u200945, salle des Actes<br \/>&#13;<br \/>\n&#8211; Surtourisme\u2009: comment repenser le voyage\u2009? le 11 \u00e0 15\u2009h\u200945, HA 270<br \/>&#13;<br \/>\n&#8211; Points de bascule du climat le 12 \u00e0 11\u2009h, HA 270<br \/>&#13;<br \/>\n&#8211; Qu&rsquo;est-ce qu&rsquo;un aventurier aujourd&rsquo;hui\u2009? le 12 \u00e0 12\u2009h\u200915, HA 407<br \/>&#13;<br \/>\n&#8211; Les \u00e9crans en question le 12 \u00e0 14\u2009h\u200930, amphi Ren\u00e9 Th\u00e9ry<br \/>&#13;<br \/>\n&#8211; Regards crois\u00e9s sur le conflit isra\u00e9lo-palestinien le 12 \u00e0 14\u2009h\u200930, salle des Actes<br \/>&#13;<br \/>\nAu Palais Rameau<br \/>&#13;<br \/>\n&#8211; Caf\u00e9 du monde les 10 et 11 de 10\u2009h \u00e0 18\u2009h<br \/>&#13;<br \/>\n&#8211; Reconnexion \u00e0 la nature et au vivant les 10 et 11 de 10\u2009h \u00e0 18\u2009h<br \/>&#13;<br \/>\n&#8211; D\u00e9couvrez un mus\u00e9e en 2079 les 10 et 11 de 10\u2009h \u00e0 18\u2009h<br \/>&#13;<br \/>\nAnimations, jeux, exp\u00e9riences<br \/>&#13;<br \/>\n&#8211; Design fiction sur le futur de l&rsquo;\u00c9ducation en 2100 les 10 \u00e0 10\u2009h, les 11 et 12 \u00e0 10\u2009h et 14\u2009h, HAS47<br \/>&#13;<br \/>\n&#8211; Demain je suis maire, imaginez votre ville id\u00e9ale le 10 \u00e0 10\u2009h, MF 1007<br \/>&#13;<br \/>\n&#8211; Design fiction\u2009: et si on imaginait le futur\u2009? le 10 \u00e0 10\u2009h, 11\u2009h, 14\u2009h, 15\u2009h, le 11 \u00e0 10\u2009h \u00e0 l&rsquo;ICAM, d\u00e8s 12 ans. \u00c9crire le futur \u00e0 partir d&rsquo;une photo et en d\u00e9battre.<br \/>&#13;<br \/>\n&#8211; Simulateur de vieillesse les 10, 11, 10-18\u2009h, Grand hall<br \/>&#13;<br \/>\n&#8211; La fresque du futur le 10 \u00e0 10\u2009h\u200930 et 14\u2009h, HA 214<br \/>&#13;<br \/>\n&#8211; Escape game la plan\u00e8te en alerte le 10 \u00e0 11\u2009h, HA 258, d\u00e8s 12\u00a0ans<br \/>&#13;<br \/>\n&#8211; Fabrique ton futur les 10 et 11 \u00e0 11\u2009h, 13\u2009h, 14\u2009h, 15\u2009h, \u00e0 l&rsquo;ICAM, d\u00e8s 6\u00a0ans (impression 3D et additive, low tech)<br \/>&#13;<br \/>\n&#8211; \u00ab\u00a0Le futur passe par le sens\u00a0\u00bb le 11 de 16\u2009h\u200930 \u00e0 18\u2009h. Avec les anciens porteurs de projet du Hackasens (\u00e9v\u00e9nement annuel du Centre du Hautmont \u00e0 Mouvaux).<br \/>&#13;<br \/>\n&#8211; Le voyage \u00e9co-touristique le 10 \u00e0 13\u2009h\u200930, ICAM<br \/>&#13;<br \/>\n&#8211; Manger chez soi demain les 10-11 \u00e0 14\u2009h et 15\u2009h\u200930, HA 193<br \/>&#13;<br \/>\n&#8211; Imaginons ensemble une entreprise humaniste du futur le 10 \u00e0 14\u2009h et 15\u2009h\u200930, MF 1007<br \/>&#13;<br \/>\nTh\u00e9\u00e2tre forum improvis\u00e9\u2009: osons encore devenir parents\u2009?\u2009! le 10 \u00e0 15\u2009h, le 11 \u00e0 10\u2009h, le 12 \u00e0 12\u2009h\u200945, place du village<br \/>&#13;<br \/>\n&#8211; La parentalit\u00e9, parlons-en le 10 \u00e0 16\u2009h\u200930, HA 093<br \/>&#13;<br \/>\n&#8211; Caf\u00e9 signes le 11 de 14\u2009h \u00e0 15\u2009h\u200930, MF 1007. Rencontre entre sourds et entendants.<br \/>&#13;<br \/>\n&#8211; L&rsquo;Ehpad du futur le 11 \u00e0 11\u2009h, HA 193<br \/>&#13;<br \/>\n&#8211; Comment nous d\u00e9placerons-nous en 2050\u2009? le 11 \u00e0 15\u2009h, MF 1110<br \/>&#13;<br \/>\n&#8211; Mythologie du futur le 11 \u00e0 15\u2009h, HA 093. Composez votre propre feuille de route du futur<br \/>&#13;<br \/>\n&#8211; Cultiver l&rsquo;apr\u00e8s-Ecoposs le 12 \u00e0 13\u2009h\u200945, HA 093.<br \/>&#13;<br \/>\nLa question de l&rsquo;Eglise et des religions<br \/>&#13;<br \/>\n&#8211; \u00ab\u00a0\u2009Religion et science-fiction\u2009\u00a0\u00bb le 10 octobre \u00e0 14\u2009h\u200930, salle HA 275\u2009: revisite de la litt\u00e9rature de science-fiction qui a puis\u00e9 dans la religion pour cr\u00e9er ses univers.<br \/>&#13;<br \/>\n&#8211; \u00ab\u00a0\u2009Science, foi et religion\u2009: penser contre les fondamentalismes et pour un nouvel humanisme\u2009\u00a0\u00bb le 10 \u00e0 15\u2009h\u200945, HA 270.<br \/>&#13;<br \/>\n&#8211;\u00a0\u00a0\u00bb Voyage au c\u0153ur de nos sens et du sacr\u00e9 \u00a0\u00bb les 10 et 11 de 10\u2009h \u00e0 18\u2009h, RZ 009. Partez pour un voyage immersif via vos 5 sens \u00e0 la d\u00e9couverte des symboles des sacrements d&rsquo;initiation\u2009: bapt\u00eame, eucharistie, confirmation. Une exp\u00e9rience artistique et spirituelle pour tous \u00e0 l&rsquo;aide d&rsquo;ateliers cr\u00e9atifs. Animation permanente + parcours sensoriel de 45 minutes sur les 3 jours \u00e0 11\u2009h, 14\u2009h et 15\u2009h + ateliers cr\u00e9atifs de 30 minutes sur les 3 jours \u00e0 13\u2009h\u200915 et 16\u2009h. Acc\u00e8s libre dans la limite des places disponibles (20 places) + parcours en autonomie de 10\u2009h \u00e0 11\u2009h, 12\u2009h \u00e0 13\u2009h, 16\u2009h \u00e0 18\u2009h (le dimanche jusque 17\u2009h).<br \/>&#13;<br \/>\n&#8211;\u00a0\u00a0\u00bb Imaginons ensemble le futur de l&rsquo;\u00c9glise \u00a0\u00bb\u00a0le 10 \u00e0 14\u2009h\u200930, HA 258. Gr\u00e2ce \u00e0 des textes et images g\u00e9n\u00e9r\u00e9s par l&rsquo;IA, illustrez ce que pourrait \u00eatre le futur de la soci\u00e9t\u00e9 connect\u00e9e \u00e0 sa dimension spirituelle et renfor\u00e7ons la compr\u00e9hension interg\u00e9n\u00e9rationnelle des attentes et espoirs li\u00e9s \u00e0 la spiritualit\u00e9 et \u00e0 la communaut\u00e9 religieuse. Avec l&rsquo;Ecclesialab.<\/p>\n<p>Jogging, cartes, jeux, cuisine<\/p>\n<p class=\" wall-content\">Louis-Marie Clouet cite quelques p\u00e9pites originales\u2009: \u00ab\u2009Dans le programme, on trouve un concert dessin\u00e9, un cin\u00e9-jogging, un jeu de cartes pour comprendre l\u2019IA, des exp\u00e9riences de chimie, un sc\u00e9nario de science-fiction o\u00f9 le public interpr\u00e8te une \u00e9quipe d\u2019un vaisseau, un atelier cuisine avec 2 chefs, des caf\u00e9s philo pour enfants, un simulateur de vieillesse\u2026\u2009\u00bb<\/p>\n<p class=\" wall-content\">Trois\u00a0lieux accueilleront les rendez-vous\u2009: l\u2019H\u00f4tel acad\u00e9mique boulevard Vauban, le Palais Rameau, l\u2019ICAM rue Auber.<\/p>\n<p>80 auteurs<\/p>\n<p class=\" wall-content\">Un salon du livre sera accueilli pendant 3\u00a0jours dans la chapelle de l\u2019Universit\u00e9, avec la part belle aux livres jeunesse. Plus de 80 auteurs auront un stand, et plusieurs animeront des tables rondes et des animations.<\/p>\n<p class=\" wall-content\">La difficult\u00e9 sera de choisir parmi les plus de 100 rendez-vous, car faire sa s\u00e9lection est un vrai casse-t\u00eate. \u00ab\u2009Mais on peut aussi se laisser porter sur le moment \u00e0 rejoindre tel ou tel atelier ou conf\u00e9rence, il n\u2019y a pas d\u2019inscription\u2009\u00bb, relative le directeur.<\/p>\n<p class=\" wall-content\">Bon voyage dans le futur\u2009!<\/p>\n<p>Les rendez-vous sont gratuits, sauf les 4 \u00ab\u2009talks\u2009\u00bb. Inscription (conseill\u00e9e) sur le site\u2009: <a href=\"https:\/\/www.univ-catholille.fr\/ecoposs\" target=\"_blank\" rel=\"noopener\">univ-catholille.fr\/ecoposs<\/a>.<\/p>\n<p class=\" wall-content\">Personnalisez votre actualit\u00e9 en ajoutant vos villes et m\u00e9dias en favori avec <a href=\"https:\/\/moncompte.actu.fr\" title=\"D\u00e9couvez Mon Actu\" rel=\"nofollow noopener\" data-trk=\"{&quot;cta&quot;:{&quot;action&quot;:&quot;https:\\\/\\\/moncompte.actu.fr&quot;,&quot;category&quot;:&quot;mon compte&quot;,&quot;from&quot;:&quot;article footer&quot;,&quot;name&quot;:&quot;Mon actu&quot;,&quot;type&quot;:&quot;cta&quot;}}\" target=\"_blank\">Mon Actu<\/a>.<\/p>\n","protected":false},"excerpt":{"rendered":"Par Anne-Sophie Hourdeaux Publi\u00e9 le 7 oct. 2025 \u00e0 13h25 D\u00e9cid\u00e9ment, cette ann\u00e9e des 150\u00a0ans de l\u2019Universit\u00e9 catholique&hellip;\n","protected":false},"author":2,"featured_media":446012,"comment_status":"","ping_status":"","sticky":false,"template":"","format":"standard","meta":{"footnotes":""},"categories":[2815],"tags":[1111,11,1777,674,1011,27,811,1307,12,25,104,21754],"class_list":{"0":"post-446011","1":"post","2":"type-post","3":"status-publish","4":"format-standard","5":"has-post-thumbnail","7":"category-lille","8":"tag-actu","9":"tag-actualites","10":"tag-eu","11":"tag-europe","12":"tag-fr","13":"tag-france","14":"tag-hauts-de-france","15":"tag-lille","16":"tag-news","17":"tag-republique-francaise","18":"tag-societe","19":"tag-universite-catholique-de-lille"},"share_on_mastodon":{"url":"https:\/\/pubeurope.com\/@fr\/115335223960345160","error":""},"_links":{"self":[{"href":"https:\/\/www.europesays.com\/fr\/wp-json\/wp\/v2\/posts\/446011","targetHints":{"allow":["GET"]}}],"collection":[{"href":"https:\/\/www.europesays.com\/fr\/wp-json\/wp\/v2\/posts"}],"about":[{"href":"https:\/\/www.europesays.com\/fr\/wp-json\/wp\/v2\/types\/post"}],"author":[{"embeddable":true,"href":"https:\/\/www.europesays.com\/fr\/wp-json\/wp\/v2\/users\/2"}],"replies":[{"embeddable":true,"href":"https:\/\/www.europesays.com\/fr\/wp-json\/wp\/v2\/comments?post=446011"}],"version-history":[{"count":0,"href":"https:\/\/www.europesays.com\/fr\/wp-json\/wp\/v2\/posts\/446011\/revisions"}],"wp:featuredmedia":[{"embeddable":true,"href":"https:\/\/www.europesays.com\/fr\/wp-json\/wp\/v2\/media\/446012"}],"wp:attachment":[{"href":"https:\/\/www.europesays.com\/fr\/wp-json\/wp\/v2\/media?parent=446011"}],"wp:term":[{"taxonomy":"category","embeddable":true,"href":"https:\/\/www.europesays.com\/fr\/wp-json\/wp\/v2\/categories?post=446011"},{"taxonomy":"post_tag","embeddable":true,"href":"https:\/\/www.europesays.com\/fr\/wp-json\/wp\/v2\/tags?post=446011"}],"curies":[{"name":"wp","href":"https:\/\/api.w.org\/{rel}","templated":true}]}}