{"id":446030,"date":"2025-10-07T22:33:10","date_gmt":"2025-10-07T22:33:10","guid":{"rendered":"https:\/\/www.europesays.com\/fr\/446030\/"},"modified":"2025-10-07T22:33:10","modified_gmt":"2025-10-07T22:33:10","slug":"russie-et-talibans-les-pourparlers-sur-le-format-de-moscou-et-lavenir-de-lafghanistan-business-am","status":"publish","type":"post","link":"https:\/\/www.europesays.com\/fr\/446030\/","title":{"rendered":"Russie et Talibans : Les pourparlers sur le format de Moscou et l&rsquo;avenir de l&rsquo;Afghanistan &#8211; Business AM"},"content":{"rendered":"<p>Principaux renseignements<\/p>\n<ul class=\"wp-block-list\">\n<li><strong>La Russie a organis\u00e9 sa premi\u00e8re r\u00e9union officielle avec le gouvernement taliban.<\/strong><\/li>\n<li><strong>Le pays reconna\u00eet les dirigeants talibans et a critiqu\u00e9 les sanctions occidentales qui entravent la reconstruction de l\u2019Afghanistan.<\/strong><\/li>\n<li><strong>Des repr\u00e9sentants de pays r\u00e9gionaux comme l\u2019Inde, l\u2019Iran, le Pakistan et les r\u00e9publiques d\u2019Asie centrale ont particip\u00e9 aux pourparlers de Moscou.<\/strong><\/li>\n<\/ul>\n<p>Les discussions sur l\u2019Afghanistan \u00e0 Moscou ont eu lieu lors de la premi\u00e8re rencontre officielle entre la Russie et le gouvernement taliban. Cet \u00e9v\u00e9nement fait suite \u00e0 la <a href=\"https:\/\/fr.businessam.be\/russie-devient-premier-pays-reconnaitre-gouvernement-taliban\/\" target=\"_blank\" rel=\"noopener\">reconnaissance des talibans<\/a> par la Russie au d\u00e9but de l\u2019ann\u00e9e et souligne l\u2019engagement international croissant avec le nouveau r\u00e9gime.<\/p>\n<p>La Russie critique les sanctions occidentales<\/p>\n<p>Le ministre russe des Affaires \u00e9trang\u00e8res, Sergue\u00ef Lavrov, a profit\u00e9 de la tribune pour critiquer les sanctions occidentales contre l\u2019Afghanistan, estimant qu\u2019elles entravent le redressement du pays apr\u00e8s la guerre. Il a appel\u00e9 \u00e0 la restitution des avoirs afghans gel\u00e9s et \u00e0 la lev\u00e9e des restrictions bancaires impos\u00e9es par les pays occidentaux.<\/p>\n<p>M. Lavrov a soulign\u00e9 les efforts d\u00e9ploy\u00e9s par les talibans pour lutter contre la branche r\u00e9gionale de l\u2019\u00c9tat islamique et le trafic de drogue, contrastant avec ce qu\u2019il consid\u00e8re comme la \u00ab\u00a0politique de confrontation\u00a0\u00bb de l\u2019Occident.  Il a mis en garde contre l\u2019\u00e9tablissement de bases militaires \u00e9trang\u00e8res en Afghanistan ou dans les pays voisins, citant les \u00e9checs historiques de telles interventions.<\/p>\n<p>Les repr\u00e9sentants r\u00e9gionaux participent<\/p>\n<p>Des repr\u00e9sentants de l\u2019Inde, de l\u2019Iran, du Pakistan et de cinq r\u00e9publiques d\u2019Asie centrale ont rejoint les responsables russes et le ministre afghan des Affaires \u00e9trang\u00e8res, Amir Khan Muttaqi, pour ces discussions. Notamment, Zamir Kabulov, l\u2019envoy\u00e9 principal de la Russie en Afghanistan, a assur\u00e9 aux journalistes que Moscou n\u2019avait pas l\u2019intention d\u2019\u00e9tablir des bases militaires dans le pays.<\/p>\n<p>Le retour au pouvoir des talibans en 2021 a marqu\u00e9 un changement important dans le paysage politique afghan, conduisant \u00e0 la mise en \u0153uvre d\u2019une interpr\u00e9tation stricte de la loi islamique. La reconnaissance par la Russie de l\u2019\u00c9mirat islamique d\u2019Afghanistan en juillet 2025 a encore renforc\u00e9 sa position sur la question, marquant une rupture avec les classifications ant\u00e9rieures des Talibans en tant qu\u2019organisation terroriste. Cette d\u00e9cision a \u00e9t\u00e9 suivie par l\u2019acceptation de l\u2019ambassadeur des Talibans \u00e0 Moscou. L\u2019ann\u00e9e derni\u00e8re, le pr\u00e9sident Vladimir Poutine a m\u00eame qualifi\u00e9 les talibans d&rsquo;\u00a0\u00bballi\u00e9s dans la lutte contre le terrorisme\u00a0\u00bb.<\/p>\n<p><a href=\"https:\/\/news.google.com\/publications\/CAowtseUCw?hl=fr&amp;gl=BE&amp;ceid=BE%3Afr\" target=\"_blank\" rel=\"noopener\">Suivez \u00e9galement Business AM sur Google Actualit\u00e9s<\/a><\/p>\n<p><a href=\"https:\/\/portalfr.businessam.be\/plans\/business-am-fr-offre-dete\/\" target=\"_blank\" rel=\"noopener\">Si vous souhaitez acc\u00e9der \u00e0 tous les articles, abonnez-vous ici!<\/a><\/p>\n","protected":false},"excerpt":{"rendered":"Principaux renseignements La Russie a organis\u00e9 sa premi\u00e8re r\u00e9union officielle avec le gouvernement taliban. Le pays reconna\u00eet les&hellip;\n","protected":false},"author":2,"featured_media":446031,"comment_status":"","ping_status":"","sticky":false,"template":"","format":"standard","meta":{"footnotes":""},"categories":[1591],"tags":[11,1887,12,1885,1886,132,597],"class_list":{"0":"post-446030","1":"post","2":"type-post","3":"status-publish","4":"format-standard","5":"has-post-thumbnail","7":"category-russie","8":"tag-actualites","9":"tag-federation-de-russie","10":"tag-news","11":"tag-russia","12":"tag-russian-federation","13":"tag-russie","14":"tag-taliban"},"share_on_mastodon":{"url":"https:\/\/pubeurope.com\/@fr\/115335266565856754","error":""},"_links":{"self":[{"href":"https:\/\/www.europesays.com\/fr\/wp-json\/wp\/v2\/posts\/446030","targetHints":{"allow":["GET"]}}],"collection":[{"href":"https:\/\/www.europesays.com\/fr\/wp-json\/wp\/v2\/posts"}],"about":[{"href":"https:\/\/www.europesays.com\/fr\/wp-json\/wp\/v2\/types\/post"}],"author":[{"embeddable":true,"href":"https:\/\/www.europesays.com\/fr\/wp-json\/wp\/v2\/users\/2"}],"replies":[{"embeddable":true,"href":"https:\/\/www.europesays.com\/fr\/wp-json\/wp\/v2\/comments?post=446030"}],"version-history":[{"count":0,"href":"https:\/\/www.europesays.com\/fr\/wp-json\/wp\/v2\/posts\/446030\/revisions"}],"wp:featuredmedia":[{"embeddable":true,"href":"https:\/\/www.europesays.com\/fr\/wp-json\/wp\/v2\/media\/446031"}],"wp:attachment":[{"href":"https:\/\/www.europesays.com\/fr\/wp-json\/wp\/v2\/media?parent=446030"}],"wp:term":[{"taxonomy":"category","embeddable":true,"href":"https:\/\/www.europesays.com\/fr\/wp-json\/wp\/v2\/categories?post=446030"},{"taxonomy":"post_tag","embeddable":true,"href":"https:\/\/www.europesays.com\/fr\/wp-json\/wp\/v2\/tags?post=446030"}],"curies":[{"name":"wp","href":"https:\/\/api.w.org\/{rel}","templated":true}]}}