{"id":446034,"date":"2025-10-07T22:35:14","date_gmt":"2025-10-07T22:35:14","guid":{"rendered":"https:\/\/www.europesays.com\/fr\/446034\/"},"modified":"2025-10-07T22:35:14","modified_gmt":"2025-10-07T22:35:14","slug":"ce-soir-a-la-tele-sexe-faible","status":"publish","type":"post","link":"https:\/\/www.europesays.com\/fr\/446034\/","title":{"rendered":"Ce soir \u00e0 la t\u00e9l\u00e9 &#8211; \u201cSexe faible"},"content":{"rendered":"<p>      <img fetchpriority=\"high\" decoding=\"async\" class=\"mx-auto\" src=\"data:image\/svg+xml,%3Csvg%20xmlns%3D%27http%3A%2F%2Fwww.w3.org%2F2000%2Fsvg%27%20fill%3D%22%23e4e4e4%22%20viewBox%3D%270%200%20510%20340%27%20width%3D%22510%22%20height%3D%22340%22%3E%3Cpath%20d%3D%27M0%200h510v340H0z%27%2F%3E%3C%2Fsvg%3E\"  loading=\"eager\" width=\"510\" height=\"340\" data-oncrawl-image-size=\"510x340\" alt=\"Devant la Cour supr\u00eame des Etats-Unis, en mai 2024\u00a0dans \u00ab\u00a0Sexe faible - L\u2019Am\u00e9rique en guerre contre ses femmes\u00a0\u00bb\"\/>      <\/p>\n<p class=\"latino-100m text-grey-600\">\n            Devant la Cour supr\u00eame des Etats-Unis, en mai 2024\u00a0dans \u00ab\u00a0Sexe faible &#8211; L\u2019Am\u00e9rique en guerre contre ses femmes\u00a0\u00bb\u00a0AASHISH KIPHAYET \/ NURPHOTO VIA AFP        <\/p>\n<p>        Lire\u00a0plus\u00a0tard      <\/p>\n<p><a aria-label=\"Nous suivre sur Google News\" href=\"https:\/\/news.google.com\/publications\/CAAqBwgKMJe4nQkw3dFs?hl=fr&amp;gl=FR&amp;ceid=FR%3Afr\" target=\"_blank\" data-piano=\"Page_Article,Sous_date_publi,Nous_suivre_sur_google_news,1er_clic,action\" class=\"btn btn--small btn--tertiary btn--icon-only\" rel=\"noopener\"><\/p>\n<p>      Google Actualit\u00e9s<br \/>\n  <\/a><\/p>\n<p>  Partager<\/p>\n<p>        Facebook<\/p>\n<p>        Bluesky<\/p>\n<p>        E-mail<\/p>\n<p>        Copier le lien<\/p>\n<p>      Envoyer<\/p>\n<p>      S\u2019abonner pour lire    <\/p>\n<p><strong>A quel moment avez-vous tourn\u00e9 votre film\u00a0?<\/strong><\/p>\n<p class=\"node__paragraphe antonia-750r text-grey-800 pb-8\">\n<strong>Brice Lambert<\/strong> Nous l\u2019avons tourn\u00e9 en plusieurs fois, de l\u2019\u00e9t\u00e9 2024 \u00e0 janvier 2025. Nous y \u00e9tions au moment de l\u2019\u00e9lection pr\u00e9sidentielle et avons suivi, en particulier, les r\u00e9sultats serr\u00e9s d\u2019un r\u00e9f\u00e9rendum sur l\u2019IVG dans le Dakota du Sud. L\u2019\u00e9quipe de campagne qui militait depuis deux ans pour l\u2019inscr\u2026<\/p>\n<p class=\"latino-100m text-blue-400\">Article r\u00e9serv\u00e9 aux abonn\u00e9s.<\/p>\n<p>          Se connecter<\/p>\n<p class=\"text-center antonia-1850c\" style=\"margin-bottom:4px;\">Envie de lire la suite ?<\/p>\n<p class=\"text-center antonia-800c pb-16\">Tous nos articles en int\u00e9gralit\u00e9 d\u00e8s\u00a01\u20ac<\/p>\n<p>        S&rsquo;abonner<\/p>\n<p class=\"text-grey-700 or\">ou<\/p>\n<p>            <img width=\"164\" height=\"20\" src=\"data:image\/svg+xml,%3Csvg%20xmlns%3D%27http%3A%2F%2Fwww.w3.org%2F2000%2Fsvg%27%20fill%3D%22%23e4e4e4%22%20viewBox%3D%270%200%20282%2054%27%20width%3D%22282%22%20height%3D%2254%22%3E%3Cpath%20d%3D%27M0%200h282v54H0z%27%2F%3E%3C%2Fsvg%3E\"  class=\"js-swg-placeholder\" alt=\"Subscribe with Google\" loading=\"lazy\" decoding=\"async\"\/><\/p>\n<p>          D\u00e9couvrir toutes nos offres<\/p>\n","protected":false},"excerpt":{"rendered":"Devant la Cour supr\u00eame des Etats-Unis, en mai 2024\u00a0dans \u00ab\u00a0Sexe faible &#8211; L\u2019Am\u00e9rique en guerre contre ses femmes\u00a0\u00bb\u00a0AASHISH&hellip;\n","protected":false},"author":2,"featured_media":446035,"comment_status":"","ping_status":"","sticky":false,"template":"","format":"standard","meta":{"footnotes":""},"categories":[1589],"tags":[17,11,4707,11929,73,1866,57202,4651,1146,12,15436,3467,5726,11928,1864,1865,1863,308],"class_list":{"0":"post-446034","1":"post","2":"type-post","3":"status-publish","4":"format-standard","5":"has-post-thumbnail","7":"category-etats-unis","8":"tag-17","9":"tag-actualites","10":"tag-amerique","11":"tag-documentaires","12":"tag-etats-unis","13":"tag-etats-unis-damerique","14":"tag-faible","15":"tag-femmes","16":"tag-guerre","17":"tag-news","18":"tag-sexe","19":"tag-soir","20":"tag-tele","21":"tag-teleobs","22":"tag-united-states","23":"tag-united-states-of-america","24":"tag-us","25":"tag-usa"},"share_on_mastodon":{"url":"https:\/\/pubeurope.com\/@fr\/115335274477801730","error":""},"_links":{"self":[{"href":"https:\/\/www.europesays.com\/fr\/wp-json\/wp\/v2\/posts\/446034","targetHints":{"allow":["GET"]}}],"collection":[{"href":"https:\/\/www.europesays.com\/fr\/wp-json\/wp\/v2\/posts"}],"about":[{"href":"https:\/\/www.europesays.com\/fr\/wp-json\/wp\/v2\/types\/post"}],"author":[{"embeddable":true,"href":"https:\/\/www.europesays.com\/fr\/wp-json\/wp\/v2\/users\/2"}],"replies":[{"embeddable":true,"href":"https:\/\/www.europesays.com\/fr\/wp-json\/wp\/v2\/comments?post=446034"}],"version-history":[{"count":0,"href":"https:\/\/www.europesays.com\/fr\/wp-json\/wp\/v2\/posts\/446034\/revisions"}],"wp:featuredmedia":[{"embeddable":true,"href":"https:\/\/www.europesays.com\/fr\/wp-json\/wp\/v2\/media\/446035"}],"wp:attachment":[{"href":"https:\/\/www.europesays.com\/fr\/wp-json\/wp\/v2\/media?parent=446034"}],"wp:term":[{"taxonomy":"category","embeddable":true,"href":"https:\/\/www.europesays.com\/fr\/wp-json\/wp\/v2\/categories?post=446034"},{"taxonomy":"post_tag","embeddable":true,"href":"https:\/\/www.europesays.com\/fr\/wp-json\/wp\/v2\/tags?post=446034"}],"curies":[{"name":"wp","href":"https:\/\/api.w.org\/{rel}","templated":true}]}}