{"id":44605,"date":"2025-04-22T18:28:15","date_gmt":"2025-04-22T18:28:15","guid":{"rendered":"https:\/\/www.europesays.com\/fr\/44605\/"},"modified":"2025-04-22T18:28:15","modified_gmt":"2025-04-22T18:28:15","slug":"depuis-32-ans-laurent-innove-avec-ses-boutiques-100-strasbourgeoises","status":"publish","type":"post","link":"https:\/\/www.europesays.com\/fr\/44605\/","title":{"rendered":"depuis 32 ans, Laurent innove avec ses boutiques 100% strasbourgeoises"},"content":{"rendered":"<p><strong>\u00c0 Strasbourg, en 2025, quelques commerces ind\u00e9pendants exclusivement d\u00e9di\u00e9s au pr\u00eat-\u00e0-porter et \u00e0 la chaussure subsistent encore. Face aux ogres de l\u2019ultra-fast fashion, ils sont nos irr\u00e9ductibles Gaulois. On a rencontr\u00e9 Laurent Zentz, le patron embl\u00e9matique des boutiques Goodvibes et Elan, pour qu\u2019il nous parle de mode, de tendances et d\u2019adaptation aux changements dans un secteur ultra-concurrentiel.<\/strong><\/p>\n<p>Depuis quelques ann\u00e9es,<strong> le pr\u00eat-\u00e0-porter strasbourgeois n\u2019est pas \u00e0 son top niveau<\/strong>, et c\u2019est un euph\u00e9misme. <strong>Le Printemps a ferm\u00e9 depuis belle lurette<\/strong>, la Galerie Austerlitz n\u2019est plus qu\u2019un lointain souvenir, et m\u00eame <strong>les enseignes de milieu et haut de gamme<\/strong>, install\u00e9es depuis longtemps \u00e0 Strasbourg, <strong>ferment progressivement leurs portes.<\/strong><\/p>\n<p>Au milieu de tout \u00e7a, alors que certaines marques internationales sortent <strong>des dizaines de collections chaque ann\u00e9e, vendues \u00e0 prix cass\u00e9s<\/strong>, quelques boutiques strasbourgeoises ind\u00e9pendantes, comme Elan et Goodvibes,<strong> continuent de tirer leur \u00e9pingle du jeu.<\/strong><\/p>\n<p>                <img width=\"375\" height=\"500\" src=\"https:\/\/www.europesays.com\/fr\/wp-content\/uploads\/2025\/04\/boutiques-chausures-vetements-elan-chaussures-good-vibes-homme-et-femmeimg-1048-375x500.jpeg\" class=\"attachment-gallery size-gallery\" alt=\"Boutiques chausures v\u00eatements elan chaussures Good vibes homme et femmeIMG_1048\" data-full-url=\"https:\/\/pokaa.fr\/wp-content\/uploads\/2025\/04\/22\/boutiques-chausures-vetements-elan-chaussures-good-vibes-homme-et-femmeimg-1048.jpeg\" decoding=\"async\" loading=\"lazy\"  \/>            <\/p>\n<p>                <img width=\"375\" height=\"500\" src=\"https:\/\/www.europesays.com\/fr\/wp-content\/uploads\/2025\/04\/boutiques-chausures-vetements-elan-chaussures-good-vibes-homme-et-femmeimg-1087-375x500.jpeg\" class=\"attachment-gallery size-gallery\" alt=\"Boutiques chausures v\u00eatements elan chaussures Good vibes homme et femmeIMG_1087\" data-full-url=\"https:\/\/pokaa.fr\/wp-content\/uploads\/2025\/04\/22\/boutiques-chausures-vetements-elan-chaussures-good-vibes-homme-et-femmeimg-1087.jpeg\" decoding=\"async\" loading=\"lazy\"  \/>            <\/p>\n<p>                <img width=\"375\" height=\"500\" src=\"https:\/\/www.europesays.com\/fr\/wp-content\/uploads\/2025\/04\/boutiques-chausures-vetements-elan-chaussures-good-vibes-homme-et-femmeimg-0982-375x500.jpeg\" class=\"attachment-gallery size-gallery\" alt=\"Boutiques chausures v\u00eatements elan chaussures Good vibes homme et femmeIMG_0982\" data-full-url=\"https:\/\/pokaa.fr\/wp-content\/uploads\/2025\/04\/22\/boutiques-chausures-vetements-elan-chaussures-good-vibes-homme-et-femmeimg-0982.jpeg\" decoding=\"async\" loading=\"lazy\"  \/>            <\/p>\n<p>                <img width=\"667\" height=\"500\" src=\"https:\/\/www.europesays.com\/fr\/wp-content\/uploads\/2025\/04\/boutiques-chausures-vetements-elan-chaussures-good-vibes-homme-et-femmeimg-0970-2-667x500.jpeg\" class=\"attachment-gallery size-gallery\" alt=\"Boutiques chausures v\u00eatements elan chaussures Good vibes homme et femmeIMG_0970 2\" data-full-url=\"https:\/\/pokaa.fr\/wp-content\/uploads\/2025\/04\/22\/boutiques-chausures-vetements-elan-chaussures-good-vibes-homme-et-femmeimg-0970-2.jpeg\" decoding=\"async\" loading=\"lazy\"  \/>            <\/p>\n<p>                    \u00a9 Bastien Pietronave \/ Pokaa<\/p>\n<p>Mais alors, <strong>comment font-elles pour continuer d\u2019exister ? <\/strong>On a pos\u00e9 la question \u00e0 Laurent Zentz, l<strong>\u2019un des visages du monde de la sape \u00e0 Strasbourg<\/strong>, pour qu\u2019il nous parle <strong>de ses boutiques, de sa passion et de cr\u00e9ation.<\/strong><\/p>\n<p>On \u00e9voquera aussi ses astuces pour continuer \u00e0 habiller les Alsacien(ne)s <strong>avec des fringues originales, de qualit\u00e9, <\/strong>mais surtout <strong>que l\u2019on ne retrouve nulle part ailleurs \u00e0 Strasbourg.<\/strong><\/p>\n<p>                <img width=\"375\" height=\"500\" src=\"https:\/\/www.europesays.com\/fr\/wp-content\/uploads\/2025\/04\/boutiques-chausures-vetements-elan-chaussures-good-vibes-homme-et-femmeimg-1128-375x500.jpeg\" class=\"attachment-gallery size-gallery\" alt=\"Boutiques chausures v\u00eatements elan chaussures Good vibes homme et femmeIMG_1128\" data-full-url=\"https:\/\/pokaa.fr\/wp-content\/uploads\/2025\/04\/22\/boutiques-chausures-vetements-elan-chaussures-good-vibes-homme-et-femmeimg-1128.jpeg\" decoding=\"async\" loading=\"lazy\"  \/>            <\/p>\n<p>                <img width=\"375\" height=\"500\" src=\"https:\/\/www.europesays.com\/fr\/wp-content\/uploads\/2025\/04\/boutiques-chausures-vetements-elan-chaussures-good-vibes-homme-et-femmeimg-1009-2-375x500.jpeg\" class=\"attachment-gallery size-gallery\" alt=\"Boutiques chausures v\u00eatements elan chaussures Good vibes homme et femmeIMG_1009 2\" data-full-url=\"https:\/\/pokaa.fr\/wp-content\/uploads\/2025\/04\/22\/boutiques-chausures-vetements-elan-chaussures-good-vibes-homme-et-femmeimg-1009-2.jpeg\" decoding=\"async\" loading=\"lazy\"  \/>            <\/p>\n<p>                <img width=\"375\" height=\"500\" src=\"https:\/\/www.europesays.com\/fr\/wp-content\/uploads\/2025\/04\/boutiques-chausures-vetements-elan-chaussures-good-vibes-homme-et-femmeimg-1084-375x500.jpeg\" class=\"attachment-gallery size-gallery\" alt=\"Boutiques chausures v\u00eatements elan chaussures Good vibes homme et femmeIMG_1084\" data-full-url=\"https:\/\/pokaa.fr\/wp-content\/uploads\/2025\/04\/22\/boutiques-chausures-vetements-elan-chaussures-good-vibes-homme-et-femmeimg-1084.jpeg\" decoding=\"async\" loading=\"lazy\"  \/>            <\/p>\n<p>                <img width=\"667\" height=\"500\" src=\"https:\/\/www.europesays.com\/fr\/wp-content\/uploads\/2025\/04\/boutiques-chausures-vetements-elan-chaussures-good-vibes-homme-et-femmeimg-0995-667x500.jpeg\" class=\"attachment-gallery size-gallery\" alt=\"Boutiques chausures v\u00eatements elan chaussures Good vibes homme et femmeIMG_0995\" data-full-url=\"https:\/\/pokaa.fr\/wp-content\/uploads\/2025\/04\/22\/boutiques-chausures-vetements-elan-chaussures-good-vibes-homme-et-femmeimg-0995.jpeg\" decoding=\"async\" loading=\"lazy\"  \/>            <\/p>\n<p>                    \u00a9 Bastien Pietronave \/ Pokaa<\/p>\n<p>Colorbox (Goodvibes) : un pr\u00e9curseur dans le pr\u00eat-\u00e0-porter strasbourgeois  <\/p>\n<p>En 1993, <strong>la boutique Colorbox<\/strong> (devenue Goodvibes) <strong>s\u2019implantait au beau milieu de la Grand\u2019Rue. <\/strong>\u00c0 cette \u00e9poque, dans cette art\u00e8re, la bagnole vivait son \u00e2ge d\u2019or, m\u00eame au c\u0153ur de la ville.<\/p>\n<p>Dans cette ambiance qui annon\u00e7ait d\u00e9j\u00e0 le chamboulement du passage \u00e0 l\u2019an 2000, <strong>deux jeunes hommes observaient avec attention l\u2019\u00e9mergence de certaines tendances<\/strong>, non pas \u00e0 Strasbourg, ni en France, mais de l\u2019autre c\u00f4t\u00e9 de la Manche.<\/p>\n<p>    <img width=\"800\" height=\"452\" src=\"https:\/\/www.europesays.com\/fr\/wp-content\/uploads\/2025\/04\/20250410-162216-800x452.jpg\" class=\"attachment-image-size-L size-image-size-L\" alt=\"Good vibes elan Vetements\" decoding=\"async\" loading=\"lazy\"  \/>         \u00a9 Goodvibes \/ Document remis <\/p>\n<p>Ces jeunes hommes, c\u2019\u00e9taient Laurent Zentz et Mathieu Roth, <strong>deux potes qui lan\u00e7aient leur marque et comptaient bien s\u2019installer durablement<\/strong> dans le monde de la sape strasbourgeoise.<\/p>\n<p>\u00ab Quand on s\u2019est install\u00e9s, <strong>on vivait en direct l\u2019\u00e9mergence du hip-hop et de la techno,<\/strong> et \u00e7a a \u00e9t\u00e9 une d\u00e9ferlante. Avant \u00e7a, dans le monde du streetwear, <strong>les v\u00eatements \u00e9taient tr\u00e8s standardis\u00e9s et pas tr\u00e8s funky,<\/strong> mais ces deux mouvements ont tout chamboul\u00e9. En fait, <strong>les jeunes se sont appropri\u00e9s leurs v\u00eatements<\/strong>, comme les punks \u00e0 l\u2019\u00e9poque, <strong>mais avec leurs propres codes. <\/strong>Quand on a compris \u00e7a, on a commenc\u00e9<strong> \u00e0 faire des allers-retours entre Strasbourg et Londres pour d\u00e9nicher des pi\u00e8ces<\/strong> qui n\u2019existaient nulle part ailleurs en France. C\u2019\u00e9tait<strong> l\u2019\u00e9poque des baggys et des marques \u00e9mergentes ind\u00e9pendantes<\/strong>, il y avait un vrai enthousiasme cr\u00e9atif qui se dessinait, c\u2019\u00e9tait de la folie \u00bb, nous raconte Laurent, avec un brin de nostalgie.<\/p>\n<p>                <img width=\"343\" height=\"500\" src=\"https:\/\/www.europesays.com\/fr\/wp-content\/uploads\/2025\/04\/capture-decran-2025-04-22-a-163155-343x500.png\" class=\"attachment-gallery size-gallery\" alt=\"Good vibes elan Vetements\" data-full-url=\"https:\/\/pokaa.fr\/wp-content\/uploads\/2025\/04\/22\/capture-decran-2025-04-22-a-163155.png\" decoding=\"async\" loading=\"lazy\"  \/>            <\/p>\n<p>                <img width=\"755\" height=\"500\" src=\"https:\/\/www.europesays.com\/fr\/wp-content\/uploads\/2025\/04\/20250410-162018-755x500.jpg\" class=\"attachment-gallery size-gallery\" alt=\"Good vibes elan Vetements\" data-full-url=\"https:\/\/pokaa.fr\/wp-content\/uploads\/2025\/04\/22\/20250410-162018-1500x994.jpg\" decoding=\"async\" loading=\"lazy\"  \/>            <\/p>\n<p>                <img width=\"875\" height=\"500\" src=\"https:\/\/www.europesays.com\/fr\/wp-content\/uploads\/2025\/04\/20250410-162006-875x500.jpg\" class=\"attachment-gallery size-gallery\" alt=\"Good vibes elan Vetements\" data-full-url=\"https:\/\/pokaa.fr\/wp-content\/uploads\/2025\/04\/22\/20250410-162006.jpg\" decoding=\"async\" loading=\"lazy\"  \/>            <\/p>\n<p>                <img width=\"763\" height=\"500\" src=\"https:\/\/www.europesays.com\/fr\/wp-content\/uploads\/2025\/04\/20250410-161951-763x500.jpg\" class=\"attachment-gallery size-gallery\" alt=\"Good vibes elan Vetements\" data-full-url=\"https:\/\/pokaa.fr\/wp-content\/uploads\/2025\/04\/22\/20250410-161951-1500x983.jpg\" decoding=\"async\" loading=\"lazy\"  \/>            <\/p>\n<p>                    \u00a9 Goodvibes \/ Documents remis<\/p>\n<p>Alors que les courants musicaux et la culture skate <strong>imposaient de plus en plus leurs codes vestimentaires dans le monde de la mode<\/strong>, la boutique Colorbox s\u2019est d\u00e9velopp\u00e9e, et <strong>des collections enti\u00e8res sont m\u00eame sorties des ateliers de la marque strasbourgeoise. <\/strong>Laurent poursuit, non sans une dose d\u2019autod\u00e9rision :<\/p>\n<p>\u00ab\u00a0\u00c0 l\u2019\u00e9poque, les marques \u00e9taient cr\u00e9\u00e9es par deux-trois personnes <strong>qui imaginaient des fringues dans leur garage,<\/strong> alors on a commenc\u00e9 \u00e0 cr\u00e9er nos propres collections. <strong>On dessinait des fringues<\/strong>, on s\u2019inspirait de ce qui se faisait aux US, <strong>et on achetait du tissu de qualit\u00e9 chez Velcorex pour les r\u00e9aliser.<\/strong> On faisait tout nous-m\u00eame. On ajoutait pas simplement un logo sur un t-shirt, on mettait de la couleur, on ajoutait des imprim\u00e9s, <strong>on essayait d\u2019inventer quelque chose.<\/strong> \u00bb<\/p>\n<p>    <img width=\"387\" height=\"600\" src=\"https:\/\/www.europesays.com\/fr\/wp-content\/uploads\/2025\/04\/boutiques-chausures-vetements-elan-chaussures-good-vibes-homme-et-femmeimg-0950-387x600.jpeg\" class=\"attachment-image-size-M size-image-size-M\" alt=\"Boutiques chausures v\u00eatements elan chaussures Good vibes homme et femmeIMG_0950\" decoding=\"async\" loading=\"lazy\"  \/>         \u00a9 Bastien Pietronave \/ Pokaa <\/p>\n<p>\u00ab Au d\u00e9but, la boutique Goodvibes \u00e9tait sp\u00e9cialis\u00e9e dans la mode homme, <strong>mais les femmes ont commenc\u00e9 \u00e0 s\u2019int\u00e9resser \u00e0 certains mod\u00e8les pr\u00e9sents en boutique.<\/strong> Alors, un vrai tournant s\u2019est op\u00e9r\u00e9, il a donc fallu s\u2019adapter, innover, et <strong>r\u00e9inventer \u00e0 la fois nos lignes de v\u00eatements et notre boutique. \u00bb<\/strong><\/p>\n<p>\u00ab <strong>Plus cr\u00e9ative, plus color\u00e9e et plus os\u00e9e<\/strong> \u00bb selon Laurent, <strong>la mode femme a petit \u00e0 petit supplant\u00e9 celle qui \u00e9tait d\u00e9di\u00e9e aux hommes<\/strong>, et une boutique femme a alors ouvert ses portes juste en face de la premi\u00e8re adresse.<\/p>\n<p>\u00ab Il faut aussi dire que les femmes osent plus et sont<strong> plus cr\u00e9atives lorsqu\u2019il s\u2019agit de s\u2019habiller<\/strong>. C\u2019est aussi pour \u00e7a qu\u2019il existe une boutique femme Goodvibes, <strong>avec des pi\u00e8ces color\u00e9es qui rafra\u00eechissent un peu les garde-robes<\/strong>. En fait, m\u00eame si on s\u2019est forc\u00e9ment inspir\u00e9 des grandes tendances, <strong>on a toujours voulu se d\u00e9marquer et proposer autre chose<\/strong>, sinon on s\u2019emmerde et nos clients aussi. \u00bb<\/p>\n<p>                <img width=\"375\" height=\"500\" src=\"https:\/\/www.europesays.com\/fr\/wp-content\/uploads\/2025\/04\/boutiques-chausures-vetements-elan-chaussures-good-vibes-homme-et-femmeimg-0953-375x500.jpeg\" class=\"attachment-gallery size-gallery\" alt=\"Boutiques chausures v\u00eatements elan chaussures Good vibes homme et femmeIMG_0953\" data-full-url=\"https:\/\/pokaa.fr\/wp-content\/uploads\/2025\/04\/22\/boutiques-chausures-vetements-elan-chaussures-good-vibes-homme-et-femmeimg-0953.jpeg\" decoding=\"async\" loading=\"lazy\"  \/>            <\/p>\n<p>                <img width=\"375\" height=\"500\" src=\"https:\/\/www.europesays.com\/fr\/wp-content\/uploads\/2025\/04\/boutiques-chausures-vetements-elan-chaussures-good-vibes-homme-et-femmeimg-0993-375x500.jpeg\" class=\"attachment-gallery size-gallery\" alt=\"Boutiques chausures v\u00eatements elan chaussures Good vibes homme et femmeIMG_0993\" data-full-url=\"https:\/\/pokaa.fr\/wp-content\/uploads\/2025\/04\/22\/boutiques-chausures-vetements-elan-chaussures-good-vibes-homme-et-femmeimg-0993.jpeg\" decoding=\"async\" loading=\"lazy\"  \/>            <\/p>\n<p>                <img width=\"375\" height=\"500\" src=\"https:\/\/www.europesays.com\/fr\/wp-content\/uploads\/2025\/04\/boutiques-chausures-vetements-elan-chaussures-good-vibes-homme-et-femmeimg-1142-375x500.jpeg\" class=\"attachment-gallery size-gallery\" alt=\"Boutiques chausures v\u00eatements elan chaussures Good vibes homme et femmeIMG_1142\" data-full-url=\"https:\/\/pokaa.fr\/wp-content\/uploads\/2025\/04\/22\/boutiques-chausures-vetements-elan-chaussures-good-vibes-homme-et-femmeimg-1142.jpeg\" decoding=\"async\" loading=\"lazy\"  \/>            <\/p>\n<p>                <img width=\"667\" height=\"500\" src=\"https:\/\/www.europesays.com\/fr\/wp-content\/uploads\/2025\/04\/boutiques-chausures-vetements-elan-chaussures-good-vibes-homme-et-femmeimg-1105-667x500.jpeg\" class=\"attachment-gallery size-gallery\" alt=\"Boutiques chausures v\u00eatements elan chaussures Good vibes homme et femmeIMG_1105\" data-full-url=\"https:\/\/pokaa.fr\/wp-content\/uploads\/2025\/04\/22\/boutiques-chausures-vetements-elan-chaussures-good-vibes-homme-et-femmeimg-1105.jpeg\" decoding=\"async\" loading=\"lazy\"  \/>            <\/p>\n<p>                    \u00a9 Bastien Pietronave \/ Pokaa<\/p>\n<p>Elan, Goodvibes, des enseignes qui continuent d\u2019innover <\/p>\n<p>Apr\u00e8s avoir d\u00e9velopp\u00e9 la marque Goodvibes,<strong> Laurent s\u2019est lanc\u00e9 dans l\u2019univers de la chaussure.<\/strong> En 2015,<strong> il a alors repris la boutique Elan situ\u00e9e rue Thomann<\/strong>, entre les Halles et la place de l\u2019Homme-de-Fer.<\/p>\n<p>Enseigne historique pr\u00e9sente depuis plus de 30 ans,<strong> il a souhait\u00e9 donner un nouveau souffle \u00e0 cette discr\u00e8te boutique hors des sentiers connus<\/strong> des Strasbourgeois(es).<\/p>\n<p>                <img width=\"375\" height=\"500\" src=\"https:\/\/www.europesays.com\/fr\/wp-content\/uploads\/2025\/04\/boutiques-chausures-vetements-elan-chaussures-good-vibes-homme-et-femmeimg-0981-375x500.jpeg\" class=\"attachment-gallery size-gallery\" alt=\"Boutiques chausures v\u00eatements elan chaussures Good vibes homme et femmeIMG_0981\" data-full-url=\"https:\/\/pokaa.fr\/wp-content\/uploads\/2025\/04\/22\/boutiques-chausures-vetements-elan-chaussures-good-vibes-homme-et-femmeimg-0981.jpeg\" decoding=\"async\" loading=\"lazy\"  \/>            <\/p>\n<p>                <img width=\"375\" height=\"500\" src=\"https:\/\/www.europesays.com\/fr\/wp-content\/uploads\/2025\/04\/boutiques-chausures-vetements-elan-chaussures-good-vibes-homme-et-femmeimg-1007-2-375x500.jpeg\" class=\"attachment-gallery size-gallery\" alt=\"Boutiques chausures v\u00eatements elan chaussures Good vibes homme et femmeIMG_1007 2\" data-full-url=\"https:\/\/pokaa.fr\/wp-content\/uploads\/2025\/04\/22\/boutiques-chausures-vetements-elan-chaussures-good-vibes-homme-et-femmeimg-1007-2.jpeg\" decoding=\"async\" loading=\"lazy\"  \/>            <\/p>\n<p>                <img width=\"375\" height=\"500\" src=\"https:\/\/www.europesays.com\/fr\/wp-content\/uploads\/2025\/04\/boutiques-chausures-vetements-elan-chaussures-good-vibes-homme-et-femmeimg-0955-2-375x500.jpeg\" class=\"attachment-gallery size-gallery\" alt=\"Boutiques chausures v\u00eatements elan chaussures Good vibes homme et femmeIMG_0955 2\" data-full-url=\"https:\/\/pokaa.fr\/wp-content\/uploads\/2025\/04\/22\/boutiques-chausures-vetements-elan-chaussures-good-vibes-homme-et-femmeimg-0955-2.jpeg\" decoding=\"async\" loading=\"lazy\"  \/>            <\/p>\n<p>                <img width=\"375\" height=\"500\" src=\"https:\/\/www.europesays.com\/fr\/wp-content\/uploads\/2025\/04\/boutiques-chausures-vetements-elan-chaussures-good-vibes-homme-et-femmeimg-1010-2-375x500.jpeg\" class=\"attachment-gallery size-gallery\" alt=\"Boutiques chausures v\u00eatements elan chaussures Good vibes homme et femmeIMG_1010 2\" data-full-url=\"https:\/\/pokaa.fr\/wp-content\/uploads\/2025\/04\/22\/boutiques-chausures-vetements-elan-chaussures-good-vibes-homme-et-femmeimg-1010-2.jpeg\" decoding=\"async\" loading=\"lazy\"  \/>            <\/p>\n<p>                <img width=\"667\" height=\"500\" src=\"https:\/\/www.europesays.com\/fr\/wp-content\/uploads\/2025\/04\/boutiques-chausures-vetements-elan-chaussures-good-vibes-homme-et-femmeimg-1033-667x500.jpeg\" class=\"attachment-gallery size-gallery\" alt=\"Boutiques chausures v\u00eatements elan chaussures Good vibes homme et femmeIMG_1033\" data-full-url=\"https:\/\/pokaa.fr\/wp-content\/uploads\/2025\/04\/22\/boutiques-chausures-vetements-elan-chaussures-good-vibes-homme-et-femmeimg-1033.jpeg\" decoding=\"async\" loading=\"lazy\"  \/>            <\/p>\n<p>                    \u00a9 Bastien Pietronave \/ Pokaa<\/p>\n<p><strong>Lui et ses collaboratrices<\/strong> (notamment C\u00e9line Graziella) y ont apport\u00e9<strong> de la couleur, une petite touche de folie<\/strong>, et surtout : il et elles ont <strong>d\u00e9nich\u00e9 des marques et des cr\u00e9ateurs\/rices peu connu(e)s<\/strong> qui proposent des chaussures \u00e0 la fois originales et de qualit\u00e9.<\/p>\n<p>\u00ab Nos forces chez Elan, c\u2019est <strong>de proposer des chaussures et des baskets que tu n\u2019a jamais vues ailleurs,<\/strong> m\u00eame pas sur Internet. Elles sont non seulement <strong>de tr\u00e8s belle qualit\u00e9 et r\u00e9sistantes<\/strong>, mais elles <strong>sortent aussi des standards<\/strong>, c\u2019est tr\u00e8s important pour nous, <strong>et c\u2019est pour ces raisons-l\u00e0 que les gens viennent chez nous. En fait, <\/strong>on a une client\u00e8le de curieux. On sait que la majorit\u00e9 des clients viennent chez nous pour \u00e7a, <strong>pour l\u2019originalit\u00e9 des produits, leur rapport qualit\u00e9-prix<\/strong>, et <strong>les conseils personnalis\u00e9s que l\u2019on donne<\/strong>. Que ce soit dans nos boutiques ou sur les fringues, <strong>on aime mettre de la joie et de la couleur partout<\/strong>, et on en a bien besoin en ce moment. Et puis, on a quand m\u00eame de tr\u00e8s belles boutiques, non ?\u00a0\u00bb<\/p>\n<p>            Goodvibes \/ Elan Chaussures<\/p>\n<p>            Quoi ?<br \/>\n            Boutiques de v\u00eatements \/ chaussures         <\/p>\n<p>            o\u00f9 ?<br \/>\n            Goodvibes femme, 66 Grand&rsquo;Rue \u00e0 Strasbourg + 5 rue des Marchands \u00e0 Colmar&#13;<br \/>\nGoobvibes homme, 57 Grand&rsquo;Rue \u00e0 Strasbourg&#13;<br \/>\nElan Chaussures, 2 rue Thomann \u00e0 Strasbourg        <\/p>\n<p>                Plus d&rsquo;infos ?<\/p>\n<p><strong><a href=\"https:\/\/www.google.com\/url?sa=t&amp;source=web&amp;rct=j&amp;opi=89978449&amp;url=https:\/\/www.goodvibes.fr\/&amp;ved=2ahUKEwiWqIq_3uuMAxVHTaQEHZuHAAYQFnoECDIQAQ&amp;usg=AOvVaw0y2d9MuEz77soH07PjYga8\" target=\"_blank\" rel=\"noopener\">Le site web des boutiques Goodvibes \u00e0 Strasbourg<\/a><br \/><\/strong><strong><a href=\"https:\/\/www.google.com\/url?sa=t&amp;source=web&amp;rct=j&amp;opi=89978449&amp;url=https:\/\/www.goodvibes.fr\/colmar\/&amp;ved=2ahUKEwiQi_nS3uuMAxU7fKQEHcl2JlMQFnoECEUQAQ&amp;usg=AOvVaw2SdJKqO_I7dcnhSPZVQ7lY\" target=\"_blank\" rel=\"noopener\">Le site web de la boutique Goodvibes \u00e0 Colmar<\/a><br \/><\/strong><strong><a href=\"https:\/\/www.elan-chaussures.fr\/\" target=\"_blank\" rel=\"noopener\">Le site web de Elan<\/a><br \/><\/strong><\/p>\n<p>                <img width=\"375\" height=\"500\" src=\"https:\/\/www.europesays.com\/fr\/wp-content\/uploads\/2025\/04\/boutiques-chausures-vetements-elan-chaussures-good-vibes-homme-et-femmeimg-1131-375x500.jpeg\" class=\"attachment-gallery size-gallery\" alt=\"Boutiques chausures v\u00eatements elan chaussures Good vibes homme et femmeIMG_1131\" data-full-url=\"https:\/\/pokaa.fr\/wp-content\/uploads\/2025\/04\/22\/boutiques-chausures-vetements-elan-chaussures-good-vibes-homme-et-femmeimg-1131.jpeg\" decoding=\"async\" loading=\"lazy\"  \/>            <\/p>\n<p>                <img width=\"375\" height=\"500\" src=\"https:\/\/www.europesays.com\/fr\/wp-content\/uploads\/2025\/04\/boutiques-chausures-vetements-elan-chaussures-good-vibes-homme-et-femmeimg-1133-375x500.jpeg\" class=\"attachment-gallery size-gallery\" alt=\"Boutiques chausures v\u00eatements elan chaussures Good vibes homme et femmeIMG_1133\" data-full-url=\"https:\/\/pokaa.fr\/wp-content\/uploads\/2025\/04\/22\/boutiques-chausures-vetements-elan-chaussures-good-vibes-homme-et-femmeimg-1133.jpeg\" decoding=\"async\" loading=\"lazy\"  \/>            <\/p>\n<p>                <img width=\"375\" height=\"500\" src=\"https:\/\/www.europesays.com\/fr\/wp-content\/uploads\/2025\/04\/boutiques-chausures-vetements-elan-chaussures-good-vibes-homme-et-femmeimg-1114-375x500.jpeg\" class=\"attachment-gallery size-gallery\" alt=\"Boutiques chausures v\u00eatements elan chaussures Good vibes homme et femmeIMG_1114\" data-full-url=\"https:\/\/pokaa.fr\/wp-content\/uploads\/2025\/04\/22\/boutiques-chausures-vetements-elan-chaussures-good-vibes-homme-et-femmeimg-1114.jpeg\" decoding=\"async\" loading=\"lazy\"  \/>            <\/p>\n<p>                <img width=\"667\" height=\"500\" src=\"https:\/\/www.europesays.com\/fr\/wp-content\/uploads\/2025\/04\/boutiques-chausures-vetements-elan-chaussures-good-vibes-homme-et-femmeimg-1112-667x500.jpeg\" class=\"attachment-gallery size-gallery\" alt=\"Boutiques chausures v\u00eatements elan chaussures Good vibes homme et femmeIMG_1112\" data-full-url=\"https:\/\/pokaa.fr\/wp-content\/uploads\/2025\/04\/22\/boutiques-chausures-vetements-elan-chaussures-good-vibes-homme-et-femmeimg-1112.jpeg\" decoding=\"async\" loading=\"lazy\"  \/>            <\/p>\n<p>                <img width=\"667\" height=\"500\" src=\"https:\/\/www.europesays.com\/fr\/wp-content\/uploads\/2025\/04\/boutiques-chausures-vetements-elan-chaussures-good-vibes-homme-et-femmeimg-1120-667x500.jpeg\" class=\"attachment-gallery size-gallery\" alt=\"Boutiques chausures v\u00eatements elan chaussures Good vibes homme et femmeIMG_1120\" data-full-url=\"https:\/\/pokaa.fr\/wp-content\/uploads\/2025\/04\/22\/boutiques-chausures-vetements-elan-chaussures-good-vibes-homme-et-femmeimg-1120.jpeg\" decoding=\"async\" loading=\"lazy\"  \/>            <\/p>\n<p>                <img width=\"667\" height=\"500\" src=\"https:\/\/www.europesays.com\/fr\/wp-content\/uploads\/2025\/04\/boutiques-chausures-vetements-elan-chaussures-good-vibes-homme-et-femmeimg-1123-667x500.jpeg\" class=\"attachment-gallery size-gallery\" alt=\"Boutiques chausures v\u00eatements elan chaussures Good vibes homme et femmeIMG_1123\" data-full-url=\"https:\/\/pokaa.fr\/wp-content\/uploads\/2025\/04\/22\/boutiques-chausures-vetements-elan-chaussures-good-vibes-homme-et-femmeimg-1123.jpeg\" decoding=\"async\" loading=\"lazy\"  \/>            <\/p>\n<p>                    La boutique Goodvibes d\u00e9di\u00e9e aux femmes. \u00a9 Bastien Pietronave \/ Pokaa<\/p>\n<p>                <img width=\"375\" height=\"500\" src=\"https:\/\/www.europesays.com\/fr\/wp-content\/uploads\/2025\/04\/boutiques-chausures-vetements-elan-chaussures-good-vibes-homme-et-femmeimg-1076-375x500.jpeg\" class=\"attachment-gallery size-gallery\" alt=\"Boutiques chausures v\u00eatements elan chaussures Good vibes homme et femmeIMG_1076\" data-full-url=\"https:\/\/pokaa.fr\/wp-content\/uploads\/2025\/04\/22\/boutiques-chausures-vetements-elan-chaussures-good-vibes-homme-et-femmeimg-1076.jpeg\" decoding=\"async\" loading=\"lazy\"  \/>            <\/p>\n<p>                <img width=\"667\" height=\"500\" src=\"https:\/\/www.europesays.com\/fr\/wp-content\/uploads\/2025\/04\/boutiques-chausures-vetements-elan-chaussures-good-vibes-homme-et-femmeimg-1086-667x500.jpeg\" class=\"attachment-gallery size-gallery\" alt=\"Boutiques chausures v\u00eatements elan chaussures Good vibes homme et femmeIMG_1086\" data-full-url=\"https:\/\/pokaa.fr\/wp-content\/uploads\/2025\/04\/22\/boutiques-chausures-vetements-elan-chaussures-good-vibes-homme-et-femmeimg-1086.jpeg\" decoding=\"async\" loading=\"lazy\"  \/>            <\/p>\n<p>                <img width=\"375\" height=\"500\" src=\"https:\/\/www.europesays.com\/fr\/wp-content\/uploads\/2025\/04\/boutiques-chausures-vetements-elan-chaussures-good-vibes-homme-et-femmeimg-1077-375x500.jpeg\" class=\"attachment-gallery size-gallery\" alt=\"Boutiques chausures v\u00eatements elan chaussures Good vibes homme et femmeIMG_1077\" data-full-url=\"https:\/\/pokaa.fr\/wp-content\/uploads\/2025\/04\/22\/boutiques-chausures-vetements-elan-chaussures-good-vibes-homme-et-femmeimg-1077.jpeg\" decoding=\"async\" loading=\"lazy\"  \/>            <\/p>\n<p>                <img width=\"375\" height=\"500\" src=\"https:\/\/www.europesays.com\/fr\/wp-content\/uploads\/2025\/04\/boutiques-chausures-vetements-elan-chaussures-good-vibes-homme-et-femmeimg-1080-375x500.jpeg\" class=\"attachment-gallery size-gallery\" alt=\"Boutiques chausures v\u00eatements elan chaussures Good vibes homme et femmeIMG_1080\" data-full-url=\"https:\/\/pokaa.fr\/wp-content\/uploads\/2025\/04\/22\/boutiques-chausures-vetements-elan-chaussures-good-vibes-homme-et-femmeimg-1080.jpeg\" decoding=\"async\" loading=\"lazy\"  \/>            <\/p>\n<p>                <img width=\"375\" height=\"500\" src=\"https:\/\/www.europesays.com\/fr\/wp-content\/uploads\/2025\/04\/boutiques-chausures-vetements-elan-chaussures-good-vibes-homme-et-femmeimg-1074-375x500.jpeg\" class=\"attachment-gallery size-gallery\" alt=\"Boutiques chausures v\u00eatements elan chaussures Good vibes homme et femmeIMG_1074\" data-full-url=\"https:\/\/pokaa.fr\/wp-content\/uploads\/2025\/04\/22\/boutiques-chausures-vetements-elan-chaussures-good-vibes-homme-et-femmeimg-1074.jpeg\" decoding=\"async\" loading=\"lazy\"  \/>            <\/p>\n<p>                <img width=\"375\" height=\"500\" src=\"https:\/\/www.europesays.com\/fr\/wp-content\/uploads\/2025\/04\/boutiques-chausures-vetements-elan-chaussures-good-vibes-homme-et-femmeimg-1082-375x500.jpeg\" class=\"attachment-gallery size-gallery\" alt=\"Boutiques chausures v\u00eatements elan chaussures Good vibes homme et femmeIMG_1082\" data-full-url=\"https:\/\/pokaa.fr\/wp-content\/uploads\/2025\/04\/22\/boutiques-chausures-vetements-elan-chaussures-good-vibes-homme-et-femmeimg-1082.jpeg\" decoding=\"async\" loading=\"lazy\"  \/>            <\/p>\n<p>                <img width=\"667\" height=\"500\" src=\"https:\/\/www.europesays.com\/fr\/wp-content\/uploads\/2025\/04\/boutiques-chausures-vetements-elan-chaussures-good-vibes-homme-et-femmeimg-1072-667x500.jpeg\" class=\"attachment-gallery size-gallery\" alt=\"Boutiques chausures v\u00eatements elan chaussures Good vibes homme et femmeIMG_1072\" data-full-url=\"https:\/\/pokaa.fr\/wp-content\/uploads\/2025\/04\/22\/boutiques-chausures-vetements-elan-chaussures-good-vibes-homme-et-femmeimg-1072.jpeg\" decoding=\"async\" loading=\"lazy\"  \/>            <\/p>\n<p>                <img width=\"375\" height=\"500\" src=\"https:\/\/www.europesays.com\/fr\/wp-content\/uploads\/2025\/04\/boutiques-chausures-vetements-elan-chaussures-good-vibes-homme-et-femmeimg-1083-375x500.jpeg\" class=\"attachment-gallery size-gallery\" alt=\"Boutiques chausures v\u00eatements elan chaussures Good vibes homme et femmeIMG_1083\" data-full-url=\"https:\/\/pokaa.fr\/wp-content\/uploads\/2025\/04\/22\/boutiques-chausures-vetements-elan-chaussures-good-vibes-homme-et-femmeimg-1083.jpeg\" decoding=\"async\" loading=\"lazy\"  \/>            <\/p>\n<p>                    La boutique Goodvibes d\u00e9di\u00e9e aux hommes. \u00a9 Bastien Pietronave \/ Pokaa<\/p>\n<p>                <img width=\"375\" height=\"500\" src=\"https:\/\/www.europesays.com\/fr\/wp-content\/uploads\/2025\/04\/boutiques-chausures-vetements-elan-chaussures-good-vibes-homme-et-femmeimg-0947-2-375x500.jpeg\" class=\"attachment-gallery size-gallery\" alt=\"Boutiques chausures v\u00eatements elan chaussures Good vibes homme et femmeIMG_0947 2\" data-full-url=\"https:\/\/pokaa.fr\/wp-content\/uploads\/2025\/04\/22\/boutiques-chausures-vetements-elan-chaussures-good-vibes-homme-et-femmeimg-0947-2.jpeg\" decoding=\"async\" loading=\"lazy\"  \/>            <\/p>\n<p>                <img width=\"667\" height=\"500\" src=\"https:\/\/www.europesays.com\/fr\/wp-content\/uploads\/2025\/04\/boutiques-chausures-vetements-elan-chaussures-good-vibes-homme-et-femmeimg-0965-667x500.jpeg\" class=\"attachment-gallery size-gallery\" alt=\"Boutiques chausures v\u00eatements elan chaussures Good vibes homme et femmeIMG_0965\" data-full-url=\"https:\/\/pokaa.fr\/wp-content\/uploads\/2025\/04\/22\/boutiques-chausures-vetements-elan-chaussures-good-vibes-homme-et-femmeimg-0965.jpeg\" decoding=\"async\" loading=\"lazy\"  \/>            <\/p>\n<p>                <img width=\"375\" height=\"500\" src=\"https:\/\/www.europesays.com\/fr\/wp-content\/uploads\/2025\/04\/boutiques-chausures-vetements-elan-chaussures-good-vibes-homme-et-femmeimg-0972-375x500.jpeg\" class=\"attachment-gallery size-gallery\" alt=\"Boutiques chausures v\u00eatements elan chaussures Good vibes homme et femmeIMG_0972\" data-full-url=\"https:\/\/pokaa.fr\/wp-content\/uploads\/2025\/04\/22\/boutiques-chausures-vetements-elan-chaussures-good-vibes-homme-et-femmeimg-0972.jpeg\" decoding=\"async\" loading=\"lazy\"  \/>            <\/p>\n<p>                <img width=\"735\" height=\"500\" src=\"https:\/\/www.europesays.com\/fr\/wp-content\/uploads\/2025\/04\/boutiques-chausures-vetements-elan-chaussures-good-vibes-homme-et-femmeimg-0992-735x500.jpeg\" class=\"attachment-gallery size-gallery\" alt=\"Boutiques chausures v\u00eatements elan chaussures Good vibes homme et femmeIMG_0992\" data-full-url=\"https:\/\/pokaa.fr\/wp-content\/uploads\/2025\/04\/22\/boutiques-chausures-vetements-elan-chaussures-good-vibes-homme-et-femmeimg-0992.jpeg\" decoding=\"async\" loading=\"lazy\"  \/>            <\/p>\n<p>                <img width=\"667\" height=\"500\" src=\"https:\/\/www.europesays.com\/fr\/wp-content\/uploads\/2025\/04\/boutiques-chausures-vetements-elan-chaussures-good-vibes-homme-et-femmeimg-1019-2-667x500.jpeg\" class=\"attachment-gallery size-gallery\" alt=\"Boutiques chausures v\u00eatements elan chaussures Good vibes homme et femmeIMG_1019 2\" data-full-url=\"https:\/\/pokaa.fr\/wp-content\/uploads\/2025\/04\/22\/boutiques-chausures-vetements-elan-chaussures-good-vibes-homme-et-femmeimg-1019-2.jpeg\" decoding=\"async\" loading=\"lazy\"  \/>            <\/p>\n<p>                    La Boutique Elan Chaussures\/ \u00a9 Bastien Pietronave \/ Pokaa<\/p>\n","protected":false},"excerpt":{"rendered":"\u00c0 Strasbourg, en 2025, quelques commerces ind\u00e9pendants exclusivement d\u00e9di\u00e9s au pr\u00eat-\u00e0-porter et \u00e0 la chaussure subsistent encore. Face&hellip;\n","protected":false},"author":2,"featured_media":44606,"comment_status":"","ping_status":"","sticky":false,"template":"","format":"standard","meta":{"footnotes":""},"categories":[2820],"tags":[1111,11,11647,3732,13243,1777,674,1011,27,13244,775,12,25,640],"class_list":{"0":"post-44605","1":"post","2":"type-post","3":"status-publish","4":"format-standard","5":"has-post-thumbnail","7":"category-strasbourg","8":"tag-actu","9":"tag-actualites","10":"tag-boutique","11":"tag-chaussure","12":"tag-elan","13":"tag-eu","14":"tag-europe","15":"tag-fr","16":"tag-france","17":"tag-good-vibes","18":"tag-grand-est","19":"tag-news","20":"tag-republique-francaise","21":"tag-strasbourg"},"share_on_mastodon":{"url":"https:\/\/pubeurope.com\/@fr\/114383035665020303","error":""},"_links":{"self":[{"href":"https:\/\/www.europesays.com\/fr\/wp-json\/wp\/v2\/posts\/44605","targetHints":{"allow":["GET"]}}],"collection":[{"href":"https:\/\/www.europesays.com\/fr\/wp-json\/wp\/v2\/posts"}],"about":[{"href":"https:\/\/www.europesays.com\/fr\/wp-json\/wp\/v2\/types\/post"}],"author":[{"embeddable":true,"href":"https:\/\/www.europesays.com\/fr\/wp-json\/wp\/v2\/users\/2"}],"replies":[{"embeddable":true,"href":"https:\/\/www.europesays.com\/fr\/wp-json\/wp\/v2\/comments?post=44605"}],"version-history":[{"count":0,"href":"https:\/\/www.europesays.com\/fr\/wp-json\/wp\/v2\/posts\/44605\/revisions"}],"wp:featuredmedia":[{"embeddable":true,"href":"https:\/\/www.europesays.com\/fr\/wp-json\/wp\/v2\/media\/44606"}],"wp:attachment":[{"href":"https:\/\/www.europesays.com\/fr\/wp-json\/wp\/v2\/media?parent=44605"}],"wp:term":[{"taxonomy":"category","embeddable":true,"href":"https:\/\/www.europesays.com\/fr\/wp-json\/wp\/v2\/categories?post=44605"},{"taxonomy":"post_tag","embeddable":true,"href":"https:\/\/www.europesays.com\/fr\/wp-json\/wp\/v2\/tags?post=44605"}],"curies":[{"name":"wp","href":"https:\/\/api.w.org\/{rel}","templated":true}]}}