{"id":446055,"date":"2025-10-07T22:49:10","date_gmt":"2025-10-07T22:49:10","guid":{"rendered":"https:\/\/www.europesays.com\/fr\/446055\/"},"modified":"2025-10-07T22:49:10","modified_gmt":"2025-10-07T22:49:10","slug":"les-bleues-dans-un-groupe-tres-abordable-pour-le-tournoi-qualificatif-a-la-coupe-du-monde-2026-eurosport","status":"publish","type":"post","link":"https:\/\/www.europesays.com\/fr\/446055\/","title":{"rendered":"Les Bleues dans un groupe tr\u00e8s abordable pour le tournoi qualificatif \u00e0 la Coupe du monde 2026 &#8211; Eurosport"},"content":{"rendered":"<ol>\n<li><a href=\"https:\/\/news.google.com\/rss\/articles\/CBMi_wFBVV95cUxOSkd5M0dPazF0aHBkT194aVJpQlJxdWstREllWEFpeF94RTJyc0JFanZKd0IteXh4NEU4SHNiTWtsS2Y2cmdOS01INnhtOXE2YjVaTXdmVmNkX0FUSnVfQnQ0a3RlUWtrOUt5aVlFYmhKd2FhVHd5eEg4dFBSN3pXYngtdjlIYXpTQUE4Ujg0VnpweGF0Y0dTdnRaSm53eWNmNzNFei1DdDYyT3RPQUwyMkNQb29QQk9OY0N5RVgyVklLVTNDV3Fvd0d2akRXY25sS1JuUUp1eF9SSnhKU0FWeEpMT3hCUFlfOVVWVDQ4TmNSUjh3Qm5SOEd5OUlOc2s?oc=5\" target=\"_blank\" rel=\"noopener\">Les Bleues dans un groupe tr\u00e8s abordable pour le tournoi qualificatif \u00e0 la Coupe du monde 2026<\/a>&nbsp;&nbsp;Eurosport<\/li>\n<li><a href=\"https:\/\/news.google.com\/rss\/articles\/CBMi6wFBVV95cUxQMFV2T0pTTWdfblM5c2RLUl8wZUNtelhlV2ttSnZ4RWJDSUZYY1NUVGtBLUN6RUZrbDZXRWlhSjhCaXVCM0ozeUt4YzVvcG1yTnFjdXpNbjRHOUJPT1A4cE94OWl0RjdraDlMQ1hQU2tKZl9iR3V3NmxhX1VxZXd4TjFaVnFON0RvNkZrb0Nmc0JPWW91UjNxMmVwVzFGb0k0RVNzNnJWMG9kV3d5b2NRQXo4Wk0tSjM1blZfbF9QaldSU1JkcnRvY3NGemxfbGdybXAzNWpLcXN3SjZjNHB0TzhwdC13MkRiVVRv?oc=5\" target=\"_blank\" rel=\"noopener\">Un tournoi de qualification \u00e0 la Coupe du monde tr\u00e8s abordable pour les Bleues, qui joueront \u00e0 Villeurbanne<\/a>&nbsp;&nbsp;L&rsquo;\u00c9quipe<\/li>\n<li><a href=\"https:\/\/news.google.com\/rss\/articles\/CBMijwJBVV95cUxPNmliOV9YUzdTSEZteFd2T2dPU09falQ0MFoweUU1VGtvaFliM2dnTEZaaFNNZmgySmN3STV3X2lvT0dQWmNzODN5dnNTUF85c1N2YVlheDBHWmxqN3U5R2hJRDk5blFiRjV2dUxjZ1ljUFIyN1FyMzR5WlBqLWVvamVfRGFJMHJIMGxmbDBSSXhISlZHUzl3d2dLdURBNE82VThjOVpEVUQyeW1Rc3drWG92dWpQdTYyVzVSVkxpaVNsTUh2WW1ZUDNHUjlhUHk4UDBaTnZrRWNHbFlmV2pMQ3h1bDEwSmxCQTdia252NjR6cjVib3VCd2gwZDZoX05QWGdNSm5VNGhaemJwQmsw?oc=5\" target=\"_blank\" rel=\"noopener\">Mondial 2026. Les Bleues dans un groupe accessible pour le tournoi qualificatif<\/a>&nbsp;&nbsp;Ouest-France<\/li>\n<li><a href=\"https:\/\/news.google.com\/rss\/articles\/CBMivwFBVV95cUxPNVpQeElrZ0F2QzlqYjBMcS00TldIbmF5OFJ6SjMzNEtGTXZkNkQ3Z2lNMXZTWVFsaW91cmZFdWVxQjZxSDhfSFlLQjZ1YmtaMV9UZUVfenl1REJGWGQ4X2Rxc29nbWdKS1AzT1ZqSVIxbEVqYlpHc0lVcnZGdUNsWU4tYUhFcFJuOUJOMFlDWUtFTXFKOXdhZGEtZnNiY29icjNzVUVhNmpnbkhSa2cyT0c5cW1WZUNkemt4UnNuQQ?oc=5\" target=\"_blank\" rel=\"noopener\">Endy Miyem r\u00e9alisera le tirage des tournois qualificatifs de la Coupe du Monde f\u00e9minine 2026<\/a>&nbsp;&nbsp;BasketEurope.com<\/li>\n<li><a href=\"https:\/\/news.google.com\/rss\/articles\/CBMi2gFBVV95cUxPUkFZRWdibzVwY0FWTkE3UGtIaEh1Yzg5dlFIaF92RnowaEZMSGZwQ0pYZVJ1MFpBVVZSQ2l4RmlFMWUxenQtU1NZckF4WGZ0STUxN25GNGpvWC05Vjd6dW5TTXppLXpMdzlFLS1VdWFocjhSSVNWUW1WTkQ3ZXZ0dGZHOUZqeU02THRvUVdPSUxfSUJlbWplX0lBQVpXbFB3Wnd0d0lGa2ViTFVGdnRpSVJ4Vm1OTGozeUd1NUs0ekNiZ1d1WG83UzJRUWZEOXFFd1pxcHNhN0pFQdIB2AFBVV95cUxQNUM0VWExNDlzQXdvRzZ6bURJM1lPWndscWIzVTVNaTRCZ0RWdkRYcDhPT0dtLUYyZWdtcVU0V1BQRmVFUllMRnNVS0hZV0gtUmZYVWtvSWpYVjVQOTB1czFnRm11OWNtbDcxQ3I5RnZMSlRGUVU5SFJGZjBPZXJZSFBFTmZ2Qm1VdkJkQUR5NzU5N1lDdmQ0cW1LREJITkxqYW5oSGR3NWhTRnFtdXh6cFkzU0N5UkpVV2lLLUUteG1WSk9kTWdEdTRDNV9BWnNxc2NNbUx2Qnc?oc=5\" target=\"_blank\" rel=\"noopener\">Mondial (F) : Les Bleues connaissent leurs adversaires en qualifications<\/a>&nbsp;&nbsp;Orange Actualit\u00e9s | Sports<\/li>\n<\/ol>\n","protected":false},"excerpt":{"rendered":"Les Bleues dans un groupe tr\u00e8s abordable pour le tournoi qualificatif \u00e0 la Coupe du monde 2026&nbsp;&nbsp;Eurosport Un&hellip;\n","protected":false},"author":2,"featured_media":395849,"comment_status":"","ping_status":"","sticky":false,"template":"","format":"standard","meta":{"footnotes":""},"categories":[1412],"tags":[1451,1452,1453,1454,1455,1011,27,60],"class_list":{"0":"post-446055","1":"post","2":"type-post","3":"status-publish","4":"format-standard","5":"has-post-thumbnail","7":"category-f1","8":"tag-f1","9":"tag-formula-1","10":"tag-formula1","11":"tag-formule-1","12":"tag-formule1","13":"tag-fr","14":"tag-france","15":"tag-sports"},"share_on_mastodon":{"url":"https:\/\/pubeurope.com\/@fr\/115335329532235034","error":""},"_links":{"self":[{"href":"https:\/\/www.europesays.com\/fr\/wp-json\/wp\/v2\/posts\/446055","targetHints":{"allow":["GET"]}}],"collection":[{"href":"https:\/\/www.europesays.com\/fr\/wp-json\/wp\/v2\/posts"}],"about":[{"href":"https:\/\/www.europesays.com\/fr\/wp-json\/wp\/v2\/types\/post"}],"author":[{"embeddable":true,"href":"https:\/\/www.europesays.com\/fr\/wp-json\/wp\/v2\/users\/2"}],"replies":[{"embeddable":true,"href":"https:\/\/www.europesays.com\/fr\/wp-json\/wp\/v2\/comments?post=446055"}],"version-history":[{"count":0,"href":"https:\/\/www.europesays.com\/fr\/wp-json\/wp\/v2\/posts\/446055\/revisions"}],"wp:featuredmedia":[{"embeddable":true,"href":"https:\/\/www.europesays.com\/fr\/wp-json\/wp\/v2\/media\/395849"}],"wp:attachment":[{"href":"https:\/\/www.europesays.com\/fr\/wp-json\/wp\/v2\/media?parent=446055"}],"wp:term":[{"taxonomy":"category","embeddable":true,"href":"https:\/\/www.europesays.com\/fr\/wp-json\/wp\/v2\/categories?post=446055"},{"taxonomy":"post_tag","embeddable":true,"href":"https:\/\/www.europesays.com\/fr\/wp-json\/wp\/v2\/tags?post=446055"}],"curies":[{"name":"wp","href":"https:\/\/api.w.org\/{rel}","templated":true}]}}