{"id":446058,"date":"2025-10-07T22:51:14","date_gmt":"2025-10-07T22:51:14","guid":{"rendered":"https:\/\/www.europesays.com\/fr\/446058\/"},"modified":"2025-10-07T22:51:14","modified_gmt":"2025-10-07T22:51:14","slug":"psg-transfert-a-40me-il-annonce-un-enorme-changement","status":"publish","type":"post","link":"https:\/\/www.europesays.com\/fr\/446058\/","title":{"rendered":"PSG &#8211; Transfert \u00e0 40M\u20ac : Il annonce un \u00e9norme changement !"},"content":{"rendered":"<p>                    Guillaume de Saint Sauveur<br \/>\n                        &#8211;<\/p>\n<p>Journaliste<\/p>\n<p>Dipl\u00f4m\u00e9 d\u2019Ecole de Journalisme \u00e0 Paris. Sp\u00e9cialis\u00e9 football, et plus particuli\u00e8rement sur le mercato. Fan du PSG et du Stade Fran\u00e7ais.<\/p>\n<p class=\"heading\">Le PSG avait d\u00e9bours\u00e9 pas moins de 40M\u20ac en janvier 2017 pour faire venir Julian Draxler en provenance de Wolfsburg afin de renforcer son secteur offensif de l&rsquo;\u00e9poque. L&rsquo;attaquant allemand se confie sur cet \u00e9norme changement de vie et ne dissimule pas sa fiert\u00e9 d&rsquo;avoir fait partie du projet parisien. <\/p>\n<p>Six mois avant les arriv\u00e9es historiques de <strong>Neymar<\/strong> (222M\u20ac) et <strong>Kylian<\/strong> <strong>Mbapp\u00e9<\/strong> (180M\u20ac), le <strong>PSG<\/strong> avait proc\u00e9d\u00e9 \u00e0 une grosse d\u00e9pense en pleine mercato de janvier 2017 avec la signature de <strong>Julian<\/strong> <strong>Draxler<\/strong>. L&rsquo;attaquant allemand, sacr\u00e9 champion du Monde en 2014 au Br\u00e9sil, d\u00e9barquait en provenance de <strong>Wolfsburg<\/strong> pour 40M\u20ac, et il est revenu sur l&rsquo;\u00e9norme changement de vie avec ce transfert au <a href=\"https:\/\/le10sport.com\/football\/ligue1\/psg\/\" rel=\"nofollow noopener\" target=\"_blank\"><strong>PSG<\/strong><\/a> dans sa participation au QSL Chats. <\/p>\n<p>                                            \u00ab Les ann\u00e9es les plus excitantes de ma carri\u00e8re au PSG \u00bb<\/p>\n<p>\u00ab C\u2019\u00e9tait un grand pas pour moi de quitter Wolfsburg, un petit club dans une petite ville, pour une ville comme Paris et un club aussi prestigieux. Je dirais que j\u2019ai v\u00e9cu les ann\u00e9es les plus excitantes de ma carri\u00e8re au PSG, sans aucun doute \u00bb, confie <strong>Draxler<\/strong> sur son transfert au <strong>PSG<\/strong>. <\/p>\n<p>                                            \u00ab L\u00e0 pour gagner des titres \u00bb<\/p>\n<p>\u00ab Quand vous jouez pour de grands clubs comme le PSG ou m\u00eame Benfica, vous \u00eates l\u00e0 pour gagner des titres. Ces clubs s\u2019attendent toujours \u00e0 gagner et \u00e0 \u00eatre les meilleurs dans leur pays. Donc, vous n\u2019avez pas vraiment le choix : vous devez jouer pour gagner \u00bb, poursuit l&rsquo;ancien num\u00e9ro 23 du <strong>PSG<\/strong>, qui a \u00e9t\u00e9 d\u00e9finitivement transf\u00e9r\u00e9 \u00e0 <strong>Al-Ahli<\/strong> en 2023. <\/p>\n","protected":false},"excerpt":{"rendered":"Guillaume de Saint Sauveur &#8211; Journaliste Dipl\u00f4m\u00e9 d\u2019Ecole de Journalisme \u00e0 Paris. Sp\u00e9cialis\u00e9 football, et plus particuli\u00e8rement sur&hellip;\n","protected":false},"author":2,"featured_media":56023,"comment_status":"","ping_status":"","sticky":false,"template":"","format":"standard","meta":{"footnotes":""},"categories":[1410],"tags":[63,1011,27,60],"class_list":{"0":"post-446058","1":"post","2":"type-post","3":"status-publish","4":"format-standard","5":"has-post-thumbnail","7":"category-football","8":"tag-football","9":"tag-fr","10":"tag-france","11":"tag-sports"},"share_on_mastodon":{"url":"https:\/\/pubeurope.com\/@fr\/115335337493800465","error":""},"_links":{"self":[{"href":"https:\/\/www.europesays.com\/fr\/wp-json\/wp\/v2\/posts\/446058","targetHints":{"allow":["GET"]}}],"collection":[{"href":"https:\/\/www.europesays.com\/fr\/wp-json\/wp\/v2\/posts"}],"about":[{"href":"https:\/\/www.europesays.com\/fr\/wp-json\/wp\/v2\/types\/post"}],"author":[{"embeddable":true,"href":"https:\/\/www.europesays.com\/fr\/wp-json\/wp\/v2\/users\/2"}],"replies":[{"embeddable":true,"href":"https:\/\/www.europesays.com\/fr\/wp-json\/wp\/v2\/comments?post=446058"}],"version-history":[{"count":0,"href":"https:\/\/www.europesays.com\/fr\/wp-json\/wp\/v2\/posts\/446058\/revisions"}],"wp:featuredmedia":[{"embeddable":true,"href":"https:\/\/www.europesays.com\/fr\/wp-json\/wp\/v2\/media\/56023"}],"wp:attachment":[{"href":"https:\/\/www.europesays.com\/fr\/wp-json\/wp\/v2\/media?parent=446058"}],"wp:term":[{"taxonomy":"category","embeddable":true,"href":"https:\/\/www.europesays.com\/fr\/wp-json\/wp\/v2\/categories?post=446058"},{"taxonomy":"post_tag","embeddable":true,"href":"https:\/\/www.europesays.com\/fr\/wp-json\/wp\/v2\/tags?post=446058"}],"curies":[{"name":"wp","href":"https:\/\/api.w.org\/{rel}","templated":true}]}}