{"id":446059,"date":"2025-10-07T22:52:11","date_gmt":"2025-10-07T22:52:11","guid":{"rendered":"https:\/\/www.europesays.com\/fr\/446059\/"},"modified":"2025-10-07T22:52:11","modified_gmt":"2025-10-07T22:52:11","slug":"george-clooney-sinstalle-en-france-pour-offrir-une-vie-normale-a-ses-enfants","status":"publish","type":"post","link":"https:\/\/www.europesays.com\/fr\/446059\/","title":{"rendered":"George Clooney s\u2019installe en France pour offrir une vie \u00ab\u00a0normale\u00a0\u00bb \u00e0 ses enfants"},"content":{"rendered":"<p>\u00c0 64 ans, <a href=\"https:\/\/www.20minutes.fr\/dossier\/george_clooney\" class=\"c-link c-link--is-underlined\" target=\"_blank\" rel=\"noopener\">George Clooney<\/a> a trouv\u00e9 son refuge\u00a0: une ferme de cent hectares quelque part en France, entour\u00e9e de vignes et d\u2019oliviers. C\u2019est l\u00e0 que la star d\u2019<a href=\"https:\/\/www.20minutes.fr\/dossier\/hollywood\" class=\"c-link c-link--is-underlined\" target=\"_blank\" rel=\"noopener\">Hollywood<\/a> et son \u00e9pouse, l\u2019avocate internationale Amal Clooney, \u00e9l\u00e8vent leurs jumeaux de huit ans, Ella et Alexander. Une vie simple, loin des flashs, que l\u2019acteur a racont\u00e9e dans un long entretien accord\u00e9 au magazine am\u00e9ricain <a href=\"https:\/\/www.esquire.com\/entertainment\/movies\/a68136276\/george-clooney-jay-kelly-interview-2025\/\" rel=\"nofollow noopener\" target=\"_blank\" class=\"c-link c-link--is-underlined\">Esquire<\/a>.<\/p>\n<p>\u00ab\u00a0On a beaucoup de chance. Nous vivons dans une ferme en France\u00a0\u00bb, confie l\u2019acteur. \u00ab\u00a0Quand j\u2019\u00e9tais enfant, j\u2019ai grandi en partie \u00e0 la campagne et je d\u00e9testais \u00e7a. Mais pour eux, c\u2019est diff\u00e9rent\u00a0: ils ne sont pas sur leurs iPads, ils d\u00eenent avec les adultes et doivent d\u00e9barrasser la table. Ils ont une vie bien meilleure.\u00a0\u00bb<\/p>\n<\/p>\n<p>\u00ab\u00a0En France, les gens s\u2019en tapent pas mal de la c\u00e9l\u00e9brit\u00e9\u00a0\u00bb<\/p>\n<p>\u00ab\u00a0J\u2019avais peur d\u2019\u00e9lever nos enfants \u00e0 Los Angeles, dans la culture d\u2019Hollywood\u00a0\u00bb o\u00f9 tout tourne autour de la notori\u00e9t\u00e9, explique l\u2019acteur. \u00ab\u00a0J\u2019avais peur qu\u2019ils n\u2019aient pas la chance de vivre leur propre vie. En France, les gens s\u2019en tapent pas mal de la c\u00e9l\u00e9brit\u00e9. Je ne veux pas que mes enfants soient traqu\u00e9s par les paparazzis, ni qu\u2019ils soient compar\u00e9s aux enfants d\u2019autres personnes c\u00e9l\u00e8bres\u00a0\u00bb, explique-t-il.<\/p>\n<p>George Clooney, qui a connu un succ\u00e8s plan\u00e9taire avec la s\u00e9rie Urgences ou encore Ocean\u2019s Eleven pour n\u2019en citer que quelques-uns, semble d\u00e9sormais savourer une existence plus ancr\u00e9e\u00a0: il conduit son tracteur, bricole, repeint les cl\u00f4tures avec ses enfants. \u00ab\u00a0Je veux qu\u2019ils sachent faire les choses par eux-m\u00eames\u00a0\u00bb, dit-il en souriant \u00e0 la journaliste d\u2019Esquire venue \u00e0 sa rencontre.<\/p>\n<p><a href=\"https:\/\/www.20minutes.fr\/arts-stars\/cinema\/\" class=\"c-link c-btn c-btn--primary\" target=\"_blank\" rel=\"noopener\">Tous nos articles cin\u00e9ma<\/a>Une vie \u00e0 l\u2019europ\u00e9enne<\/p>\n<p>Sur sa propri\u00e9t\u00e9, George Clooney s\u2019adonne aux travaux manuels, loin des plateaux de tournage. Un quotidien fait de gestes simples, qui l\u2019\u00e9loignent de la fr\u00e9n\u00e9sie hollywoodienne. \u00ab\u00a0Quand quelque chose se casse, je d\u00e9monte, je r\u00e9pare, et quand \u00e7a remarche, j\u2019ai l\u2019impression d\u2019\u00eatre un roi\u00a0\u00bb, raconte-t-il fi\u00e8rement.<\/p>\n<p>Dans son coin de campagne fran\u00e7aise, George Clooney semble avoir trouv\u00e9 ce qu\u2019il cherchait depuis longtemps\u00a0: une vie ordinaire, presque tranquille, o\u00f9 il peut simplement \u00eatre mari, p\u00e8re et bricoleur du dimanche. \u00c0 64 ans, l\u2019acteur pense d\u00e9j\u00e0 \u00e0 la trace qu\u2019il laissera \u00e0 ses enfants. \u00ab\u00a0Ce que je veux, dit-il, c\u2019est qu\u2019ils gardent en eux quelque chose qui leur rappelle que je suis l\u00e0, et qu\u2019ils puissent se dire\u00a0: \u201c\u00c7a, \u00e7a rendrait Papa fier.\u201d\u00a0\u00bb<\/p>\n","protected":false},"excerpt":{"rendered":"\u00c0 64 ans, George Clooney a trouv\u00e9 son refuge\u00a0: une ferme de cent hectares quelque part en France,&hellip;\n","protected":false},"author":2,"featured_media":446060,"comment_status":"","ping_status":"","sticky":false,"template":"","format":"standard","meta":{"footnotes":""},"categories":[1359],"tags":[47,650,58,59,1011,27,6054,2137,6116,74,973],"class_list":{"0":"post-446059","1":"post","2":"type-post","3":"status-publish","4":"format-standard","5":"has-post-thumbnail","7":"category-people","8":"tag-actualite","9":"tag-cinema","10":"tag-divertissement","11":"tag-entertainment","12":"tag-fr","13":"tag-france","14":"tag-george-clooney","15":"tag-hollywood","16":"tag-los-angeles","17":"tag-monde","18":"tag-people"},"share_on_mastodon":{"url":"https:\/\/pubeurope.com\/@fr\/115335341243895506","error":""},"_links":{"self":[{"href":"https:\/\/www.europesays.com\/fr\/wp-json\/wp\/v2\/posts\/446059","targetHints":{"allow":["GET"]}}],"collection":[{"href":"https:\/\/www.europesays.com\/fr\/wp-json\/wp\/v2\/posts"}],"about":[{"href":"https:\/\/www.europesays.com\/fr\/wp-json\/wp\/v2\/types\/post"}],"author":[{"embeddable":true,"href":"https:\/\/www.europesays.com\/fr\/wp-json\/wp\/v2\/users\/2"}],"replies":[{"embeddable":true,"href":"https:\/\/www.europesays.com\/fr\/wp-json\/wp\/v2\/comments?post=446059"}],"version-history":[{"count":0,"href":"https:\/\/www.europesays.com\/fr\/wp-json\/wp\/v2\/posts\/446059\/revisions"}],"wp:featuredmedia":[{"embeddable":true,"href":"https:\/\/www.europesays.com\/fr\/wp-json\/wp\/v2\/media\/446060"}],"wp:attachment":[{"href":"https:\/\/www.europesays.com\/fr\/wp-json\/wp\/v2\/media?parent=446059"}],"wp:term":[{"taxonomy":"category","embeddable":true,"href":"https:\/\/www.europesays.com\/fr\/wp-json\/wp\/v2\/categories?post=446059"},{"taxonomy":"post_tag","embeddable":true,"href":"https:\/\/www.europesays.com\/fr\/wp-json\/wp\/v2\/tags?post=446059"}],"curies":[{"name":"wp","href":"https:\/\/api.w.org\/{rel}","templated":true}]}}