{"id":446061,"date":"2025-10-07T22:54:23","date_gmt":"2025-10-07T22:54:23","guid":{"rendered":"https:\/\/www.europesays.com\/fr\/446061\/"},"modified":"2025-10-07T22:54:23","modified_gmt":"2025-10-07T22:54:23","slug":"la-deuxieme-edition-du-prix-radio-canada-caroline-dawson-revue-les-libraires","status":"publish","type":"post","link":"https:\/\/www.europesays.com\/fr\/446061\/","title":{"rendered":"La deuxi\u00e8me \u00e9dition du prix Radio-Canada Caroline-Dawson \u2014 Revue Les libraires"},"content":{"rendered":"<p>Le prix Radio-Canada Caroline-Dawson rend hommage \u00e0 cette autrice engag\u00e9e, bienveillante et inspirante.<\/p>\n<p>Cet honneur vise \u00e0 r\u00e9compenser une \u00e9crivaine ou un \u00e9crivain canadien francophone \u00e9mergent et issu de la diversit\u00e9. Voici donc les finalistes 2025 :<\/p>\n<p><a href=\"https:\/\/www.leslibraires.ca\/livres\/les-deterrees-katia-belkhodja-9782898720130.html\" target=\"_blank\" rel=\"noopener nofollow\">Les d\u00e9terr\u00e9es<\/a>, Katia Belkhodja (M\u00e9moire d\u2019encrier)<\/p>\n<p><a href=\"https:\/\/www.leslibraires.ca\/livres\/comparution-angelina-guo-9782896987115.html\" target=\"_blank\" rel=\"noopener nofollow\">Comparution<\/a>, Angelina Guo (Le Quartanier)<\/p>\n<p><a href=\"https:\/\/www.leslibraires.ca\/livres\/en-forme-de-fille-s-maude-lafleur-9782760949607.html\" target=\"_blank\" rel=\"noopener nofollow\">En forme de fille(s)<\/a>, Maude Lafleur (Lem\u00e9ac)<\/p>\n<p><a href=\"https:\/\/www.leslibraires.ca\/livres\/les-cennes-noires-akena-okoko-9782925110972.html\" target=\"_blank\" rel=\"noopener nofollow\">Les cennes noires<\/a>, Akena Okoko (Ta M\u00e8re)<\/p>\n<p><a href=\"https:\/\/www.leslibraires.ca\/livres\/femmes-silencieuses-cristina-vanciu-9782898221606.html\" target=\"_blank\" rel=\"noopener nofollow\">Femmes silencieuses<\/a>, Cristina Vanciu (H\u00e9liotrope)<\/p>\n<p>C\u2019est Magalie Lefebvre Jean pour son livre <a href=\"https:\/\/www.leslibraires.ca\/livres\/ni-comme-ma-mere-ni-comme-magalie-lefebvre-jean-9782925304067.html\" target=\"_blank\" rel=\"noopener nofollow\">Ni comme ma m\u00e8re, ni comme mon p\u00e8re<\/a>, paru chez Hurlantes \u00e9ditrices, qui avait remport\u00e9 le prix l\u2019ann\u00e9e derni\u00e8re. L\u2019autrice si\u00e8ge au sein du jury, en compagnie d\u2019\u00c9ric Chacour et de Stanley P\u00e9an pour la deuxi\u00e8me \u00e9dition du prix. Le nom de la personne gagnante sera d\u00e9voil\u00e9 le 21 novembre prochain, au Salon du livre de Montr\u00e9al.<\/p>\n","protected":false},"excerpt":{"rendered":"Le prix Radio-Canada Caroline-Dawson rend hommage \u00e0 cette autrice engag\u00e9e, bienveillante et inspirante. Cet honneur vise \u00e0 r\u00e9compenser&hellip;\n","protected":false},"author":2,"featured_media":446062,"comment_status":"","ping_status":"","sticky":false,"template":"","format":"standard","meta":{"footnotes":""},"categories":[1357],"tags":[1379,58,59,1011,27,1380],"class_list":{"0":"post-446061","1":"post","2":"type-post","3":"status-publish","4":"format-standard","5":"has-post-thumbnail","7":"category-livres","8":"tag-books","9":"tag-divertissement","10":"tag-entertainment","11":"tag-fr","12":"tag-france","13":"tag-livres"},"share_on_mastodon":{"url":"https:\/\/pubeurope.com\/@fr\/115335349137604769","error":""},"_links":{"self":[{"href":"https:\/\/www.europesays.com\/fr\/wp-json\/wp\/v2\/posts\/446061","targetHints":{"allow":["GET"]}}],"collection":[{"href":"https:\/\/www.europesays.com\/fr\/wp-json\/wp\/v2\/posts"}],"about":[{"href":"https:\/\/www.europesays.com\/fr\/wp-json\/wp\/v2\/types\/post"}],"author":[{"embeddable":true,"href":"https:\/\/www.europesays.com\/fr\/wp-json\/wp\/v2\/users\/2"}],"replies":[{"embeddable":true,"href":"https:\/\/www.europesays.com\/fr\/wp-json\/wp\/v2\/comments?post=446061"}],"version-history":[{"count":0,"href":"https:\/\/www.europesays.com\/fr\/wp-json\/wp\/v2\/posts\/446061\/revisions"}],"wp:featuredmedia":[{"embeddable":true,"href":"https:\/\/www.europesays.com\/fr\/wp-json\/wp\/v2\/media\/446062"}],"wp:attachment":[{"href":"https:\/\/www.europesays.com\/fr\/wp-json\/wp\/v2\/media?parent=446061"}],"wp:term":[{"taxonomy":"category","embeddable":true,"href":"https:\/\/www.europesays.com\/fr\/wp-json\/wp\/v2\/categories?post=446061"},{"taxonomy":"post_tag","embeddable":true,"href":"https:\/\/www.europesays.com\/fr\/wp-json\/wp\/v2\/tags?post=446061"}],"curies":[{"name":"wp","href":"https:\/\/api.w.org\/{rel}","templated":true}]}}