{"id":446075,"date":"2025-10-07T23:02:21","date_gmt":"2025-10-07T23:02:21","guid":{"rendered":"https:\/\/www.europesays.com\/fr\/446075\/"},"modified":"2025-10-07T23:02:21","modified_gmt":"2025-10-07T23:02:21","slug":"voici-les-model-y-et-model-3-standard","status":"publish","type":"post","link":"https:\/\/www.europesays.com\/fr\/446075\/","title":{"rendered":"voici les Model Y et Model 3 Standard"},"content":{"rendered":"<p>Tesla a cr\u00e9\u00e9 la surprise en lan\u00e7ant non pas une seule nouvelle voiture \u00e9lectrique \u00ab\u00a0abordable\u00a0\u00bb, mais deux mod\u00e8les diff\u00e9rents. Voici donc les Model 3 Standard et Model Y Standard.<\/p>\n<p><a target=\"_blank\" href=\"https:\/\/images.frandroid.com\/wp-content\/uploads\/2025\/10\/tesla-model-y-standard-00005.jpeg\" class=\"article-content__figure\" rel=\"noopener\"><img fetchpriority=\"high\" decoding=\"async\" loading=\"eager\" width=\"1200\" height=\"602\" src=\"https:\/\/www.europesays.com\/fr\/wp-content\/uploads\/2025\/10\/tesla-model-y-standard-00005.jpeg\" alt=\"\" class=\"wp-image-2823205 wp-image wp-image\"  \/><\/a>Tesla Model Y Standard<\/p>\n<p>Tesla vient de lancer deux nouvelles voitures \u00e9lectriques. La marque a d\u00e9voil\u00e9 non pas une, mais <strong>deux nouvelles d\u00e9clinaisons \u201cStandard\u201d<\/strong> de ses mod\u00e8les phares, visant \u00e0 rendre l\u2019acc\u00e8s \u00e0 ses voitures plus abordable.<\/p>\n<p>D\u2019un c\u00f4t\u00e9 <a href=\"https:\/\/www.frandroid.com\/marques\/tesla\/2823191_tesla-lance-son-nouveau-suv-abordable-voici-la-model-y-standard\" target=\"_blank\" rel=\"noopener\">la <strong>Model Y Standard<\/strong><\/a>, de l\u2019autre <a href=\"https:\/\/www.frandroid.com\/marques\/tesla\/2823275_tesla-lance-la-voiture-la-moins-chere-de-son-histoire-voici-la-model-3-standard\" target=\"_blank\" rel=\"noopener\">la <strong>Model 3 Standard<\/strong><\/a>, d\u00e9sormais la voiture la moins ch\u00e8re de l\u2019histoire de Tesla. Voici ce qu\u2019il faut retenir.<\/p>\n<p>Tesla Model Y Standard : le SUV le moins cher de la marque<\/p>\n<p>Tesla pr\u00e9sente la Model Y Standard avec un prix d\u2019entr\u00e9e fix\u00e9 \u00e0 <strong>39 990 dollars<\/strong> aux \u00c9tats-Unis, soit environ 5 000 dollars de moins que la version Propulsion version \u00ab grande autonomie \u00bb.<\/p>\n<p><a target=\"_blank\" href=\"https:\/\/images.frandroid.com\/wp-content\/uploads\/2025\/10\/homepage-promo-meet-model-y-desk.jpg\" class=\"article-content__figure\" rel=\"noopener\"><img loading=\"lazy\" decoding=\"async\" width=\"1200\" height=\"675\" src=\"https:\/\/www.europesays.com\/fr\/wp-content\/uploads\/2025\/10\/homepage-promo-meet-model-y-desk-1200x675.jpg\" alt=\"\" class=\"wp-image-2823321 wp-image\"  \/><\/a>Gamme Tesla Model Y \/\/ Source : Tesla<\/p>\n<p>C\u00f4t\u00e9 esth\u00e9tique, elle se distingue du mod\u00e8le Premium par des choix de simplification : l\u2019aspect lumineux \u201cbarre LED\u201d est abandonn\u00e9, les optiques redeviennent plus classiques, les jantes passent en version 18 pouces \u201cPrismata\u201d (ou \u00e9ventuellement 19 pouces en option), et la palette de couleurs est limit\u00e9e (gris \u201cstealth\u201d de s\u00e9rie, blanc ou noir en option).<\/p>\n<p><a target=\"_blank\" href=\"https:\/\/images.frandroid.com\/wp-content\/uploads\/2025\/10\/tesla-model-y-standard-00017.jpg\" class=\"article-content__figure\" rel=\"noopener\"><img loading=\"lazy\" decoding=\"async\" width=\"1200\" height=\"675\" src=\"https:\/\/www.europesays.com\/fr\/wp-content\/uploads\/2025\/10\/tesla-model-y-standard-00017-1200x675.jpg\" alt=\"\" class=\"wp-image-2823259 wp-image\"  \/><\/a>Tesla Model Y Standard<\/p>\n<p>\u00c0 l\u2019int\u00e9rieur, Tesla coupe dans l\u2019\u00e9quipement pour faire baisser les co\u00fbts : les si\u00e8ges abandonnent le cuir v\u00e9g\u00e9tal pour un tissu, l\u2019\u00e9clairage d\u2019ambiance LED dispara\u00eet, certains \u00e9quipements comme le toit panoramique sont retir\u00e9s, et la console int\u00e9rieure est simplifi\u00e9e.<\/p>\n<p>Le pari est clair : toucher une client\u00e8le plus \u201cprix-sensible\u201d sans enti\u00e8rement revoir l\u2019architecture du v\u00e9hicule. Pour le moment, cette version est uniquement commercialis\u00e9e aux \u00c9tats-Unis.<\/p>\n<p>Retrouvez <a href=\"https:\/\/www.frandroid.com\/marques\/tesla\/2823191_tesla-lance-son-nouveau-suv-abordable-voici-la-model-y-standard\" target=\"_blank\" rel=\"noopener\">toutes les informations d\u00e9taill\u00e9es (autonomie, performances, prix, disponibilit\u00e9, etc.) sur notre article d\u00e9di\u00e9 \u00e0 la Tesla Model Y Standard<\/a>.<\/p>\n<p>Tesla Model 3 Standard : la voiture la moins ch\u00e8re de la marque<\/p>\n<p>Parall\u00e8lement \u00e0 l\u2019annonce de la version \u201cStandard\u201d du SUV, Tesla d\u00e9voile une <strong>Model 3 Standard<\/strong>, positionn\u00e9e comme la voiture \u00e9lectrique la moins ch\u00e8re du constructeur.<\/p>\n<p><a target=\"_blank\" href=\"https:\/\/images.frandroid.com\/wp-content\/uploads\/2025\/10\/model3standard-83.jpg\" class=\"article-content__figure\" rel=\"noopener\"><img loading=\"lazy\" decoding=\"async\" width=\"1200\" height=\"675\" src=\"https:\/\/www.europesays.com\/fr\/wp-content\/uploads\/2025\/10\/model3standard-83-1200x675.jpg\" alt=\"\" class=\"wp-image-2823315 wp-image\"  \/><\/a>Tesla Model 3 Standard \/\/ Source : Tesla<\/p>\n<p>Sur le plan du style ext\u00e9rieur, peu de changements : la Model 3 Standard conserve la grande majorit\u00e9 des \u00e9l\u00e9ments visuels de la version \u201cPremium\u201d. La nouveaut\u00e9 la plus visible concerne les jantes Prismata 18 pouces.<\/p>\n<p>\u00c0 l\u2019int\u00e9rieur, les modifications sont l\u00e9g\u00e8res : on perd le cuir v\u00e9g\u00e9tal, l\u2019\u00e9clairage d\u2019ambiance LED, mais la console centrale reste, le toit en verre panoramique est toujours pr\u00e9sent. Ce qui permet \u00e0 la Model 3 de conserver un profil plus premium que la Model Y dans sa version \u201cStandard\u201d.<\/p>\n<p><a target=\"_blank\" href=\"https:\/\/images.frandroid.com\/wp-content\/uploads\/2025\/10\/compositor-34.jpeg\" class=\"article-content__figure\" rel=\"noopener\"><img loading=\"lazy\" decoding=\"async\" width=\"1200\" height=\"675\" src=\"https:\/\/www.europesays.com\/fr\/wp-content\/uploads\/2025\/10\/compositor-34-1200x675.jpeg\" alt=\"\" class=\"wp-image-2823323 wp-image\"  \/><\/a>Int\u00e9rieur Tesla Model 3 Standard<\/p>\n<p>Tesla a donc choisi une approche plus prudente pour la Model 3 : all\u00e9ger, mais sans bouleverser l\u2019exp\u00e9rience. Pour le moment, cette version est uniquement commercialis\u00e9e aux \u00c9tats-Unis.<\/p>\n<p class=\"shortcode-container see-more\">\n    Pour aller plus loin<br \/><a href=\"https:\/\/www.frandroid.com\/marques\/tesla\/2823275_tesla-lance-la-voiture-la-moins-chere-de-son-histoire-voici-la-model-3-standard\" target=\"_blank\" rel=\"noopener\">Tesla lance la voiture la moins ch\u00e8re de son histoire : voici la Model 3 Standard<\/a>\n            <\/p>\n<p>Retrouvez <a href=\"https:\/\/www.frandroid.com\/marques\/tesla\/2823275_tesla-lance-la-voiture-la-moins-chere-de-son-histoire-voici-la-model-3-standard\" target=\"_blank\" rel=\"noopener\">toutes les informations d\u00e9taill\u00e9es (autonomie, performances, prix, disponibilit\u00e9, etc.) sur notre article d\u00e9di\u00e9 \u00e0 la Tesla Model 3 Standard<\/a>.<\/p>\n","protected":false},"excerpt":{"rendered":"Tesla a cr\u00e9\u00e9 la surprise en lan\u00e7ant non pas une seule nouvelle voiture \u00e9lectrique \u00ab\u00a0abordable\u00a0\u00bb, mais deux mod\u00e8les&hellip;\n","protected":false},"author":2,"featured_media":446076,"comment_status":"","ping_status":"","sticky":false,"template":"","format":"standard","meta":{"footnotes":""},"categories":[6],"tags":[35,33,34,1011,27,57208,57186],"class_list":{"0":"post-446075","1":"post","2":"type-post","3":"status-publish","4":"format-standard","5":"has-post-thumbnail","7":"category-economie","8":"tag-business","9":"tag-economie","10":"tag-economy","11":"tag-fr","12":"tag-france","13":"tag-tesla-model-3-standard","14":"tag-tesla-model-y-standard"},"share_on_mastodon":{"url":"https:\/\/pubeurope.com\/@fr\/115335381350271613","error":""},"_links":{"self":[{"href":"https:\/\/www.europesays.com\/fr\/wp-json\/wp\/v2\/posts\/446075","targetHints":{"allow":["GET"]}}],"collection":[{"href":"https:\/\/www.europesays.com\/fr\/wp-json\/wp\/v2\/posts"}],"about":[{"href":"https:\/\/www.europesays.com\/fr\/wp-json\/wp\/v2\/types\/post"}],"author":[{"embeddable":true,"href":"https:\/\/www.europesays.com\/fr\/wp-json\/wp\/v2\/users\/2"}],"replies":[{"embeddable":true,"href":"https:\/\/www.europesays.com\/fr\/wp-json\/wp\/v2\/comments?post=446075"}],"version-history":[{"count":0,"href":"https:\/\/www.europesays.com\/fr\/wp-json\/wp\/v2\/posts\/446075\/revisions"}],"wp:featuredmedia":[{"embeddable":true,"href":"https:\/\/www.europesays.com\/fr\/wp-json\/wp\/v2\/media\/446076"}],"wp:attachment":[{"href":"https:\/\/www.europesays.com\/fr\/wp-json\/wp\/v2\/media?parent=446075"}],"wp:term":[{"taxonomy":"category","embeddable":true,"href":"https:\/\/www.europesays.com\/fr\/wp-json\/wp\/v2\/categories?post=446075"},{"taxonomy":"post_tag","embeddable":true,"href":"https:\/\/www.europesays.com\/fr\/wp-json\/wp\/v2\/tags?post=446075"}],"curies":[{"name":"wp","href":"https:\/\/api.w.org\/{rel}","templated":true}]}}