{"id":446079,"date":"2025-10-07T23:04:11","date_gmt":"2025-10-07T23:04:11","guid":{"rendered":"https:\/\/www.europesays.com\/fr\/446079\/"},"modified":"2025-10-07T23:04:11","modified_gmt":"2025-10-07T23:04:11","slug":"edouard-philippe-au-figaro-une-election-presidentielle-anticipee-garantirait-le-bien-de-letat","status":"publish","type":"post","link":"https:\/\/www.europesays.com\/fr\/446079\/","title":{"rendered":"\u00c9douard Philippe au Figaro\u00a0:\u00a0\u00ab\u00a0Une \u00e9lection pr\u00e9sidentielle anticip\u00e9e garantirait le bien de l\u2019\u00c9tat\u00a0\u00bb"},"content":{"rendered":"<p><strong>ENTRETIEN<\/strong> &#8211; Le candidat d\u2019Horizons \u00e0 l\u2019\u00e9lection pr\u00e9sidentielle propose \u00e0 Emmanuel Macron d\u2019organiser \u00ab\u00a0dignement\u00a0\u00bb sa d\u00e9mission pour \u00ab\u00a0sortir de cette crise\u00a0\u00bb. Soit en jouant son avenir sur un r\u00e9f\u00e9rendum, comme de Gaulle, soit en planifiant son d\u00e9part apr\u00e8s le vote du budget.<\/p>\n<p class=\"fig-paragraph\"><a href=\"http:\/\/www.lefigaro.fr\/politique\/crise-politique-edouard-philippe-demande-une-presidentielle-anticipee-a-emmanuel-macron-20251007\" data-fig-type=\"NewsFlash\" data-gtm-custom-categorie=\"navigation\" data-gtm-custom-action=\"crossclick\" data-gtm-custom-label=\"Contextuel\" data-gtm-event=\"customEventSPE\" data-fig-domain=\"LEFIGARO\" target=\"_blank\" rel=\"noopener\">\u00c9douard Philippe<\/a>, ancien premier ministre et maire du\u00a0Havre (Seine-Maritime), sugg\u00e8re \u00e0\u00a0<a href=\"http:\/\/www.lefigaro.fr\/international\/comment-la-faiblesse-politique-d-emmanuel-macron-a-paris-ebranle-la-stabilite-de-l-europe-20251007\" data-fig-type=\"Article\" data-gtm-custom-categorie=\"navigation\" data-gtm-custom-action=\"crossclick\" data-gtm-custom-label=\"Contextuel\" data-gtm-event=\"customEventSPE\" data-fig-domain=\"LEFIGARO\" target=\"_blank\" rel=\"noopener\">Emmanuel Macron\u00a0<\/a>de \u00ab\u00a0remettre d\u2019aplomb\u00a0\u00bb les institutions, \u00ab\u00a0en annon\u00e7ant qu\u2019il d\u00e9missionnera dans un tempo qui lui appartient, une fois le budget adopt\u00e9\u00a0\u00bb. Dans l\u2019imm\u00e9diat, le candidat d\u2019Horizons \u00e0 la pr\u00e9sidentielle jugerait \u00ab\u00a0curieux\u00a0\u00bb le choix d\u2019un premier ministre de gauche et rejette une nouvelle dissolution.<\/p>\n<p class=\"fig-paragraph\"><strong>LE FIGARO. \u2013 Emmanuel Macron \u00ab\u00a0prendra ses responsabilit\u00e9s\u00a0\u00bb, si son premier ministre d\u00e9missionnaire,\u00a0<\/strong><a href=\"http:\/\/www.lefigaro.fr\/vox\/politique\/jean-eric-schoettl-jean-pierre-camby-le-mandat-de-negociation-confie-par-l-elysee-a-sebastien-lecornu-est-celui-de-la-derniere-chance-20251007\" data-fig-type=\"Article\" data-gtm-custom-categorie=\"navigation\" data-gtm-custom-action=\"crossclick\" data-gtm-custom-label=\"Contextuel\" data-gtm-event=\"customEventSPE\" data-fig-domain=\"LEFIGARO\" target=\"_blank\" rel=\"noopener\"><strong>S\u00e9bastien Lecornu<\/strong><\/a> <strong>, ne trouve pas de compromis d\u2019ici \u00e0 mercredi soir. Que doit faire le chef de l\u2019\u00c9tat\u00a0?<\/strong><\/p>\n<p class=\"fig-paragraph\">Cette crise politique est d\u00e9solante\u00a0: chacun d\u00e9fend son int\u00e9r\u00eat &#8211;\u00a0soit son ambition personnelle, soit l\u2019int\u00e9r\u00eat de son parti\u00a0-, chacun trace des \u00ab\u00a0lignes rouges\u00a0\u00bb, chacun consid\u00e8re que ce sont les autres le probl\u00e8me. Nos concitoyens regardent ce spectacle inquiets et constern\u00e9s. Et cette consternation se traduit soit par de la col\u00e8re, soit par de l\u2019indiff\u00e9rence \u00e9c\u0153ur\u00e9e\u2026<\/p>\n<p class=\"fig-premium-paywall__infos\">\n        Cet article est r\u00e9serv\u00e9 aux abonn\u00e9s.        Il vous reste 93% \u00e0 d\u00e9couvrir.\n    <\/p>\n<p>                <img  data- alt=\"Le Figaro\" class=\"fig-img--complete fig-img\"\/><\/p>\n<p class=\"fig-premium-paywall__title\">J-100, Le Figaro f\u00eate ses 200 ans<\/p>\n<p class=\"fig-premium-paywall__subtitle\">Offre anniversaire : 2\u20ac\/mois pendant 200 semaines<\/p>\n<p class=\"fig-premium-paywall__connect\">\n                D\u00e9j\u00e0 abonn\u00e9\u00a0?                <a class=\"fig-premium-paywall__connect-link\" href=\"https:\/\/connect.lefigaro.fr\/login?client=horizon_web&amp;type=main&amp;redirect_uri=https%3A%2F%2Fwww.lefigaro.fr%2Fpolitique%2Fedouard-philippe-au-figaro-une-election-presidentielle-anticipee-garantirait-le-bien-de-l-etat-20251007\" data-js-gtm=\"{&quot;customCategorie&quot;: &quot;conversion&quot;, &quot;customAction&quot;: &quot;before_Landing_Connexion_paywall_auto&quot;, &quot;customLabel&quot;: &quot;bGVmaWdhcm8uZnJfXzFmMGEzOGFlLWRlNmEtNmQxMi05MGRiLTAxYjFiOGMwMDcyZV9fQXJ0aWNsZQ==_\u00c9douard Philippe au &lt;i&gt;Figaro&lt;\/i&gt;\u00a0:\u00a0\u00ab\u00a0Une \u00e9lection pr\u00e9sidentielle anticip\u00e9e garantirait le bien de l\u2019\u00c9tat\u00a0\u00bb_376&quot;, &quot;customIDSPE&quot;: &quot;bGVmaWdhcm8uZnJfXzFmMGEzOGFlLWRlNmEtNmQxMi05MGRiLTAxYjFiOGMwMDcyZV9fQXJ0aWNsZQ==&quot;, &quot;event&quot;: &quot;customEventSPE&quot;}\" target=\"_blank\" rel=\"noopener\"><br \/>\n                    Connectez-vous<br \/>\n                <\/a>\n            <\/p>\n","protected":false},"excerpt":{"rendered":"ENTRETIEN &#8211; Le candidat d\u2019Horizons \u00e0 l\u2019\u00e9lection pr\u00e9sidentielle propose \u00e0 Emmanuel Macron d\u2019organiser \u00ab\u00a0dignement\u00a0\u00bb sa d\u00e9mission pour \u00ab\u00a0sortir&hellip;\n","protected":false},"author":2,"featured_media":446080,"comment_status":"","ping_status":"","sticky":false,"template":"","format":"standard","meta":{"footnotes":""},"categories":[4],"tags":[11,13281,3080,11984,1011,27,12,25,11067],"class_list":{"0":"post-446079","1":"post","2":"type-post","3":"status-publish","4":"format-standard","5":"has-post-thumbnail","7":"category-france","8":"tag-actualites","9":"tag-dissolution-de-lassemblee-nationale","10":"tag-edouard-philippe","11":"tag-election-presidentielle","12":"tag-fr","13":"tag-france","14":"tag-news","15":"tag-republique-francaise","16":"tag-sebastien-lecornu"},"share_on_mastodon":{"url":"https:\/\/pubeurope.com\/@fr\/115335388553111587","error":""},"_links":{"self":[{"href":"https:\/\/www.europesays.com\/fr\/wp-json\/wp\/v2\/posts\/446079","targetHints":{"allow":["GET"]}}],"collection":[{"href":"https:\/\/www.europesays.com\/fr\/wp-json\/wp\/v2\/posts"}],"about":[{"href":"https:\/\/www.europesays.com\/fr\/wp-json\/wp\/v2\/types\/post"}],"author":[{"embeddable":true,"href":"https:\/\/www.europesays.com\/fr\/wp-json\/wp\/v2\/users\/2"}],"replies":[{"embeddable":true,"href":"https:\/\/www.europesays.com\/fr\/wp-json\/wp\/v2\/comments?post=446079"}],"version-history":[{"count":0,"href":"https:\/\/www.europesays.com\/fr\/wp-json\/wp\/v2\/posts\/446079\/revisions"}],"wp:featuredmedia":[{"embeddable":true,"href":"https:\/\/www.europesays.com\/fr\/wp-json\/wp\/v2\/media\/446080"}],"wp:attachment":[{"href":"https:\/\/www.europesays.com\/fr\/wp-json\/wp\/v2\/media?parent=446079"}],"wp:term":[{"taxonomy":"category","embeddable":true,"href":"https:\/\/www.europesays.com\/fr\/wp-json\/wp\/v2\/categories?post=446079"},{"taxonomy":"post_tag","embeddable":true,"href":"https:\/\/www.europesays.com\/fr\/wp-json\/wp\/v2\/tags?post=446079"}],"curies":[{"name":"wp","href":"https:\/\/api.w.org\/{rel}","templated":true}]}}