{"id":446083,"date":"2025-10-07T23:06:18","date_gmt":"2025-10-07T23:06:18","guid":{"rendered":"https:\/\/www.europesays.com\/fr\/446083\/"},"modified":"2025-10-07T23:06:18","modified_gmt":"2025-10-07T23:06:18","slug":"une-canalisation-arrachee-200-clients-prives-de-gaz","status":"publish","type":"post","link":"https:\/\/www.europesays.com\/fr\/446083\/","title":{"rendered":"une canalisation arrach\u00e9e, 200 clients priv\u00e9s de gaz"},"content":{"rendered":"\n<p>\u00c0 Saint-Etienne, 200 clients sont actuellement priv\u00e9s de gaz, \u00e0 la suite d\u2019une coupure de GRDF. La raison : un engin de chantier a arrach\u00e9 une canalisation, rue des alli\u00e9es, peu apr\u00e8s 13h30. Une personne a d\u00fb \u00eatre \u00e9vacu\u00e9e du secteur et un p\u00e9rim\u00e8tre de s\u00e9curit\u00e9 a \u00e9t\u00e9 mis en place.<\/p>\n<p>\u00c0 noter qu&rsquo;en cons\u00e9quence, une ligne de trolleybus de <a href=\"https:\/\/www.reseau-stas.fr\/fr\/infos-trafic\/17\/Disruption\" rel=\"noopener\" target=\"_blank\">la STAS<\/a> est momentan\u00e9ment \u00e0 l&rsquo;arr\u00eat.<\/p>\n","protected":false},"excerpt":{"rendered":"\u00c0 Saint-Etienne, 200 clients sont actuellement priv\u00e9s de gaz, \u00e0 la suite d\u2019une coupure de GRDF. La raison&hellip;\n","protected":false},"author":2,"featured_media":123655,"comment_status":"","ping_status":"","sticky":false,"template":"","format":"standard","meta":{"footnotes":""},"categories":[9653],"tags":[1111,11,2430,4107,647,893,1777,674,1011,27,843,30357,12,1311,24036,25,4001,7342,24434],"class_list":{"0":"post-446083","1":"post","2":"type-post","3":"status-publish","4":"format-standard","5":"has-post-thumbnail","7":"category-saint-etienne","8":"tag-actu","9":"tag-actualites","10":"tag-auvergne-rhone-alpes","11":"tag-chantier","12":"tag-clients","13":"tag-energie","14":"tag-eu","15":"tag-europe","16":"tag-fr","17":"tag-france","18":"tag-gaz","19":"tag-grdf","20":"tag-news","21":"tag-pompiers","22":"tag-prives","23":"tag-republique-francaise","24":"tag-saint-etienne","25":"tag-secours","26":"tag-stas"},"share_on_mastodon":{"url":"https:\/\/pubeurope.com\/@fr\/115335396333854787","error":""},"_links":{"self":[{"href":"https:\/\/www.europesays.com\/fr\/wp-json\/wp\/v2\/posts\/446083","targetHints":{"allow":["GET"]}}],"collection":[{"href":"https:\/\/www.europesays.com\/fr\/wp-json\/wp\/v2\/posts"}],"about":[{"href":"https:\/\/www.europesays.com\/fr\/wp-json\/wp\/v2\/types\/post"}],"author":[{"embeddable":true,"href":"https:\/\/www.europesays.com\/fr\/wp-json\/wp\/v2\/users\/2"}],"replies":[{"embeddable":true,"href":"https:\/\/www.europesays.com\/fr\/wp-json\/wp\/v2\/comments?post=446083"}],"version-history":[{"count":0,"href":"https:\/\/www.europesays.com\/fr\/wp-json\/wp\/v2\/posts\/446083\/revisions"}],"wp:featuredmedia":[{"embeddable":true,"href":"https:\/\/www.europesays.com\/fr\/wp-json\/wp\/v2\/media\/123655"}],"wp:attachment":[{"href":"https:\/\/www.europesays.com\/fr\/wp-json\/wp\/v2\/media?parent=446083"}],"wp:term":[{"taxonomy":"category","embeddable":true,"href":"https:\/\/www.europesays.com\/fr\/wp-json\/wp\/v2\/categories?post=446083"},{"taxonomy":"post_tag","embeddable":true,"href":"https:\/\/www.europesays.com\/fr\/wp-json\/wp\/v2\/tags?post=446083"}],"curies":[{"name":"wp","href":"https:\/\/api.w.org\/{rel}","templated":true}]}}